{"id":554803,"date":"2025-11-24T06:06:17","date_gmt":"2025-11-24T06:06:17","guid":{"rendered":"https:\/\/www.europesays.com\/fr\/554803\/"},"modified":"2025-11-24T06:06:17","modified_gmt":"2025-11-24T06:06:17","slug":"il-pouvait-nous-apporter-quelque-chose-pourquoi-le-coach-du-paris-fc-a-titularise-kevin-trapp-a-lille","status":"publish","type":"post","link":"https:\/\/www.europesays.com\/fr\/554803\/","title":{"rendered":"\u00ab\u00a0Il pouvait nous apporter quelque chose\u00a0\u00bb\u00a0: pourquoi le coach du Paris FC a titularis\u00e9 Kevin Trapp \u00e0 Lille"},"content":{"rendered":"<p class=\"paragraph text_align_left lp-f-body-02\">C\u2019\u00e9tait l\u2019une des surprises du onze de St\u00e9phane Gilli \u00e0 <a href=\"https:\/\/www.leparisien.fr\/sports\/football\/ligue-1\/lille-paris-fc-2-4-face-a-un-olivier-giroud-retrouve-les-parisiens-assommes-par-les-lillois-23-11-2025-2KD326SKFRCRXHSGAG6IXOY35Y.php\" target=\"_self\" rel=\"noopener\">Lille (d\u00e9faite 4-2). <\/a>Pour la troisi\u00e8me fois, Kevin Trapp \u00e9tait titulaire dans les buts du <a href=\"https:\/\/www.leparisien.fr\/sports\/football\/paris-fc\/\" target=\"_blank\" rel=\"noreferrer noopener\">Paris FC<\/a> \u00e0 la place d\u2019Obed Nkambadio. Le 31 ao\u00fbt contre Metz (3-2), le gardien international espoir \u00e9tait bless\u00e9 \u00e0 un tendon. \u00c0 Monaco, le 1er novembre (1-0), le coach parisien avait justifi\u00e9 la titularisation du gardien allemand par un turnover lors de ce troisi\u00e8me match en huit jours. Trapp avait d\u00e9gag\u00e9 beaucoup de calme et de s\u00e9r\u00e9nit\u00e9 lors de cette victoire. Mais Obed Nkambadio avait repris sa place la semaine d\u2019apr\u00e8s avant la tr\u00eave internationale contre Rennes (0-1).<\/p>\n<p class=\"paragraph text_align_left lp-f-body-02\">Pour ce match \u00e0 Lille, le staff du Paris FC a effectu\u00e9 un v\u00e9ritable choix. \u00ab J\u2019ai senti cette semaine que Kevin nous apportait plus de s\u00e9r\u00e9nit\u00e9 \u00bb, a expliqu\u00e9 St\u00e9phane Gilli au micro de Ligue 1 +. Avant de prolonger sa pens\u00e9e en conf\u00e9rence de presse : \u00ab <a href=\"https:\/\/www.leparisien.fr\/sports\/football\/il-ny-a-pas-eu-de-debat-nkambadio-va-redevenir-le-gardien-du-paris-fc-contre-rennes-06-11-2025-FX7GAUIUFZDRFDHQ2XBEYK2JQA.php\" target=\"_self\" rel=\"noopener\">Le choix du gardien, j\u2019en ai d\u00e9j\u00e0 parl\u00e9. <\/a>J\u2019avais dit que Kevin jouerait \u00e0 Monaco et que Obed jouerait contre Rennes, et qu\u2019apr\u00e8s, je verrai les d\u00e9cisions que je prendrai. Et ce soir (dimanche), je pensais que Kevin \u00e9tait plus \u00e0 m\u00eame de nous apporter quelque chose. J\u2019ai la chance d\u2019avoir deux tr\u00e8s bons gardiens. Apr\u00e8s c\u2019est un d\u00e9bat qu\u2019on pourrait avoir mais ce n\u2019est pas le soir. On parle souvent des attaquants, de la confiance et de temps en temps, on fait des choix en fonction de leurs caract\u00e9ristiques. Donc ce soir, j\u2019ai fait le choix de mettre Kevin. \u00bb<\/p>\n<p class=\"paragraph text_align_left lp-f-body-02\">S\u2019il a encaiss\u00e9 quatre buts (mais dont deux p\u00e9naltys) et qu\u2019il a fini par perdre son match dans le match avec Olivier Giroud qui a inscrit un doubl\u00e9, Trapp a longtemps retard\u00e9 l\u2019\u00e9ch\u00e9ance. Il a \u00e9t\u00e9 plusieurs fois d\u00e9cisif, notamment en premi\u00e8re p\u00e9riode, sur les tentatives de Perraud (17e), Giroud (23e, 41e) ou Igamane (45e). \u00ab Je regrette celle ou Felix (Correia) me fait un super centre (\u00e0 la 41e) et Kevin Trapp la sort \u00bb, souriait Olivier Giroud.<\/p>\n<p>Il pourrait \u00eatre reconduit contre Auxerre<\/p>\n<p class=\"paragraph text_align_left lp-f-body-02\">L\u2019ancien gardien du <a href=\"https:\/\/www.leparisien.fr\/sports\/football\/psg\/\" target=\"_blank\" rel=\"noreferrer noopener\">PSG<\/a> \u00e9tait, lui, forc\u00e9ment frustr\u00e9 malgr\u00e9 sa grosse prestation sur le plan personnel. \u00ab On a d\u00e9ploy\u00e9 beaucoup d\u2019efforts, expliquait-il au micro de Ligue 1 +. \u00c0 la fin, on prend un but sur p\u00e9nalty, et le troisi\u00e8me derri\u00e8re. \u00c7a a tu\u00e9 un peu le match. Mais on revient \u00e0 3-2. Il faut regarder si ce sont vraiment des p\u00e9nos ou pas. On est d\u00e9\u00e7us par rapport \u00e0 ce qu\u2019on a fait. Pour toute l\u2019\u00e9quipe c\u2019est compliqu\u00e9 quand tu prends quatre buts. J\u2019ai essay\u00e9 de faire le maximum, comme tout le monde. On perd le match sur trois coups de pied arr\u00eat\u00e9s, deux p\u00e9nos et un corner. C\u2019est dommage, on m\u00e9ritait plus. Mais on l\u2019a d\u00e9j\u00e0 dit tr\u00e8s souvent cette saison \u00bb,<\/p>\n<p class=\"paragraph text_align_left lp-f-body-02\">Ce match a peut-\u00eatre, malgr\u00e9 tout, marqu\u00e9 un tournant dans la r\u00e9flexion du staff parisien. Trapp a certainement marqu\u00e9 des points. Il pourrait donc \u00eatre reconduit samedi contre Auxerre lors d\u2019un match qui sera tr\u00e8s important pour le Paris FC qui doit vite engranger des points.<\/p>\n","protected":false},"excerpt":{"rendered":"C\u2019\u00e9tait l\u2019une des surprises du onze de St\u00e9phane Gilli \u00e0 Lille (d\u00e9faite 4-2). Pour la troisi\u00e8me fois, Kevin&hellip;\n","protected":false},"author":2,"featured_media":554804,"comment_status":"","ping_status":"","sticky":false,"template":"","format":"standard","meta":{"footnotes":""},"categories":[2815],"tags":[1111,11,1777,674,63,1011,27,811,66,1307,12,25,60],"class_list":{"0":"post-554803","1":"post","2":"type-post","3":"status-publish","4":"format-standard","5":"has-post-thumbnail","7":"category-lille","8":"tag-actu","9":"tag-actualites","10":"tag-eu","11":"tag-europe","12":"tag-football","13":"tag-fr","14":"tag-france","15":"tag-hauts-de-france","16":"tag-ligue-1","17":"tag-lille","18":"tag-news","19":"tag-republique-francaise","20":"tag-sports"},"share_on_mastodon":{"url":"https:\/\/pubeurope.com\/@fr\/115603176415714535","error":""},"_links":{"self":[{"href":"https:\/\/www.europesays.com\/fr\/wp-json\/wp\/v2\/posts\/554803","targetHints":{"allow":["GET"]}}],"collection":[{"href":"https:\/\/www.europesays.com\/fr\/wp-json\/wp\/v2\/posts"}],"about":[{"href":"https:\/\/www.europesays.com\/fr\/wp-json\/wp\/v2\/types\/post"}],"author":[{"embeddable":true,"href":"https:\/\/www.europesays.com\/fr\/wp-json\/wp\/v2\/users\/2"}],"replies":[{"embeddable":true,"href":"https:\/\/www.europesays.com\/fr\/wp-json\/wp\/v2\/comments?post=554803"}],"version-history":[{"count":0,"href":"https:\/\/www.europesays.com\/fr\/wp-json\/wp\/v2\/posts\/554803\/revisions"}],"wp:featuredmedia":[{"embeddable":true,"href":"https:\/\/www.europesays.com\/fr\/wp-json\/wp\/v2\/media\/554804"}],"wp:attachment":[{"href":"https:\/\/www.europesays.com\/fr\/wp-json\/wp\/v2\/media?parent=554803"}],"wp:term":[{"taxonomy":"category","embeddable":true,"href":"https:\/\/www.europesays.com\/fr\/wp-json\/wp\/v2\/categories?post=554803"},{"taxonomy":"post_tag","embeddable":true,"href":"https:\/\/www.europesays.com\/fr\/wp-json\/wp\/v2\/tags?post=554803"}],"curies":[{"name":"wp","href":"https:\/\/api.w.org\/{rel}","templated":true}]}}