{"id":554805,"date":"2025-11-24T06:07:13","date_gmt":"2025-11-24T06:07:13","guid":{"rendered":"https:\/\/www.europesays.com\/fr\/554805\/"},"modified":"2025-11-24T06:07:13","modified_gmt":"2025-11-24T06:07:13","slug":"mobilisation-populaire-pour-les-communes","status":"publish","type":"post","link":"https:\/\/www.europesays.com\/fr\/554805\/","title":{"rendered":"\u00ab Mobilisation populaire \u00bb pour les communes"},"content":{"rendered":"\n<p>\u00ab\u00a0Communes en danger, services publics menac\u00e9s : en 2026, mobilisons-nous pour la solidarit\u00e9 !\u00a0\u00bb Dans une r\u00e9solution adopt\u00e9e ce week-end \u00e0 Marseille, le Conseil national du Parti communiste fran\u00e7ais d\u00e9nonce \u00ab\u00a0la mise sous tutelle et l\u2019abandon\u00a0\u00bb que les collectivit\u00e9s locales subissent de la part de l\u2019\u00c9tat : \u00ab\u00a0\u00c0 l\u2019heure o\u00f9 \u00ab\u00a0un grand acte de d\u00e9centralisation\u00a0\u00bb est avanc\u00e9, nous affirmons que toute nouvelle \u00e9tape de d\u00e9centralisation doit se faire dans le respect des principes d\u2019unit\u00e9 et d\u2019indivisibilit\u00e9 de la R\u00e9publique\u00a0\u00bb<\/p>\n<p>Alors que \u00ab\u00a0l\u2019inacceptable budget 2026\u00a0\u00bb pr\u00e9voit une baisse de 8\u00a0milliards d\u2019euros, pris aux collectivit\u00e9s apr\u00e8s les 5\u00a0milliards de 2025, la direction du parti d\u00e9plore \u00ab\u00a0un hold-up sur nos vies quotidiennes\u00a0\u00bb, rappelant qu\u2019en 20 ans, le d\u00e9sengagement de l\u2019\u00c9tat repr\u00e9sente 82\u00a0milliards, essentiellement pris aux communes. Une \u00ab\u00a0cure d\u2019aust\u00e9rit\u00e9\u00a0\u00bb d\u2019autant plus inacceptable qu\u2019en parall\u00e8le, \u00ab\u00a0des milliards sont budg\u00e9tis\u00e9s pour la course \u00e0 la guerre et les profits des marchands d\u2019armes\u00a0\u00bb, poursuit le texte pointant \u00e0 nouveau les propos tenus au Congr\u00e8s des maires par le Chef d\u2019\u00c9tat-Major des Arm\u00e9es.<\/p>\n<p>Consid\u00e9rant que \u00ab\u00a0l\u2019argent existe\u00a0\u00bb, les communistes appellent, contrairement \u00e0 la droite et extr\u00eame droite qui \u00ab\u00a0ont fait le choix du capital et des plus fortun\u00e9s\u00a0\u00bb, \u00e0 la mobilisation la plus large contre ces choix budg\u00e9taires et demandent la cr\u00e9ation pour les collectivit\u00e9s territoriales d\u2019un \u00ab\u00a0fonds d\u2019avances pour les services publics \u2013 100\u00a0milliards d\u00e8s 2026 \u2013 financ\u00e9 par la Caisse des D\u00e9p\u00f4ts et consignations\u00a0\u00bb.<\/p>\n<p>\u00c0 la veille des \u00e9lections pr\u00e9sidentielle et l\u00e9gislatives de 2027, le texte invite \u00e0 porter lors des \u00e9lections municipales les 200 propositions des \u00ab\u00a0Contributions des communistes aux projets municipaux des villages et villes pour 2026\u00a0\u00bb visant \u00e0 mettre en \u0153uvre la d\u00e9mocratie participative, l\u2019\u00e9galit\u00e9 femmes-hommes, la construction de logements, la lutte contre les d\u00e9serts m\u00e9dicaux, la s\u00e9curit\u00e9 avec une police de proximit\u00e9, la gratuit\u00e9 des transports, la gestion publique de l\u2019eau et des d\u00e9chets, les politiques de solidarit\u00e9 etc. \u00ab\u00a0Plus d\u2019\u00e9lu\u00b7es et de maires communistes, et une intervention populaire durable pour porter des avanc\u00e9es, c\u2019est une gauche plus forte, \u00e0 l\u2019offensive pour d\u00e9fendre la commune et les services publics\u00a0\u00bb, mart\u00e8le la r\u00e9solution. \u00ab\u00a0\u00c0 quatre mois du premier tour, dans beaucoup de villes et villages nous sommes d\u2019ores et d\u00e9j\u00e0 rassembl\u00e9s et en campagne. Dans les autres communes, nous tendons la main \u00e0 toutes celles et ceux qui veulent construire avec nous les rassemblements qui permettront de l\u2019emporter.\u00a0\u00bb Et de conclure, \u00ab en 2026, ensemble, faisons des \u00e9lections municipales un moment de mobilisation populaire pour de nouvelles avanc\u00e9es sociales, \u00e9cologiques, d\u00e9mocratiques et pour l\u2019\u00e9galit\u00e9 des territoires\u00a0!\u00a0\u00bb<\/p>\n","protected":false},"excerpt":{"rendered":"\u00ab\u00a0Communes en danger, services publics menac\u00e9s : en 2026, mobilisons-nous pour la solidarit\u00e9 !\u00a0\u00bb Dans une r\u00e9solution adopt\u00e9e&hellip;\n","protected":false},"author":2,"featured_media":554806,"comment_status":"","ping_status":"","sticky":false,"template":"","format":"standard","meta":{"footnotes":""},"categories":[2814],"tags":[1111,11,1777,674,1011,27,884,12,882,25,40341],"class_list":{"0":"post-554805","1":"post","2":"type-post","3":"status-publish","4":"format-standard","5":"has-post-thumbnail","7":"category-marseille","8":"tag-actu","9":"tag-actualites","10":"tag-eu","11":"tag-europe","12":"tag-fr","13":"tag-france","14":"tag-marseille","15":"tag-news","16":"tag-provence-alpes-cote-dazur","17":"tag-republique-francaise","18":"tag-resolution"},"share_on_mastodon":{"url":"https:\/\/pubeurope.com\/@fr\/115603180339113838","error":""},"_links":{"self":[{"href":"https:\/\/www.europesays.com\/fr\/wp-json\/wp\/v2\/posts\/554805","targetHints":{"allow":["GET"]}}],"collection":[{"href":"https:\/\/www.europesays.com\/fr\/wp-json\/wp\/v2\/posts"}],"about":[{"href":"https:\/\/www.europesays.com\/fr\/wp-json\/wp\/v2\/types\/post"}],"author":[{"embeddable":true,"href":"https:\/\/www.europesays.com\/fr\/wp-json\/wp\/v2\/users\/2"}],"replies":[{"embeddable":true,"href":"https:\/\/www.europesays.com\/fr\/wp-json\/wp\/v2\/comments?post=554805"}],"version-history":[{"count":0,"href":"https:\/\/www.europesays.com\/fr\/wp-json\/wp\/v2\/posts\/554805\/revisions"}],"wp:featuredmedia":[{"embeddable":true,"href":"https:\/\/www.europesays.com\/fr\/wp-json\/wp\/v2\/media\/554806"}],"wp:attachment":[{"href":"https:\/\/www.europesays.com\/fr\/wp-json\/wp\/v2\/media?parent=554805"}],"wp:term":[{"taxonomy":"category","embeddable":true,"href":"https:\/\/www.europesays.com\/fr\/wp-json\/wp\/v2\/categories?post=554805"},{"taxonomy":"post_tag","embeddable":true,"href":"https:\/\/www.europesays.com\/fr\/wp-json\/wp\/v2\/tags?post=554805"}],"curies":[{"name":"wp","href":"https:\/\/api.w.org\/{rel}","templated":true}]}}