{"id":554807,"date":"2025-11-24T06:08:12","date_gmt":"2025-11-24T06:08:12","guid":{"rendered":"https:\/\/www.europesays.com\/fr\/554807\/"},"modified":"2025-11-24T06:08:12","modified_gmt":"2025-11-24T06:08:12","slug":"jai-peur-pour-ma-vie-des-travailleurs-sociaux-de-marseille-menaces-de-mort-par-les-dealers","status":"publish","type":"post","link":"https:\/\/www.europesays.com\/fr\/554807\/","title":{"rendered":"\u00ab\u00a0J&rsquo;ai peur pour ma vie\u00a0\u00bb, des travailleurs sociaux de Marseille menac\u00e9s de mort par les dealers"},"content":{"rendered":"<p>Menac\u00e9s par les narcotrafiquants du quartier des Flamants, \u00e0 Marseille, des travailleurs sociaux refusent de r\u00e9int\u00e9grer leurs locaux. Trois d&rsquo;entre eux t\u00e9moignent sur RMC, ce lundi 24 novembre.<\/p>\n<p>Un environnement de travail dangereux. Une cinquantaine d\u2019agents de la Maison d\u00e9partementale des Solidarit\u00e9s du 14e arrondissement de Marseille refuse, depuis une semaine, de r\u00e9int\u00e9grer leurs locaux situ\u00e9s dans la cit\u00e9 des Flamants. Ces travailleurs sociaux sont terroris\u00e9s par <a href=\"https:\/\/rmc.bfmtv.com\/actualites\/police-justice\/une-vigilance-toute-particuliere-un-narcotrafiquant-obtient-une-permission-de-sortie-de-prison-sans-escorte_AV-202511240106.html\" title=\"&quot;Une vigilance toute particuli\u00e8re&quot;: un narcotrafiquant obtient une permission de sortie de prison sans escorte\" class=\"internal_link\" target=\"_blank\" rel=\"noopener\">les menaces des dealers<\/a>.<\/p>\n<p>Ces assistantes sociales de quartier et agents de la Protection de l&rsquo;enfance d\u00e9noncent des intimidations de la part des narcotrafiquants de la cit\u00e9. Ils demandent la d\u00e9localisation de leur antenne dans un autre lieu.<\/p>\n<p>Les intimidations commencent d\u00e8s les barrages filtrants que les narcotrafiquants ont install\u00e9 \u00e0 l&rsquo;entr\u00e9e du quartier. \u00ab\u00a0On est oblig\u00e9 de slalomer les conteneurs et autres qui bouchent la route, et on est menac\u00e9 par les guetteurs quand on essaye de se frayer un chemin. On d\u00e9range le r\u00e9seau en quelque sorte\u00a0\u00bb, explique une travailleuse sociale sur <a href=\"https:\/\/rmc.bfmtv.com\/\" target=\"_blank\" class=\"external_link\" rel=\"noopener\">RMC<\/a>.<\/p>\n<p>Des menaces de mort<\/p>\n<p>Ces menaces sont tr\u00e8s explicites comme le d\u00e9taille l\u2019une de ses coll\u00e8gues: \u00ab\u00a0&lsquo;Bouge, je vais te tuer, je te connais. Bouge de l\u00e0 ou je vais t&rsquo;en tirer une. D\u00e9gage&rsquo;. J&rsquo;ai peur pour ma vie. On demande \u00e0 \u00eatre prot\u00e9g\u00e9. Moi, j&rsquo;en appelle \u00e0 l&rsquo;\u00c9tat et j&rsquo;en appelle \u00e0 mon d\u00e9partement.\u00a0\u00bb<\/p>\n<p>Ces travailleurs sociaux ont d\u00e9j\u00e0 tir\u00e9 plusieurs fois la sonnette d\u2019alarme. Ce qui n\u2019a pas plu aux dealers qui sont all\u00e9s directement s\u2019en prendre \u00e0 leur directrice. \u00ab\u00a0Il y a des jeunes qui sont entr\u00e9s et qui lui ont dit: &lsquo;Si vos agents continuent \u00e0 faire du bruit, \u00e0 parler, on va venir avec des fleurs, mais ce ne sera pas des fleurs pour la gentillesse&rsquo;. Vous comprenez le message. C&rsquo;est une menace de mort l\u00e0.\u00a0\u00bb<\/p>\n<p>Ces agents, n\u2019ont pas \u00e9t\u00e9 jusqu&rsquo;ici rassur\u00e9s par les propositions du Conseil d\u00e9partemental pour am\u00e9liorer leur s\u00e9curit\u00e9. Une nouvelle r\u00e9union pour tenter de trouver une solution devrait avoir lieu cette semaine.<\/p>\n","protected":false},"excerpt":{"rendered":"Menac\u00e9s par les narcotrafiquants du quartier des Flamants, \u00e0 Marseille, des travailleurs sociaux refusent de r\u00e9int\u00e9grer leurs locaux.&hellip;\n","protected":false},"author":2,"featured_media":554808,"comment_status":"","ping_status":"","sticky":false,"template":"","format":"standard","meta":{"footnotes":""},"categories":[2814],"tags":[1111,11,1777,674,1011,27,884,12,882,25],"class_list":{"0":"post-554807","1":"post","2":"type-post","3":"status-publish","4":"format-standard","5":"has-post-thumbnail","7":"category-marseille","8":"tag-actu","9":"tag-actualites","10":"tag-eu","11":"tag-europe","12":"tag-fr","13":"tag-france","14":"tag-marseille","15":"tag-news","16":"tag-provence-alpes-cote-dazur","17":"tag-republique-francaise"},"share_on_mastodon":{"url":"https:\/\/pubeurope.com\/@fr\/115603184344397835","error":""},"_links":{"self":[{"href":"https:\/\/www.europesays.com\/fr\/wp-json\/wp\/v2\/posts\/554807","targetHints":{"allow":["GET"]}}],"collection":[{"href":"https:\/\/www.europesays.com\/fr\/wp-json\/wp\/v2\/posts"}],"about":[{"href":"https:\/\/www.europesays.com\/fr\/wp-json\/wp\/v2\/types\/post"}],"author":[{"embeddable":true,"href":"https:\/\/www.europesays.com\/fr\/wp-json\/wp\/v2\/users\/2"}],"replies":[{"embeddable":true,"href":"https:\/\/www.europesays.com\/fr\/wp-json\/wp\/v2\/comments?post=554807"}],"version-history":[{"count":0,"href":"https:\/\/www.europesays.com\/fr\/wp-json\/wp\/v2\/posts\/554807\/revisions"}],"wp:featuredmedia":[{"embeddable":true,"href":"https:\/\/www.europesays.com\/fr\/wp-json\/wp\/v2\/media\/554808"}],"wp:attachment":[{"href":"https:\/\/www.europesays.com\/fr\/wp-json\/wp\/v2\/media?parent=554807"}],"wp:term":[{"taxonomy":"category","embeddable":true,"href":"https:\/\/www.europesays.com\/fr\/wp-json\/wp\/v2\/categories?post=554807"},{"taxonomy":"post_tag","embeddable":true,"href":"https:\/\/www.europesays.com\/fr\/wp-json\/wp\/v2\/tags?post=554807"}],"curies":[{"name":"wp","href":"https:\/\/api.w.org\/{rel}","templated":true}]}}