{"id":554809,"date":"2025-11-24T06:09:20","date_gmt":"2025-11-24T06:09:20","guid":{"rendered":"https:\/\/www.europesays.com\/fr\/554809\/"},"modified":"2025-11-24T06:09:20","modified_gmt":"2025-11-24T06:09:20","slug":"lyon-qui-sont-les-100-soutiens-de-lecologiste-bruno-bernard","status":"publish","type":"post","link":"https:\/\/www.europesays.com\/fr\/554809\/","title":{"rendered":"Lyon. Qui sont les 100 soutiens de l\u2019\u00e9cologiste Bruno Bernard ? &#8211;"},"content":{"rendered":"<p><strong>Texte\u00a0: Marco Polisson \u2013<\/strong> \u00ab\u00a0Ne nous quitte pas\u2026\u00a0\u00bb Le pr\u00e9sident \u00e9cologiste de la M\u00e9tropole veut nous faire croire que sa candidature est esp\u00e9r\u00e9e avec ferveur par les Grands Lyonnais. On a donc eu droit jeudi dernier \u00e0 l\u2019appel du 20 novembre 2025. Pas s\u00fbr qu\u2019il reste dans l\u2019Histoire\u2026<\/p>\n<p>Un attelage de comp\u00e9tition. En d\u00e9couvrant la liste des 100 personnes ayant sign\u00e9 l\u2019Appel des citoyens pour la candidature de Bruno Bernard, nous n\u2019avons pu nous emp\u00eacher de sourire. Les \u00e9cologistes tentent bien maladroitement de nous refaire le coup de <strong>Georges-Marc Benamou<\/strong> avec <strong>Fran\u00e7ois Mitterrand<\/strong> dans le magazine Globe en 1987. En beaucoup moins glamour.<\/p>\n<p><strong>Apr\u00e8s 6 ans de gal\u00e8re, pourquoi ne pas en rajouter 6 autres\u00a0? <\/strong><\/p>\n<p>Leur leitmotiv\u00a0? \u00ab\u00a0Face aux divisions, aux attaques incessantes et \u00e0 la mont\u00e9e des droites r\u00e9actionnaires, nous appelons \u00e0 un sursaut citoyen et progressiste. <strong>Il faut aller plus loin<\/strong>. Les tensions sociales grandissent, le co\u00fbt de la vie p\u00e8se sur les familles, les fortes chaleurs et la pollution nuisent \u00e0 notre sant\u00e9, et beaucoup d\u2019habitantes et d\u2019habitants attendent une action publique encore plus proche, plus simple, plus concr\u00e8te\u00a0\u00bb.<\/p>\n<p><img loading=\"lazy\" decoding=\"async\" aria-describedby=\"caption-attachment-166933\" class=\"size-full wp-image-166933\" src=\"data:image\/svg+xml,%3Csvg%20xmlns=\" http:=\"\" alt=\"\" width=\"900\" height=\"599\" data-lazy- data-lazy- data-lazy-src=\"https:\/\/www.europesays.com\/fr\/wp-content\/uploads\/2025\/11\/03_MEDEF-2025_AM-copie.jpg\"\/><\/p>\n<p id=\"caption-attachment-166933\" class=\"wp-caption-text\">V\u0153ux du MEDEF 2025. Gr\u00e9gory Doucet et Bruno Bernard n\u2019ont jamais r\u00e9ussi \u00e0 rallier les patrons, artisans, commer\u00e7ants\u2026 \u00e0 leur politique de d\u00e9croissance et de saccage du territoire.<\/p>\n<p>Qui a sign\u00e9 cet appel\u00a0\u00e0 un double mandat d\u00e9vastateur ? Un inventaire d\u00e9sordonn\u00e9 et iconoclaste \u00ab\u00a0de citoyens et citoyennes\u00a0\u00bb, r\u00e9unissant dans un m\u00eame \u00ab\u00a0\u00e9lan\u00a0\u00bb toute la faune \u00e9colo-gauchiste de la M\u00e9tropole de Lyon\u00a0: syndicalistes, fonctionnaires, agriculteurs bio, militants anti-prison, enseignants de Lyon II\u2026 ceux-l\u00e0 m\u00eame qui ont fait de la r\u00e9volution past\u00e8que leur raison de vivre.<\/p>\n<p><strong>A leurs c\u00f4t\u00e9s, un quarteron d\u2019anciens \u00e9lus f\u00e9lons<\/strong><\/p>\n<p>Biberonn\u00e9s \u00e0 la politique, abreuv\u00e9s au syst\u00e8me. A leur t\u00eate, le socialiste <strong>David Kimelfeld<\/strong> \u2013 dit Kim le rouge \u2013 fait pr\u00e9sident de la M\u00e9tropole de Lyon par <strong>G\u00e9rard Collomb<\/strong>, qu\u2019il va s\u2019employer \u00e0 trahir d\u00e8s son retour \u00e0 Lyon en 2018, entrainant la d\u00e9faite son ex-mentor deux ans plus tard. N\u2019ayant pu constituer une liste \u00e0 son nom, le voil\u00e0 donc parmi les soutiens de\u2026 son opposant Bruno Bernard qu\u2019il a (mollement) combattu depuis 6 ans.<\/p>\n<p>Nul ne sera \u00e9tonn\u00e9 de retrouver \u00e0 ses c\u00f4t\u00e9s <strong>Thierry Philip<\/strong>, le b\u00e9tonneur de Montchat. <a href=\"https:\/\/www.lyonpeople.com\/politique\/municipales-lyon-2020-le-betonneur-de-montchat-thierry-philip-rallie-les-verts-2020-06-25.html\" target=\"_blank\" rel=\"noopener\"><strong>Lui aussi traitre honni de la Collombie<\/strong><\/a> puisqu\u2019il appelle \u00e0 voter en 2020 pour les listes \u00e9cologistes au nez et \u00e0 la barbe de G\u00e9rard Collomb qui lui a tout donn\u00e9. \u00ab\u00a0On pourrait croire \u00e0 un gag\u00a0! Le maire d\u2019arrondissement le plus b\u00e9tonneur de Lyon est accueilli \u00e0 bras ouverts dans le camp de ceux qui sont cens\u00e9s d\u00e9fendre et prot\u00e9ger la nature et l\u2019environnement.\u00a0\u00bb \u00e9crivais-je \u00e0 l\u2019\u00e9poque.<\/p>\n<p><strong>Finalement que du tr\u00e8s convenu, \u00e0 une exception pr\u00e8s<\/strong><\/p>\n<p>Dans un terreau entrepreneurial aussi riche, au sein d\u2019une m\u00e9tropole de 1 500 000 personnes, cette liste fam\u00e9lique est le juste reflet de la sociologie \u00e9colo et de la d\u00e9connexion des Verts LFI avec les acteurs du monde \u00e9conomique. Aimant se pr\u00e9senter comme chef d\u2019entreprise (<a href=\"https:\/\/www.lyonpeople.com\/les-rumeurs\/le-magot-de-bruno-bernard-que-fait-le-candidat-ecologiste-de-ses-millions-2020-06-26.html\" target=\"_blank\" rel=\"noopener\"><strong>son parcours de fils \u00e0 papa est \u00e0 d\u00e9couvrir ici<\/strong><\/a>), Bruno Bernard n\u2019a jamais r\u00e9ussi \u00e0 rallier les patrons, artisans, commer\u00e7ants\u2026 \u00e0 sa politique de d\u00e9croissance et de saccage du territoire.<\/p>\n<p><img loading=\"lazy\" decoding=\"async\" aria-describedby=\"caption-attachment-166936\" class=\"size-full wp-image-166936\" src=\"data:image\/svg+xml,%3Csvg%20xmlns=\" http:=\"\" alt=\"\" width=\"900\" height=\"804\" data-lazy- data-lazy- data-lazy-src=\"https:\/\/www.europesays.com\/fr\/wp-content\/uploads\/2025\/11\/Roland-Bernard-demission.jpg\"\/><\/p>\n<p id=\"caption-attachment-166936\" class=\"wp-caption-text\">Jusqu\u2019en juillet 2024, Roland Bernard a \u00e9t\u00e9 l\u2019adjoint \u00e0 l\u2019urbanisme de Pierre Oliver \u2013 Photo Mairie Lyon 2<\/p>\n<p>Seule vraie incompr\u00e9hension, la pr\u00e9sence de l\u2019h\u00f4telier <strong>Roland Bernard<\/strong>, adjoint et soutien du Maire de Lyon 2 <strong>Pierre Oliver<\/strong> (LR) dans cette mandature\u2026 La pr\u00e9sence du meilleur ami de G\u00e9rard Collomb dans le m\u00eame wagon que son ennemi <strong>David Kimelfeld<\/strong> a choqu\u00e9 tous les proches de l\u2019ancien maire, pour la plupart tr\u00e8s engag\u00e9s contre la d\u00e9cadence et le blocage de la m\u00e9tropole op\u00e9r\u00e9s depuis 6 ans.<\/p>\n<p>Cette d\u00e9cision \u2013 irrationnelle sur le plan politique mais r\u00e9sultante des liens d\u2019amiti\u00e9 qui unissent depuis des d\u00e9cennies les 2 familles Bernard \u2013 ne nous emp\u00eache pas de lui renouveler toute notre affection. Forza cher Roland, on vous aime quand m\u00eame.<\/p>\n<p><strong>COMITE DE SOUTIEN BRUNO BERNARD 2026<\/strong><\/p>\n<p><strong>Alain Alexanian<\/strong><br \/>Chef de cuisine et cr\u00e9ateur d\u2019une marque de th\u00e9s et d\u2019infusions \u2013 Lyon 3<\/p>\n<p><strong>Oubeidillah Athoumani<\/strong><br \/>Conducteur TCL \u2013 Villeurbanne<\/p>\n<p><strong>Lucie Bardalou<\/strong><br \/>Responsable client\u00e8le d\u2019une entreprise de cartographie \u2013 Oullins-Pierre-B\u00e9nite<\/p>\n<p><strong>Christine Baud<\/strong><br \/>Retrait\u00e9e de la SNCF \u2013 La Mulati\u00e8re<\/p>\n<p><strong>Roland Bernard<\/strong><br \/>Ancien h\u00f4telier et ancien vice-pr\u00e9sident PS du Grand Lyon<\/p>\n<p><strong>Bruno Bizot<\/strong><br \/>Cadre secteur du social \u2013 Lyon 3<\/p>\n<p><strong>Annouck Blanchouin<\/strong><br \/>Pr\u00e9sidente Fondatrice de la friperie Pastel \u2013 Lyon 7<\/p>\n<p><strong>David Bolito<\/strong><br \/>DJ et patron de la galerie Blitz \u2013 Lyon<\/p>\n<p><strong>Bernard Bolze<\/strong><br \/>Militant de la condition carc\u00e9rale \u2013 Lyon 1er<\/p>\n<p><strong>Kheira Boukralfa<\/strong><br \/>Responsable logement d\u2019une association de solidarit\u00e9 \u2013 Lyon<\/p>\n<p><strong>Verena Bourbia<\/strong><br \/>Consultante en urbanisme commercial \u2013 Villeurbanne<\/p>\n<p><strong>V\u00e9ronique Boutonnat<\/strong><br \/>Pr\u00e9sidente d\u2019AMAP \u2013 Couzon-au-Mont-d\u2019Or<\/p>\n<p><strong>Philippe Bouvard<\/strong><br \/>Militant syndicaliste \u2013 Oullins-Pierre-B\u00e9nite<\/p>\n<p><strong>Amandine Brugi\u00e8re<\/strong><br \/>Responsable \u00e0 l\u2019Agence nationale des conditions de travail \u2013 Lyon 3<\/p>\n<p><strong>Alice Burgui\u00e8re<\/strong><br \/>Musicienne \u2013 Grigny-sur-Rh\u00f4ne<\/p>\n<p><strong>Sandra Buteau-Besle<\/strong><br \/>Co-pr\u00e9sidente d\u00e9partementale d\u2019une association de parents d\u2019\u00e9l\u00e8ve \u2013 Lyon 5<\/p>\n<p><strong>Pascal Carr\u00e9<\/strong><br \/>Promoteur immobilier Woodeum x PitchImmo \u2013 Lyon 5<\/p>\n<p><strong>Vincent Carry<\/strong><br \/>Directeur g\u00e9n\u00e9ral Arty Farty \u2013 Nuits sonores<\/p>\n<p><strong>Marie Castets<\/strong><br \/>Chercheuse au Centre L\u00e9on B\u00e9rard \u2013 Bron<\/p>\n<p><strong>Valentine Cellier<\/strong><br \/>Directrice d\u2019une \u00e9cole primaire publique \u2013 Lyon 7<\/p>\n<p><strong>K\u00e9vin Cetin<\/strong><br \/>Pr\u00e9sident du caf\u00e9-restaurant \u00ab\u00a0Le Petit Bouclard\u00a0\u00bb<br \/>Lyon 3<\/p>\n<p><strong>Salom\u00e9 Charpentier<\/strong><br \/>Etudiante \u2013 Lyon 7<\/p>\n<p><strong>Pierrette Chevrot-Mazzocco<\/strong><br \/>Educatrice sp\u00e9cialis\u00e9e retrait\u00e9e et responsable associative \u2013 Givors<\/p>\n<p><strong>Mathieu Combet<\/strong><br \/>Ma\u00eetre de conf\u00e9rences en droit priv\u00e9 \u2013 Lyon 8<\/p>\n<p><strong>Olivier Conrad<\/strong><br \/>Auto-entrepreneur dans les \u00e9nergies renouvelables\u00a0: Sollys<\/p>\n<p><strong>Claude Cordier<\/strong><br \/>Journaliste retrait\u00e9 Radio France \u2013 Lyon 3<\/p>\n<p><strong>Anne Couillaud<\/strong><br \/>Designer en agence de design et de conseil en innovation \u2013 Lyon 9<\/p>\n<p><strong>Vincent Cunin<\/strong><br \/>Chef de service adjoint hospitalier \u2013 Bron<\/p>\n<p><strong>Stephane Dahan<\/strong><br \/>Dirigeant d\u2019un club de fitness \u2013 Lyon 4<\/p>\n<p><strong>Syham De Abreu<\/strong><br \/>Agent territorial \u2013 Feyzin<\/p>\n<p><strong>Jacques De Chilly<\/strong><br \/>Ancien directeur de l\u2019agence de d\u00e9veloppement lyonnaise \u2013 Lyon 6<\/p>\n<p><strong>Laurent Defarge<\/strong><br \/>Chef d\u2019\u00e9quipe hospitalier \u2013 Sathonay-Camp<\/p>\n<p><strong>Maurice Deffrennes<\/strong><br \/>Directeur d\u2019une coop\u00e9rative agricole locale \u2013 Saint-Germain-au-Mont-d\u2019Or<\/p>\n<p><strong>Lucile Delorme<\/strong><br \/>Mara\u00eech\u00e8re Francheville<\/p>\n<p><strong>Isabelle Demilly<\/strong><br \/>Consultante Villeurbanne<\/p>\n<p><strong>Thibaut Desjonqueres<\/strong><br \/>Vice-Pr\u00e9sident d\u2019un club de handball \u2013 Marcy-l\u2019Etoile<\/p>\n<p><strong>Manon Doyelle<\/strong><br \/>Ancienne parathl\u00e8te et directrice d\u2019un fonds de dotation \u2013 Bron<\/p>\n<p><strong>Aude Eglo<\/strong><br \/>Auxilliaire de vie \u2013 Lyon 5<\/p>\n<p><strong>Michel Essertier<\/strong><br \/>Architecte et directeur d\u2019agence \u2013 Lyon 3<\/p>\n<p><strong>Fabien Fayard<\/strong><br \/>Directeur g\u00e9n\u00e9ral d\u2019un fabricant de robinetterie industrielle TECOFI \u00e0 Corbas<br \/>Juge au tribunal de commerce<\/p>\n<p><strong>Andr\u00e9 Gachet<\/strong><br \/>Responsable associatif ALPIL<br \/>Ancien conseiller du 1er et conseiller de la M\u00e9tropole de Lyon<\/p>\n<p><strong>Nordine Ghrib<\/strong><br \/>Ancien coach de l\u2019ASVEL \u2013 Villeurbanne<\/p>\n<p><strong>Pascale Ana\u00ef\u00efde Gostanian<\/strong><br \/>Enseignante retrait\u00e9e \u2013 Villeurbanne<\/p>\n<p><strong>Michel Granger<\/strong><br \/>Professeur honoraire des universit\u00e9s \u2013 Lyon<\/p>\n<p><strong>Marie-Aleth Grard<\/strong><br \/>Ancienne responsable associatif \u2013 Villeurbanne<\/p>\n<p><strong>David Guio-Ohana<\/strong><br \/>Auto-entrepreneur dans le B\u00e2timent et Travaux Publics<br \/>Vice-Pr\u00e9sident f\u00e9d\u00e9ration COBATY<\/p>\n<p><strong>Zoria Hafsa<\/strong><br \/>Responsable micro entreprise de formation d\u2019adultes en s\u00e9curit\u00e9 routi\u00e8re \u2013 Lyon 7<\/p>\n<p><strong>Olivier Hamant<\/strong><br \/>Directeur de l\u2019Institut Michel Serres \u2013 Lyon 3<\/p>\n<p><strong>Julien Hannequau<\/strong><br \/>Architecte \u2013 Poleymieux<\/p>\n<p><strong>Thibault Herreman<\/strong><br \/>Mara\u00eecher \u2013 Curis<\/p>\n<p><strong>Philippe Imbert<\/strong><br \/>Directeur associatif \u2013 Fontaines-Saint-Martin<\/p>\n<p><strong>Pauline Janin<\/strong><br \/>Dirigeante de la foodtech Chiche \u2013 Neuville-sur-Sa\u00f4ne<\/p>\n<p><strong>Pablo Jensen<\/strong><br \/>Chercheur \u2013 Lyon 1<\/p>\n<p><strong>Jean-Charles Jocteur<\/strong><br \/>Agriculteur c\u00e9r\u00e9alier \u2013 Corbas<\/p>\n<p><strong>Julien Journet<\/strong><br \/>Pilote de ligne \u2013 Craponne<\/p>\n<p><strong>Fran\u00e7ois Journy<\/strong><br \/>Fondateur et dirigeant de Politeia conseil<br \/>Lyon<\/p>\n<p><strong>Sophie Jullian<\/strong><br \/>Pr\u00e9sidente de CPE Lyon, pr\u00e9sidente du Conseil de surveillance d\u2019une agence nationale environnementale \u2013 Lyon 7<\/p>\n<p><strong>Elisabeth Kern<\/strong><br \/>Cheffe de projets \u00e0 la SPL Lyon Confluence \u2013 Caluire-et-Cuire<\/p>\n<p><strong>David Kimelfeld<\/strong><br \/>Ancien Pr\u00e9sident de la M\u00e9tropole de Lyon \u2013 Lyon 4<\/p>\n<p><strong>Olivier Leculier<\/strong><br \/>Contr\u00f4leur de gestion dans le secteur culturel \u2013 Caluire-et-Cuire<\/p>\n<p><strong>Isabelle Lorenzo<\/strong><br \/>Coordinatrice et co-fondatrice de l\u2019association Lalouma \u2013 Lyon 1<\/p>\n<p><strong>Mich\u00e8le Losson<\/strong><br \/>Psychiatre retrait\u00e9e du Centre hospitalier sp\u00e9cialis\u00e9 du Vinatier \u2013 Sainte-Foy-l\u00e8s-Lyon<\/p>\n<p><strong>Saadya Louahi<\/strong><br \/>Responsable RH \u2013 Saint-Fons<\/p>\n<p><strong>Antoine Lozachmeur<\/strong><br \/>Chef de projet dans une soci\u00e9t\u00e9 de conseil en efficacit\u00e9 \u00e9nerg\u00e9tique \u2013 Albigny-sur-Sa\u00f4ne<\/p>\n<p><strong>Michel Lussault<\/strong><br \/>Professeur des universit\u00e9s et g\u00e9ographe \u2013 Villeurbanne<\/p>\n<p><strong>Philippe Meirieu<\/strong><br \/>P\u00e9dagogue et professeur honoraire \u00e0 l\u2019universit\u00e9 Lyon II<\/p>\n<p><strong>Jane Meuke<\/strong><br \/>Fondatrice et pr\u00e9sidente d\u2019Action visible et handicap \u2013 V\u00e9nissieux<\/p>\n<p><strong>Emmanuel Meyssat<\/strong><br \/>Entraineur d\u2019athl\u00e9tisme et triple vainqueur de la Saint\u00e9Lyon<br \/>Tassin-la-demi-lune<\/p>\n<p><strong>Bruno Milly<\/strong><br \/>Professeur de sociologie \u00e0 l\u2019Universit\u00e9 Lyon II \u2013 Sathonay-Camp<\/p>\n<p><strong>Marie Nouvian<\/strong><br \/>Ing\u00e9nieure et architecte d\u2019int\u00e9rieur \u2013 Chassieu<\/p>\n<p><strong>Catherine Panassier<\/strong><br \/>Ancienne maire PS de Lyon 3<\/p>\n<p><strong>Marie Papin<\/strong><br \/>Ing\u00e9nieure et Pr\u00e9sidente du club d\u2019escalade Les Lycoses \u2013 Champagne-au-Mont-d\u2019Or<\/p>\n<p><strong>Pascale Payan<\/strong><br \/>Responsable Formations et Projets chez France Clusters \u2013 Meyzieu<\/p>\n<p><strong>Camille Pechoux<\/strong><br \/>Co-g\u00e9rante de Praxie Design, coop\u00e9rative en mobilit\u00e9 active et inclusive \u2013 Villeurbanne<\/p>\n<p><strong>Claire Perricaudet<\/strong><br \/>Architecte urbaniste, enseignante \u2013 Lyon 7<\/p>\n<p><strong>Priscillia Petitjean<\/strong><br \/>Entrepreneuse et Fondatrice des Ateliers de l\u2019Audace \u2013 Villeurbanne<\/p>\n<p><strong>Ana\u00efs Peyrache<\/strong><br \/>G\u00e9rante du bar \u00ab\u00a0Le Globe Trinqueur\u00a0\u00bb \u2013 Lyon 3<\/p>\n<p><strong>Thierry Philip<\/strong><br \/>Ancien maire PS de Lyon 3 et b\u00e9tonneur de Montchat \u2013 Bron<\/p>\n<p><strong>Myriam Picot<\/strong><br \/>Ancien maire PS de Lyon 7 et ex-avocate \u2013 Lyon 7<\/p>\n<p><strong>Nikola Pilepic<\/strong><br \/>Direction technique et r\u00e9gie g\u00e9n\u00e9rale \u00e9v\u00e8nementielle en freelance.<br \/>A r\u00e9cemment travaill\u00e9 pour M\u00e9tropole de Strasbourg dirig\u00e9e par une coalition LFI verte<\/p>\n<p><strong>Pierre-Yves Renaud<\/strong><br \/>Agriculteur bio \u2013 Saint-Germain-au-Mont-d\u2019Or<\/p>\n<p><strong>Lionel Riard<\/strong><br \/>Plongeur scientifique \u2013 Bron<\/p>\n<p><strong>Lo\u00efc Rigaud<\/strong><br \/>Directeur du R\u00e9seau VRAC sur la m\u00e9tropole de Lyon, une association \u00e9colo ultra subventionn\u00e9e par les Verts de Lyon et du Grand Lyon.<\/p>\n<p><strong>In\u00e8s Riom<\/strong><br \/>Cheffe de projet Association ALLIES \u2013 Lyon 7<\/p>\n<p><strong>Elisabeth Rivi\u00e8re<\/strong><br \/>Infirmi\u00e8re pu\u00e9ricultrice \u2013 Genay<\/p>\n<p><strong>Lo\u00efc Robert<\/strong><br \/>Ma\u00eetre de conf\u00e9rences en droit public \u2013 Lyon 8<\/p>\n<p><strong>Florence Rocher<\/strong><br \/>Organisatrice d\u2019\u00e9v\u00e9nements culturels \u2013 Quincieux<\/p>\n<p><strong>Linda Saadia<\/strong><br \/>Co-g\u00e9rante MFM Menuiserie \u00e0 Givors<\/p>\n<p><strong>Jo\u00ebl Schatzman<\/strong><br \/>Musicien et enseignant artistique en conservatoire \u2013 Lyon 4<\/p>\n<p><strong>Sakina Selmi<\/strong><br \/>Animatrice p\u00e9riscolaire et Pr\u00e9sidente de l\u2019association \u00ab\u2009Dames de Gerland\u2009\u00bb dans les cit\u00e9s jardins \u2013 Lyon<\/p>\n<p><strong>Jean-\u00c9ric Send\u00e9<\/strong><br \/>Pr\u00e9sident de l\u2019association Jeunesse Art Culture Sport et M\u00e9moire (JACSM)<br \/>Cr\u00e9ateur des \u00ab Only Camps de basket-ball Inclusifs et Solidaires \u00bb<\/p>\n<p><strong>Abdallah Slimani<\/strong><br \/>Co-fondateur et pr\u00e9sident \u00c0 Vaulx AmbitionS\u00a0\u2013 Vaulx-en-Velin<\/p>\n<p><strong>Nicole Smolski <\/strong>et <strong>Serge Duperret<\/strong><br \/>M\u00e9decins intervenant aupr\u00e8s des migrants \u2013 Lyon 4<\/p>\n<p><strong>Patrick Sourb\u00e8s<\/strong><br \/>Artisan fromager \u2013 Grande rue \u00e0 Oullins<\/p>\n<p><strong>Francis Thenot<\/strong><br \/>Patron de la Fonderie Pradel \u00e0 Saint-Priest. Tr\u00e8s proche des \u00e9cologistes de la M\u00e9tropole qui lui ont consacr\u00e9 des reportages et des vid\u00e9os sur les supports du Grand Lyon.<\/p>\n<p><strong>Julien Vidal<\/strong><br \/>Fondateur et porteur du projet \u00a0\u00bb \u00e7a commence par moi \u00a0\u00bb \u2013 Lyon 7<\/p>\n<p><strong>Lorana Vincent<\/strong><br \/>D\u00e9l\u00e9gu\u00e9e g\u00e9n\u00e9rale VRAC France, une association \u00e9colo sponsoris\u00e9e par les Verts avec l\u2019argent des contribuables \u2013 Villeurbanne<\/p>\n<p><strong>Carole Vuillerot<\/strong><br \/>Professeure en m\u00e9decine physique et r\u00e9adaptation p\u00e9diatrique, cheffe de service hospitalier \u2013 Bron<\/p>\n<p><strong>Nissrine Youcefi<\/strong><br \/>Responsable associative de parents d\u2019\u00e9l\u00e8ve et de droits de locataires \u2013 Saint-Genis-Laval<\/p>\n<p><strong>Philippe Zerr<\/strong><br \/>Mara\u00eecher \u2013 V\u00e9nissieux<\/p>\n","protected":false},"excerpt":{"rendered":"Texte\u00a0: Marco Polisson \u2013 \u00ab\u00a0Ne nous quitte pas\u2026\u00a0\u00bb Le pr\u00e9sident \u00e9cologiste de la M\u00e9tropole veut nous faire croire&hellip;\n","protected":false},"author":2,"featured_media":554810,"comment_status":"","ping_status":"","sticky":false,"template":"","format":"standard","meta":{"footnotes":""},"categories":[1889],"tags":[4257,1111,11,2430,5921,1777,674,1011,27,2428,12,25],"class_list":{"0":"post-554809","1":"post","2":"type-post","3":"status-publish","4":"format-standard","5":"has-post-thumbnail","7":"category-lyon","8":"tag-0top","9":"tag-actu","10":"tag-actualites","11":"tag-auvergne-rhone-alpes","12":"tag-bruno-bernard","13":"tag-eu","14":"tag-europe","15":"tag-fr","16":"tag-france","17":"tag-lyon","18":"tag-news","19":"tag-republique-francaise"},"share_on_mastodon":{"url":"https:\/\/pubeurope.com\/@fr\/115603188905394992","error":""},"_links":{"self":[{"href":"https:\/\/www.europesays.com\/fr\/wp-json\/wp\/v2\/posts\/554809","targetHints":{"allow":["GET"]}}],"collection":[{"href":"https:\/\/www.europesays.com\/fr\/wp-json\/wp\/v2\/posts"}],"about":[{"href":"https:\/\/www.europesays.com\/fr\/wp-json\/wp\/v2\/types\/post"}],"author":[{"embeddable":true,"href":"https:\/\/www.europesays.com\/fr\/wp-json\/wp\/v2\/users\/2"}],"replies":[{"embeddable":true,"href":"https:\/\/www.europesays.com\/fr\/wp-json\/wp\/v2\/comments?post=554809"}],"version-history":[{"count":0,"href":"https:\/\/www.europesays.com\/fr\/wp-json\/wp\/v2\/posts\/554809\/revisions"}],"wp:featuredmedia":[{"embeddable":true,"href":"https:\/\/www.europesays.com\/fr\/wp-json\/wp\/v2\/media\/554810"}],"wp:attachment":[{"href":"https:\/\/www.europesays.com\/fr\/wp-json\/wp\/v2\/media?parent=554809"}],"wp:term":[{"taxonomy":"category","embeddable":true,"href":"https:\/\/www.europesays.com\/fr\/wp-json\/wp\/v2\/categories?post=554809"},{"taxonomy":"post_tag","embeddable":true,"href":"https:\/\/www.europesays.com\/fr\/wp-json\/wp\/v2\/tags?post=554809"}],"curies":[{"name":"wp","href":"https:\/\/api.w.org\/{rel}","templated":true}]}}