{"id":554822,"date":"2025-11-24T06:17:13","date_gmt":"2025-11-24T06:17:13","guid":{"rendered":"https:\/\/www.europesays.com\/fr\/554822\/"},"modified":"2025-11-24T06:17:13","modified_gmt":"2025-11-24T06:17:13","slug":"la-visite-de-lambassadeur-de-russie-en-france-sur-lile-doleron-y-est-vue-comme-du-mepris","status":"publish","type":"post","link":"https:\/\/www.europesays.com\/fr\/554822\/","title":{"rendered":"La visite de l\u2019ambassadeur de Russie en France sur l\u2019\u00eele d\u2019Ol\u00e9ron y est vue comme du \u00ab\u00a0m\u00e9pris\u00a0\u00bb"},"content":{"rendered":"<p>        <img decoding=\"async\" loading=\"lazy\" src=\"https:\/\/www.europesays.com\/fr\/wp-content\/uploads\/2025\/11\/4ca8674_upload-1-u4ta3qz5mt1w-afp-20220126-9x7998-v1-highres-francerussiaukraineconflictdiplomacy.jp.jpeg\"  width=\"728\" height=\"409\" alt=\"L\u2019ambassadeur de Russie en France, Alexey Meshkov, ici le 26\u00a0janvier 2022, doit se rendre sur l\u2019\u00eele d\u2019Ol\u00e9ron ce lundi 24\u00a0novembre.\"\/>  <\/p>\n<p>LEO PIERRARD \/ AFP<\/p>\n<p>L\u2019ambassadeur de Russie en France, Alexey Meshkov, ici le 26\u00a0janvier 2022, doit se rendre sur l\u2019\u00eele d\u2019Ol\u00e9ron ce lundi 24\u00a0novembre.<\/p>\n<p class=\"asset asset-text\">Des familles ukrainiennes et des associations d\u00e9noncent un acte de \u00ab\u00a0m\u00e9pris\u00a0\u00bb. Alexey Meshkov, ambassadeur de <a href=\"https:\/\/www.huffingtonpost.fr\/international\/article\/le-drone-en-roumanie-est-une-provocation-deliberee-de-l-ukraine-selon-la-russie_254828.html\" target=\"_blank\" rel=\"noopener\" title=\"Nouvelle fen\u00eatre\">Russie<\/a> en France, doit se rendre ce lundi 24\u00a0novembre au cimeti\u00e8re de Saint-Pierre, sur l\u2019\u00eele d\u2019Ol\u00e9ron. Lors de cette visite en Charente-Maritime, ce repr\u00e9sentant du<a href=\"https:\/\/www.huffingtonpost.fr\/international\/article\/guerre-en-ukraine-dans-le-donbass-les-fortifications-ukrainiennes-auxquelles-se-heurte-la-russie_253917.html\" target=\"_blank\" rel=\"noopener\" title=\"Nouvelle fen\u00eatre\"> Kremlin<\/a> va se recueillir sur les tombes de quatre soldats sovi\u00e9tiques qui ont contribu\u00e9 \u00e0 lib\u00e9rer l\u2019\u00eele lors de la Seconde Guerre Mondiale, rapportent notamment la radio <a href=\"https:\/\/www.francebleu.fr\/infos\/politique\/la-communaute-ukrainienne-vent-debout-contre-la-visite-de-l-ambassadeur-de-russie-sur-l-ile-d-oleron-2709282\" target=\"_blank\" rel=\"noopener\" title=\"Nouvelle fen\u00eatre\">Ici La\u00a0Rochelle<\/a> et le journal<a href=\"https:\/\/www.lefigaro.fr\/actualite-france\/l-ambassadeur-russe-en-france-se-rend-sur-l-ile-d-oleron-ce-lundi-aucun-accueil-protocolaire-prevu-20251123\" target=\"_blank\" rel=\"noopener\" title=\"Nouvelle fen\u00eatre\"> Le Figaro<\/a>.<\/p>\n<p class=\"asset asset-text\">Parmi eux, Vladimir Antonenko et Eug\u00e8ne Krasnoperoff d\u00e9truisaient le 24\u00a0novembre\u00a01944, soit il y a 81\u00a0ans jour pour jour, le d\u00e9p\u00f4t de munitions de\u00a0la batterie de la Perroche-Saint-S\u00e9verin, rappelle<a href=\"https:\/\/www.sudouest.fr\/charente-maritime\/ile-d-oleron\/charente-maritime-pas-de-tapis-rouge-pour-l-ambassadeur-de-russie-en-visite-a-saint-pierre-d-oleron-26788301.php?csnt=19ab2fae7ee\" target=\"_blank\" rel=\"noopener\" title=\"Nouvelle fen\u00eatre\"> Sud Ouest<\/a>.<\/p>\n<p class=\"asset asset-text\">Il s\u2019agit d\u2019une visite officielle mais non protocolaire, explique Brice Blondel, le pr\u00e9fet de la Charente-Maritime \u00e0 nos confr\u00e8res d\u2019Ici La\u00a0Rochelle. \u00ab\u00a0Il n\u2019y aura aucun accueil protocolaire, mais au regard des conventions internationales et du contexte pour le moins tendu, il est du devoir de la France d\u2019assurer sa s\u00e9curit\u00e9\u00a0\u00bb, ajoute-t-il au sujet de la venue de l\u2019ambassadeur et ancien vice-ministre des Affaires \u00e9trang\u00e8res de la F\u00e9d\u00e9ration de Russie. La pr\u00e9fecture a donc pr\u00e9vu un dispositif de s\u00e9curit\u00e9 et d\u2019ordre public, pr\u00e9cise Le Figaro.<\/p>\n<p>    Appel \u00e0 manifester    <\/p>\n<p class=\"asset asset-text\">Si la visite du diplomate ne doit durer qu\u2019une vingtaine de minutes, d\u2019apr\u00e8s les informations de nos confr\u00e8res, des familles ukrainiennes r\u00e9fugi\u00e9es \u00e0 Ol\u00e9ron depuis le d\u00e9but de la guerre en Ukraine et les associations \u00ab\u00a0Ol\u00e9ron pour l\u2019Ukraine\u00a0\u00bb et les \u00ab\u00a0\u00c9ditions libertaires\u00a0\u00bb s\u2019opposent \u00e0 sa venue. D\u00e9non\u00e7ant une r\u00e9\u00e9criture de l\u2019Histoire, elles expliquent que les soldats fusill\u00e9s par les nazis en 1945\u00a0sur l\u2019\u00eele d\u2019Ol\u00e9ron \u00e9taient \u00ab\u00a0sovi\u00e9tiques\u00a0\u00bb et non \u00ab\u00a0Russes\u00a0\u00bb.<\/p>\n<p class=\"asset asset-text\">\u00ab\u00a0Il [Alexey Meshkov] dit que ces soldats sont russes et que c\u2019est gr\u00e2ce \u00e0 eux que la Seconde Guerre mondiale a \u00e9t\u00e9 gagn\u00e9e, mais ce n\u2019est pas la v\u00e9rit\u00e9. Parmi les soldats enterr\u00e9s ici, il y a un Bi\u00e9lorusse et un Ukrainien\u00a0\u00bb, s\u2019est emport\u00e9e aupr\u00e8s d\u2019Ici La\u00a0Rochelle\u00a0Olga Gaillard Bazilenko, cofondatrice d\u2019une de ces associations.\u00a0La col\u00e8re est la m\u00eame\u00a0pour la militante Thyde Rosell\u00a0: \u00ab\u00a0La venue de l\u2019ambassadeur d\u2019une oligarchie et d\u2019une dictature russe est\u00a0un parfait m\u00e9pris pour les populations qui ont \u00e9t\u00e9 accueillies \u00e0 Ol\u00e9ron. Que ce soit les familles syriennes qui ont fui les bombardements russes ou que ce soit les familles ukrainiennes venues se prot\u00e9ger \u00e0 Ol\u00e9ron, une terre d\u2019accueil.\u00a0\u00bb<\/p>\n<p class=\"asset asset-text\">Christophe Sueur, le maire de Saint-Pierre-d\u2019Ol\u00e9ron, a re\u00e7u une invitation mais ne compte pas se rendre au cimeti\u00e8re\u00a0: \u00ab\u00a0Ce d\u00e9placement est choquant, perturbant. Je n\u2019irai pas et refuse d\u2019accueillir l\u2019ambassadeur\u00a0\u00bb, a-t-il d\u00e9nonc\u00e9 dans des propos relay\u00e9s par <a href=\"https:\/\/www.leparisien.fr\/charente-maritime-17\/choquant-lambassadeur-de-russie-attendu-a-oleron-pour-un-hommage-a-quatre-soldats-sovietiques-tues-en-1944-21-11-2025-AZA3CRQKTJGXZJ3W5F4USLP5IM.php#:~:text=De%20nombreuses%20familles%20ont%20trouv%C3%A9,elles%20intervient%20aupr%C3%A8s%20des%20orphelins.\" target=\"_blank\" rel=\"noopener\" title=\"Nouvelle fen\u00eatre\">Le Parisien<\/a>.<\/p>\n<p class=\"asset asset-text\">Les associations venant aux personnes r\u00e9fugi\u00e9es ayant fui l\u2019Ukraine appellent \u00e0 une manifestation ce lundi pr\u00e8s du cimeti\u00e8re.<\/p>\n","protected":false},"excerpt":{"rendered":"LEO PIERRARD \/ AFP L\u2019ambassadeur de Russie en France, Alexey Meshkov, ici le 26\u00a0janvier 2022, doit se rendre&hellip;\n","protected":false},"author":2,"featured_media":554823,"comment_status":"","ping_status":"","sticky":false,"template":"","format":"standard","meta":{"footnotes":""},"categories":[1591],"tags":[11,1903,1887,131,14,12,1885,1886,132,935],"class_list":{"0":"post-554822","1":"post","2":"type-post","3":"status-publish","4":"format-standard","5":"has-post-thumbnail","7":"category-russie","8":"tag-actualites","9":"tag-ambassadeur","10":"tag-federation-de-russie","11":"tag-guerre-en-ukraine","12":"tag-international","13":"tag-news","14":"tag-russia","15":"tag-russian-federation","16":"tag-russie","17":"tag-seconde-guerre-mondiale"},"share_on_mastodon":{"url":"https:\/\/pubeurope.com\/@fr\/115603220302916106","error":""},"_links":{"self":[{"href":"https:\/\/www.europesays.com\/fr\/wp-json\/wp\/v2\/posts\/554822","targetHints":{"allow":["GET"]}}],"collection":[{"href":"https:\/\/www.europesays.com\/fr\/wp-json\/wp\/v2\/posts"}],"about":[{"href":"https:\/\/www.europesays.com\/fr\/wp-json\/wp\/v2\/types\/post"}],"author":[{"embeddable":true,"href":"https:\/\/www.europesays.com\/fr\/wp-json\/wp\/v2\/users\/2"}],"replies":[{"embeddable":true,"href":"https:\/\/www.europesays.com\/fr\/wp-json\/wp\/v2\/comments?post=554822"}],"version-history":[{"count":0,"href":"https:\/\/www.europesays.com\/fr\/wp-json\/wp\/v2\/posts\/554822\/revisions"}],"wp:featuredmedia":[{"embeddable":true,"href":"https:\/\/www.europesays.com\/fr\/wp-json\/wp\/v2\/media\/554823"}],"wp:attachment":[{"href":"https:\/\/www.europesays.com\/fr\/wp-json\/wp\/v2\/media?parent=554822"}],"wp:term":[{"taxonomy":"category","embeddable":true,"href":"https:\/\/www.europesays.com\/fr\/wp-json\/wp\/v2\/categories?post=554822"},{"taxonomy":"post_tag","embeddable":true,"href":"https:\/\/www.europesays.com\/fr\/wp-json\/wp\/v2\/tags?post=554822"}],"curies":[{"name":"wp","href":"https:\/\/api.w.org\/{rel}","templated":true}]}}