{"id":554826,"date":"2025-11-24T06:19:12","date_gmt":"2025-11-24T06:19:12","guid":{"rendered":"https:\/\/www.europesays.com\/fr\/554826\/"},"modified":"2025-11-24T06:19:12","modified_gmt":"2025-11-24T06:19:12","slug":"les-usa-et-lukraine-vont-continuer-a-travailler-sur-le-plan-de-paix","status":"publish","type":"post","link":"https:\/\/www.europesays.com\/fr\/554826\/","title":{"rendered":"Les USA et l&rsquo;Ukraine vont continuer \u00e0 travailler sur le plan de paix"},"content":{"rendered":"<p>GEN\u00c8VE (Reuters) -Washington et Kyiv devraient continuer \u00e0 travailler lundi sur le plan de paix visant \u00e0 mettre fin \u00e0 la guerre en Ukraine, apr\u00e8s \u00eatre convenu de modifier un projet consid\u00e9r\u00e9 comme trop favorable \u00e0 Moscou.<\/p>\n<p>\n              Les Etats-Unis et l&rsquo;Ukraine ont dit dans un communiqu\u00e9 conjoint avoir \u00e9labor\u00e9 une \u00ab\u00a0nouvelle version, am\u00e9lior\u00e9e, du plan de paix\u00a0\u00bb apr\u00e8s des discussions qui se sont tenues \u00e0 Gen\u00e8ve, en Suisse, sans toutefois fournir de d\u00e9tail.<\/p>\n<p>\n              La Maison blanche a par ailleurs fait savoir que les repr\u00e9sentants ukrainiens lui avaient dit que le plan \u00ab\u00a0refl\u00e8te leurs int\u00e9r\u00eats nationaux\u00a0\u00bb et \u00ab\u00a0r\u00e9pond \u00e0 leurs besoins strat\u00e9giques fondamentaux\u00a0\u00bb. Kyiv n&rsquo;a pas publi\u00e9 de communiqu\u00e9.<\/p>\n<p>\n              Les Etat-Unis et l&rsquo;Ukraine ont dit qu&rsquo;ils continueraient \u00e0 leurs \u00ab\u00a0efforts intenses\u00a0\u00bb avant la date butoir de jeudi. Le secr\u00e9taire d&rsquo;Etat am\u00e9ricain Marco Rubio, qui a men\u00e9 les discussions \u00e0 Gen\u00e8ve, est toutefois reparti pour Washington dimanche soir.<\/p>\n<p>\n              Donald Trump, qui a d\u00e9clar\u00e9 dimanche que l&rsquo;Ukraine n&rsquo;avait pas \u00e9t\u00e9 reconnaissante des efforts am\u00e9ricains d\u00e9ploy\u00e9s pendant la guerre, a donn\u00e9 jusqu&rsquo;\u00e0 jeudi au pr\u00e9sident ukrainien Volodimir Zelensky pour accepter le plan de paix.<\/p>\n<p>\n              Volodimir Zelensky pourrait se rendre aux Etats-Unis d\u00e8s cette semaine pour discuter du plan de paix avec Donald Trump, ont dit dimanche deux sources au fait de la question.<\/p>\n<p>\n              Le plan en 28 points mis au point par l&rsquo;administration du pr\u00e9sident am\u00e9ricain Donald Trump et pr\u00e9sent\u00e9 comme une proposition non d\u00e9finitive, pr\u00e9voit que l&rsquo;Ukraine c\u00e8de des territoires, accepte des restrictions sur ses forces arm\u00e9es et renonce \u00e0 ses ambitions d&rsquo;adh\u00e9sion \u00e0 l&rsquo;Otan.<\/p>\n<p>\n              Pour de nombreux Ukrainiens, y compris des soldats qui se battent en premi\u00e8re ligne, ces conditions \u00e9quivaudraient \u00e0 une capitulation apr\u00e8s pr\u00e8s de quatre ans de combats dans le conflit le plus meurtrier en Europe depuis la Seconde Guerre mondiale.<\/p>\n<p>\n              Les Europ\u00e9ens, qui participaient \u00e9galement aux discussions qui se sont tenues \u00e0 Gen\u00e8ve, ont de leur c\u00f4t\u00e9 soumis une version modifi\u00e9e du plan am\u00e9ricain pour l&rsquo;Ukraine, qui remet en cause les limites propos\u00e9es aux forces arm\u00e9es de Kyiv et les concessions territoriales envisag\u00e9es.<\/p>\n<p>\n               (Avec les r\u00e9dactions de Reuters, r\u00e9dig\u00e9 par Andy Sullivan; version fran\u00e7aise Camille Raynaud)<\/p>\n<p>\n            par Emma Farge et Olivia Le Poidevin et Andy Sullivan<\/p>\n","protected":false},"excerpt":{"rendered":"GEN\u00c8VE (Reuters) -Washington et Kyiv devraient continuer \u00e0 travailler lundi sur le plan de paix visant \u00e0 mettre&hellip;\n","protected":false},"author":2,"featured_media":554398,"comment_status":"","ping_status":"","sticky":false,"template":"","format":"standard","meta":{"footnotes":""},"categories":[1589],"tags":[11,340,73,1866,12,1864,1865,1863,308],"class_list":{"0":"post-554826","1":"post","2":"type-post","3":"status-publish","4":"format-standard","5":"has-post-thumbnail","7":"category-etats-unis","8":"tag-actualites","9":"tag-bourse","10":"tag-etats-unis","11":"tag-etats-unis-damerique","12":"tag-news","13":"tag-united-states","14":"tag-united-states-of-america","15":"tag-us","16":"tag-usa"},"share_on_mastodon":{"url":"https:\/\/pubeurope.com\/@fr\/115603227495462368","error":""},"_links":{"self":[{"href":"https:\/\/www.europesays.com\/fr\/wp-json\/wp\/v2\/posts\/554826","targetHints":{"allow":["GET"]}}],"collection":[{"href":"https:\/\/www.europesays.com\/fr\/wp-json\/wp\/v2\/posts"}],"about":[{"href":"https:\/\/www.europesays.com\/fr\/wp-json\/wp\/v2\/types\/post"}],"author":[{"embeddable":true,"href":"https:\/\/www.europesays.com\/fr\/wp-json\/wp\/v2\/users\/2"}],"replies":[{"embeddable":true,"href":"https:\/\/www.europesays.com\/fr\/wp-json\/wp\/v2\/comments?post=554826"}],"version-history":[{"count":0,"href":"https:\/\/www.europesays.com\/fr\/wp-json\/wp\/v2\/posts\/554826\/revisions"}],"wp:featuredmedia":[{"embeddable":true,"href":"https:\/\/www.europesays.com\/fr\/wp-json\/wp\/v2\/media\/554398"}],"wp:attachment":[{"href":"https:\/\/www.europesays.com\/fr\/wp-json\/wp\/v2\/media?parent=554826"}],"wp:term":[{"taxonomy":"category","embeddable":true,"href":"https:\/\/www.europesays.com\/fr\/wp-json\/wp\/v2\/categories?post=554826"},{"taxonomy":"post_tag","embeddable":true,"href":"https:\/\/www.europesays.com\/fr\/wp-json\/wp\/v2\/tags?post=554826"}],"curies":[{"name":"wp","href":"https:\/\/api.w.org\/{rel}","templated":true}]}}