{"id":554829,"date":"2025-11-24T06:21:12","date_gmt":"2025-11-24T06:21:12","guid":{"rendered":"https:\/\/www.europesays.com\/fr\/554829\/"},"modified":"2025-11-24T06:21:12","modified_gmt":"2025-11-24T06:21:12","slug":"shell-securise-lelectricite-verte-pour-son-electrolyseur-refhyne-2-en-allemagne","status":"publish","type":"post","link":"https:\/\/www.europesays.com\/fr\/554829\/","title":{"rendered":"Shell s\u00e9curise l&rsquo;\u00e9lectricit\u00e9 verte pour son \u00e9lectrolyseur REFHYNE 2 en Allemagne"},"content":{"rendered":"<p>       <strong>Shell a sign\u00e9 deux contrats pour s\u00e9curiser l\u2019\u00e9lectricit\u00e9 renouvelable n\u00e9cessaire \u00e0 son \u00e9lectrolyseur REFHYNE 2 pr\u00e9vu pour 2027 en Allemagne.<\/strong><\/p>\n<p>Shell avance dans son projet d\u2019\u00e9lectrolyseur pour alimenter en hydrog\u00e8ne ses raffineries. Le groupe p\u00e9trolier a r\u00e9cemment conclu un accord d\u2019achat d\u2019\u00e9lectricit\u00e9 (PPA) d\u2019une dur\u00e9e de dix ans avec Solarkraftwerk Halenbeck-Rohlsdorf.<\/p>\n<p>Ce contrat porte sur environ 75 % de la production d\u2019un parc photovolta\u00efque de 230 MW actuellement en construction. Le projet sera compos\u00e9 de deux unit\u00e9s solaires identiques de 115 MW. Il est d\u00e9tenu \u00e0 50 % par Deutsche Anlagen-Leasing (DAL).<\/p>\n<p>Ce contrat s\u2019ajoute \u00e0 un autre accord de cinq ans conclu pr\u00e9c\u00e9demment. Celui-ci porte sur pr\u00e8s d\u2019un tiers de la production du parc \u00e9olien offshore Nordsee One, d\u2019une puissance de 332 MW. Situ\u00e9 en mer du Nord allemande, il renforce l\u2019approvisionnement renouvelable de Shell pour le projet REFHYNE 2.&#13;<br \/>\n<\/p>\n<p> Une production d\u2019hydrog\u00e8ne pr\u00e9vue en 2027<br \/>\nLe site <a href=\"https:\/\/www.h2-mobile.fr\/actus\/refhyne-2-hydrogene-vert-shell-electrolyseurs-allemagne\/\" target=\"_blank\" rel=\"noopener\">REFHYNE 2<\/a> est en cours d\u2019installation pr\u00e8s du parc \u00e9nerg\u00e9tique et chimique de Shell \u00e0 Rheinland, dans l\u2019ouest de l\u2019Allemagne. Une fois op\u00e9rationnel, il devrait produire jusqu\u2019\u00e0 16 000 tonnes d\u2019hydrog\u00e8ne renouvelable par an. Cet hydrog\u00e8ne servira principalement \u00e0 r\u00e9duire les \u00e9missions du site industriel de Shell.\t  <\/p>\n","protected":false},"excerpt":{"rendered":"Shell a sign\u00e9 deux contrats pour s\u00e9curiser l\u2019\u00e9lectricit\u00e9 renouvelable n\u00e9cessaire \u00e0 son \u00e9lectrolyseur REFHYNE 2 pr\u00e9vu pour 2027&hellip;\n","protected":false},"author":2,"featured_media":554830,"comment_status":"","ping_status":"","sticky":false,"template":"","format":"standard","meta":{"footnotes":""},"categories":[1587],"tags":[11,672,1804,1805,1803,1777,674,1801,12,1802],"class_list":{"0":"post-554829","1":"post","2":"type-post","3":"status-publish","4":"format-standard","5":"has-post-thumbnail","7":"category-allemagne","8":"tag-actualites","9":"tag-allemagne","10":"tag-bundesrepublik-deutschland","11":"tag-de","12":"tag-deutschland","13":"tag-eu","14":"tag-europe","15":"tag-germany","16":"tag-news","17":"tag-republique-federale-dallemagne"},"share_on_mastodon":{"url":"https:\/\/pubeurope.com\/@fr\/115603235416018563","error":""},"_links":{"self":[{"href":"https:\/\/www.europesays.com\/fr\/wp-json\/wp\/v2\/posts\/554829","targetHints":{"allow":["GET"]}}],"collection":[{"href":"https:\/\/www.europesays.com\/fr\/wp-json\/wp\/v2\/posts"}],"about":[{"href":"https:\/\/www.europesays.com\/fr\/wp-json\/wp\/v2\/types\/post"}],"author":[{"embeddable":true,"href":"https:\/\/www.europesays.com\/fr\/wp-json\/wp\/v2\/users\/2"}],"replies":[{"embeddable":true,"href":"https:\/\/www.europesays.com\/fr\/wp-json\/wp\/v2\/comments?post=554829"}],"version-history":[{"count":0,"href":"https:\/\/www.europesays.com\/fr\/wp-json\/wp\/v2\/posts\/554829\/revisions"}],"wp:featuredmedia":[{"embeddable":true,"href":"https:\/\/www.europesays.com\/fr\/wp-json\/wp\/v2\/media\/554830"}],"wp:attachment":[{"href":"https:\/\/www.europesays.com\/fr\/wp-json\/wp\/v2\/media?parent=554829"}],"wp:term":[{"taxonomy":"category","embeddable":true,"href":"https:\/\/www.europesays.com\/fr\/wp-json\/wp\/v2\/categories?post=554829"},{"taxonomy":"post_tag","embeddable":true,"href":"https:\/\/www.europesays.com\/fr\/wp-json\/wp\/v2\/tags?post=554829"}],"curies":[{"name":"wp","href":"https:\/\/api.w.org\/{rel}","templated":true}]}}