{"id":554833,"date":"2025-11-24T06:23:12","date_gmt":"2025-11-24T06:23:12","guid":{"rendered":"https:\/\/www.europesays.com\/fr\/554833\/"},"modified":"2025-11-24T06:23:12","modified_gmt":"2025-11-24T06:23:12","slug":"lue-va-exhorter-les-etats-unis-a-appliquer-davantage-laccord-commercial-de-juillet-notamment-en-reduisant-les-droits-de-douane-sur-lacier","status":"publish","type":"post","link":"https:\/\/www.europesays.com\/fr\/554833\/","title":{"rendered":"L&rsquo;UE va exhorter les \u00c9tats-Unis \u00e0 appliquer davantage l&rsquo;accord commercial de juillet, notamment en r\u00e9duisant les droits de douane sur l&rsquo;acier"},"content":{"rendered":"<p>Les ministres de l&rsquo;Union europ\u00e9enne pr\u00e9voient d&rsquo;exhorter lundi les principaux responsables am\u00e9ricains du commerce \u00e0 appliquer plus largement l&rsquo;accord commercial conclu en juillet entre l&rsquo;UE et les \u00c9tats-Unis, en r\u00e9duisant notamment les droits de douane am\u00e9ricains sur l&rsquo;acier europ\u00e9en et en les supprimant pour certains produits europ\u00e9ens tels que le vin et les spiritueux.<\/p>\n<p>Le Secr\u00e9taire am\u00e9ricain au Commerce, Howard Lutnick, et le Repr\u00e9sentant am\u00e9ricain au Commerce, Jamieson Greer, rencontreront les ministres europ\u00e9ens responsables du commerce lors de leur premi\u00e8re visite \u00e0 Bruxelles depuis leur prise de fonctions.<\/p>\n<p>Les ministres de l&rsquo;UE pr\u00e9voient d&rsquo;\u00e9voquer des questions commerciales urgentes, notamment les restrictions chinoises sur les exportations de terres rares et de semi-conducteurs, et accueilleront Lutnick et Greer pour un d\u00e9jeuner de 90 minutes.<\/p>\n<p>Selon l&rsquo;accord conclu fin juillet, les \u00c9tats-Unis ont instaur\u00e9 des droits de douane de 15 % sur la plupart des produits europ\u00e9ens, tandis que l&rsquo;Union europ\u00e9enne a accept\u00e9 de supprimer de nombreux droits sur les importations am\u00e9ricaines.<\/p>\n<p>Cependant, cette mise en \u0153uvre pourrait n&rsquo;intervenir qu&rsquo;en mars ou avril, car elle n\u00e9cessite l&rsquo;approbation du Parlement europ\u00e9en et des gouvernements des \u00c9tats membres, ce qui, selon des diplomates europ\u00e9ens, a exasp\u00e9r\u00e9 Washington.<\/p>\n<p>Tout en affirmant que le processus suit son cours, le bloc des 27 souligne les points convenus sur lesquels il souhaite voir des avanc\u00e9es, au premier rang desquels figurent l&rsquo;acier et l&rsquo;aluminium.<\/p>\n<p>Les \u00c9tats-Unis appliquent un droit de douane de 50 % sur ces m\u00e9taux et, depuis la mi-ao\u00fbt, cette mesure concerne \u00e9galement 407 produits \u00ab\u00a0d\u00e9riv\u00e9s\u00a0\u00bb, tels que les motos et les r\u00e9frig\u00e9rateurs. D&rsquo;autres produits d\u00e9riv\u00e9s pourraient \u00eatre ajout\u00e9s le mois prochain.<\/p>\n<p>Des diplomates europ\u00e9ens estiment que de telles mesures, conjugu\u00e9es \u00e0 la perspective de nouveaux droits de douane sur les camions, les min\u00e9raux critiques, les avions et les \u00e9oliennes, risquent de vider de sa substance l&rsquo;accord de juillet.<\/p>\n<p>\u00ab\u00a0Nous sommes \u00e0 un moment d\u00e9licat\u00a0\u00bb, a d\u00e9clar\u00e9 un diplomate europ\u00e9en. \u00ab\u00a0Les \u00c9tats-Unis cherchent des motifs pour critiquer l&rsquo;UE alors que nous essayons de les amener \u00e0 avancer sur l&rsquo;acier et d&rsquo;autres dossiers non r\u00e9solus.\u00a0\u00bb<\/p>\n<p>Le bloc souhaite \u00e9galement que davantage de ses produits ne soient soumis qu&rsquo;aux faibles droits de douane pr\u00e9valant avant la premi\u00e8re pr\u00e9sidence Trump. Cela pourrait inclure le vin, les spiritueux, les olives et les pates.<\/p>\n<p>L&rsquo;UE se dit \u00e9galement pr\u00eate \u00e0 discuter de domaines de coop\u00e9ration r\u00e9glementaire potentielle, tels que l&rsquo;automobile, les achats europ\u00e9ens propos\u00e9s d&rsquo;\u00e9nergie am\u00e9ricaine et des efforts conjoints en mati\u00e8re de s\u00e9curit\u00e9 \u00e9conomique, notamment en r\u00e9action aux contr\u00f4les \u00e0 l&rsquo;exportation impos\u00e9s par la Chine.<br \/>(R\u00e9dig\u00e9 par Philip Blenkinsop. \u00c9dition par Jane Merriman)<\/p>\n","protected":false},"excerpt":{"rendered":"Les ministres de l&rsquo;Union europ\u00e9enne pr\u00e9voient d&rsquo;exhorter lundi les principaux responsables am\u00e9ricains du commerce \u00e0 appliquer plus largement&hellip;\n","protected":false},"author":2,"featured_media":554834,"comment_status":"","ping_status":"","sticky":false,"template":"","format":"standard","meta":{"footnotes":""},"categories":[1586],"tags":[11,340,1777,674,1779,1011,27,12,25,1778,364],"class_list":{"0":"post-554833","1":"post","2":"type-post","3":"status-publish","4":"format-standard","5":"has-post-thumbnail","7":"category-europe","8":"tag-actualites","9":"tag-bourse","10":"tag-eu","11":"tag-europe","12":"tag-european-union","13":"tag-fr","14":"tag-france","15":"tag-news","16":"tag-republique-francaise","17":"tag-ue","18":"tag-union-europeenne"},"share_on_mastodon":{"url":"https:\/\/pubeurope.com\/@fr\/115603243276414102","error":""},"_links":{"self":[{"href":"https:\/\/www.europesays.com\/fr\/wp-json\/wp\/v2\/posts\/554833","targetHints":{"allow":["GET"]}}],"collection":[{"href":"https:\/\/www.europesays.com\/fr\/wp-json\/wp\/v2\/posts"}],"about":[{"href":"https:\/\/www.europesays.com\/fr\/wp-json\/wp\/v2\/types\/post"}],"author":[{"embeddable":true,"href":"https:\/\/www.europesays.com\/fr\/wp-json\/wp\/v2\/users\/2"}],"replies":[{"embeddable":true,"href":"https:\/\/www.europesays.com\/fr\/wp-json\/wp\/v2\/comments?post=554833"}],"version-history":[{"count":0,"href":"https:\/\/www.europesays.com\/fr\/wp-json\/wp\/v2\/posts\/554833\/revisions"}],"wp:featuredmedia":[{"embeddable":true,"href":"https:\/\/www.europesays.com\/fr\/wp-json\/wp\/v2\/media\/554834"}],"wp:attachment":[{"href":"https:\/\/www.europesays.com\/fr\/wp-json\/wp\/v2\/media?parent=554833"}],"wp:term":[{"taxonomy":"category","embeddable":true,"href":"https:\/\/www.europesays.com\/fr\/wp-json\/wp\/v2\/categories?post=554833"},{"taxonomy":"post_tag","embeddable":true,"href":"https:\/\/www.europesays.com\/fr\/wp-json\/wp\/v2\/tags?post=554833"}],"curies":[{"name":"wp","href":"https:\/\/api.w.org\/{rel}","templated":true}]}}