{"id":554835,"date":"2025-11-24T06:24:13","date_gmt":"2025-11-24T06:24:13","guid":{"rendered":"https:\/\/www.europesays.com\/fr\/554835\/"},"modified":"2025-11-24T06:24:13","modified_gmt":"2025-11-24T06:24:13","slug":"zohran-mamdani-a-enfin-repondu-a-la-question-posee-sur-donald-trump-dans-le-bureau-ovale","status":"publish","type":"post","link":"https:\/\/www.europesays.com\/fr\/554835\/","title":{"rendered":"Zohran Mamdani a enfin r\u00e9pondu \u00e0 la question pos\u00e9e sur Donald Trump dans le Bureau ovale"},"content":{"rendered":"<p>        <img decoding=\"async\" loading=\"lazy\" src=\"https:\/\/www.europesays.com\/fr\/wp-content\/uploads\/2025\/11\/1763965453_285_c5d1af2_upload-1-0xwurungblbq-afp-20251121-84t33d8-v1-midres-uspoliticstrump.jpg\"  width=\"728\" height=\"410\" alt=\"Zohran Mamdani a enfin r\u00e9pondu \u00e0 la question pos\u00e9e sur Donald Trump dans le Bureau ovale, le 21\u00a0novembre 2025.\"\/>  <\/p>\n<p>JIM WATSON \/ AFP<\/p>\n<p>Zohran Mamdani a enfin r\u00e9pondu \u00e0 la question pos\u00e9e sur Donald Trump dans le Bureau ovale, le 21\u00a0novembre 2025.<\/p>\n<p class=\"asset asset-text\">Le d\u00e9mocrate n\u2019a pas chang\u00e9 d\u2019avis. Interrog\u00e9 ce dimanche 23\u00a0novembre sur le fait de savoir s\u2019il pensait toujours que<a href=\"https:\/\/www.huffingtonpost.fr\/international\/article\/donald-trump-adoucit-un-peu-ses-propos-visant-les-democrates-qui-appellent-a-la-desobeissance_257437.html\" target=\"_blank\" rel=\"noopener\"> Donald Trump <\/a>\u00e9tait un \u00ab\u00a0fasciste\u00a0\u00bb, apr\u00e8s une rencontre particuli\u00e8rement d\u00e9tendue avec lui \u00e0 la Maison Blanche, le maire \u00e9lu de New York<a href=\"https:\/\/www.huffingtonpost.fr\/international\/article\/cite-par-zohran-mamdani-enfant-le-jeu-simcity-disait-deja-beaucoup-de-son-devenir_256926.html\" target=\"_blank\" rel=\"noopener\"> Zohran Mamdani<\/a> a r\u00e9pondu par l\u2019affirmative.<\/p>\n<p class=\"asset asset-text\">\u00ab\u00a0C\u2019est quelque chose que j\u2019ai dit dans le pass\u00e9, je le dis aujourd\u2019hui\u00a0\u00bb, a d\u00e9clar\u00e9 l\u2019\u00e9lu d\u00e9mocrate, interview\u00e9 sur NBC news.<\/p>\n<p class=\"asset asset-text\">Vendredi dans le Bureau ovale, lorsqu\u2019une journaliste a demand\u00e9 \u00e0  Zohran Mamdani s\u2019il jugeait que le pr\u00e9sident am\u00e9ricain \u00e9tait un fasciste, ce dernier est intervenu aupr\u00e8s de son invit\u00e9\u00a0: \u00ab\u00a0C\u2019est OK vous pouvez r\u00e9pondre oui&#8230; C\u2019est plus simple que d\u2019expliquer\u00a0\u00bb.<\/p>\n<p>    Mamdani salue sa conversation avec Trump    <\/p>\n<p class=\"asset asset-text\">\u00ab\u00a0Ce que j\u2019ai appr\u00e9ci\u00e9 dans la conversation que j\u2019ai eue avec le pr\u00e9sident, c\u2019est que nous n\u2019avons pas h\u00e9sit\u00e9 \u00e0 aborder nos points de d\u00e9saccord\u00a0\u00bb, a-t-il encore dit sur NBC.<\/p>\n<p class=\"asset asset-text\">\u00ab\u00a0J\u2019ai trouv\u00e9 que la rencontre (&#8230;) \u00e9tait productive, et qu\u2019elle revenait sans cesse sur les th\u00e8mes centraux de la campagne que nous avons men\u00e9e\u00a0: le co\u00fbt du logement, le co\u00fbt de la garde d\u2019enfants, le co\u00fbt des courses, le co\u00fbt des services publics\u00a0\u00bb, a aussi jug\u00e9 le maire \u00e9lu, qui prendra ses fonctions le 1er janvier 2026.<\/p>\n<p class=\"asset asset-text\">Apr\u00e8s avoir menac\u00e9 de couper les fonds f\u00e9d\u00e9raux \u00e0 la ville et d\u2019y envoyer la Garde nationale si le \u00ab\u00a0communiste\u00a0\u00bb  Zohran Mamdani l\u2019emportait, Donald Trump a promis vendredi de l\u2019aider dans sa t\u00e2che. \u00ab\u00a0Plus il r\u00e9ussira, plus je serai content\u00a0\u00bb, a assur\u00e9 le pr\u00e9sident am\u00e9ricain.<\/p>\n","protected":false},"excerpt":{"rendered":"JIM WATSON \/ AFP Zohran Mamdani a enfin r\u00e9pondu \u00e0 la question pos\u00e9e sur Donald Trump dans le&hellip;\n","protected":false},"author":2,"featured_media":554836,"comment_status":"","ping_status":"","sticky":false,"template":"","format":"standard","meta":{"footnotes":""},"categories":[2],"tags":[11,75,73,1011,27,14,12,25,62862],"class_list":{"0":"post-554835","1":"post","2":"type-post","3":"status-publish","4":"format-standard","5":"has-post-thumbnail","7":"category-actualites","8":"tag-actualites","9":"tag-donald-trump","10":"tag-etats-unis","11":"tag-fr","12":"tag-france","13":"tag-international","14":"tag-news","15":"tag-republique-francaise","16":"tag-zohran-mamdani"},"share_on_mastodon":{"url":"https:\/\/pubeurope.com\/@fr\/115603247994614109","error":""},"_links":{"self":[{"href":"https:\/\/www.europesays.com\/fr\/wp-json\/wp\/v2\/posts\/554835","targetHints":{"allow":["GET"]}}],"collection":[{"href":"https:\/\/www.europesays.com\/fr\/wp-json\/wp\/v2\/posts"}],"about":[{"href":"https:\/\/www.europesays.com\/fr\/wp-json\/wp\/v2\/types\/post"}],"author":[{"embeddable":true,"href":"https:\/\/www.europesays.com\/fr\/wp-json\/wp\/v2\/users\/2"}],"replies":[{"embeddable":true,"href":"https:\/\/www.europesays.com\/fr\/wp-json\/wp\/v2\/comments?post=554835"}],"version-history":[{"count":0,"href":"https:\/\/www.europesays.com\/fr\/wp-json\/wp\/v2\/posts\/554835\/revisions"}],"wp:featuredmedia":[{"embeddable":true,"href":"https:\/\/www.europesays.com\/fr\/wp-json\/wp\/v2\/media\/554836"}],"wp:attachment":[{"href":"https:\/\/www.europesays.com\/fr\/wp-json\/wp\/v2\/media?parent=554835"}],"wp:term":[{"taxonomy":"category","embeddable":true,"href":"https:\/\/www.europesays.com\/fr\/wp-json\/wp\/v2\/categories?post=554835"},{"taxonomy":"post_tag","embeddable":true,"href":"https:\/\/www.europesays.com\/fr\/wp-json\/wp\/v2\/tags?post=554835"}],"curies":[{"name":"wp","href":"https:\/\/api.w.org\/{rel}","templated":true}]}}