{"id":554837,"date":"2025-11-24T06:25:17","date_gmt":"2025-11-24T06:25:17","guid":{"rendered":"https:\/\/www.europesays.com\/fr\/554837\/"},"modified":"2025-11-24T06:25:17","modified_gmt":"2025-11-24T06:25:17","slug":"les-enseignants-mitiges-apres-le-rapport-de-la-convention-citoyenne","status":"publish","type":"post","link":"https:\/\/www.europesays.com\/fr\/554837\/","title":{"rendered":"les enseignants mitig\u00e9s apr\u00e8s le rapport de la convention citoyenne"},"content":{"rendered":"<p>\n    <strong>D\u00c9CRYPTAGE &#8211; <\/strong>La convention citoyenne sur \u00ables temps de l\u2019enfant\u00bb a rendu ses conclusions ce dimanche, apr\u00e8s six mois de travaux aupr\u00e8s de 130 membres. Au total, 20\u00a0propositions ont \u00e9t\u00e9 retenues pour les \u00e9l\u00e8ves du premier et du second degr\u00e9.<\/p>\n<p class=\"fig-paragraph\">\u00c0 l\u2019issue de\u00a0<a href=\"http:\/\/www.lefigaro.fr\/actualite-france\/la-convention-citoyenne-sur-les-temps-de-l-enfant-s-ouvre-dans-un-contexte-de-baisse-dramatique-du-niveau-scolaire-20250619\" data-fig-type=\"Article\" data-gtm-custom-categorie=\"navigation\" data-gtm-custom-action=\"crossclick\" data-gtm-custom-label=\"Contextuel\" data-gtm-event=\"customEventSPE\" data-fig-domain=\"LEFIGARO\" target=\"_blank\" rel=\"noopener\">six mois de travaux<\/a>, la\u00a0<a href=\"http:\/\/www.lefigaro.fr\/vox\/societe\/convention-citoyenne-sur-le-rythme-scolaire-chaque-ecole-devrait-pouvoir-proposer-un-calendrier-adapte-20250506\" target=\"_blank\" data-fig-type=\"Article\" rel=\"noopener\" data-gtm-custom-categorie=\"navigation\" data-gtm-custom-action=\"crossclick\" data-gtm-custom-label=\"Contextuel\" data-gtm-event=\"customEventSPE\" data-fig-domain=\"LEFIGARO\">convention citoyenne<\/a>\u00a0sur les temps de l\u2019enfant\u00a0<a href=\"https:\/\/conventioncitoyennetempsenfant.lecese.fr\/actualites\/les-propositions-de-la-convention-citoyenne-sur-les-temps-de-l-enfant\" target=\"_blank\" rel=\"sponsored noopener\" data-gtm-custom-categorie=\"navigation\" data-gtm-custom-action=\"crossclick\" data-gtm-custom-label=\"Contextuel\" data-gtm-event=\"customEventSPE\">a rendu son rapport<\/a>\u00a0ce dimanche 22\u00a0novembre. Apr\u00e8s moult d\u00e9bats et auditions d\u2019experts, d\u2019\u00e9changes avec des \u00e9coliers, des coll\u00e9giens et des lyc\u00e9ens, ses 130 membres ont fait part de 20\u00a0propositions pour \u00ab\u00a0mieux structurer les diff\u00e9rents temps de la vie quotidienne des enfants\u00a0\u00bb, objectif fix\u00e9 par le pr\u00e9c\u00e9dent\u00a0<a href=\"http:\/\/www.lefigaro.fr\/histoire\/de-la-debacle-de-1940-a-la-chute-du-gouvernement-bayrou-l-eternel-retour-du-regime-des-partis-20251002\" data-fig-type=\"Article\" data-gtm-custom-categorie=\"navigation\" data-gtm-custom-action=\"crossclick\" data-gtm-custom-label=\"Contextuel\" data-gtm-event=\"customEventSPE\" data-fig-domain=\"LEFIGARO\" target=\"_blank\" rel=\"noopener\">gouvernement Bayrou<\/a>. Prochainement remises \u00e0 l\u2019ex\u00e9cutif, puis pr\u00e9sent\u00e9es aux parlementaires en janvier et aux \u00e9lus locaux pour alimenter les d\u00e9bats aux \u00e9lections municipales de mars, les pr\u00e9conisations visent avant tout \u00e0 revoir l\u2019organisation des rythmes scolaires. Les citoyens, \u00e2g\u00e9s de 19 \u00e0 83\u00a0ans et s\u00e9lectionn\u00e9s pour refl\u00e9ter la diversit\u00e9 de la population, demandent notamment le retour de cinq jours d\u2019\u00e9cole d\u00e8s l\u2019\u00e9l\u00e9mentaire et des cours d\u00e9marrant plus tard, pas avant 9\u00a0heures, au coll\u00e8ge et au lyc\u00e9e. Aussi, ils sugg\u00e8rent que la dur\u00e9e des cours soit r\u00e9duite \u00e0 45\u00a0minutes. \u00ab\u00a0Aujourd\u2019hui, l\u2019organisation\u2026<\/p>\n<p class=\"fig-premium-paywall__infos\">\n        Cet article est r\u00e9serv\u00e9 aux abonn\u00e9s.        Il vous reste 88% \u00e0 d\u00e9couvrir.\n    <\/p>\n<p>                <img  data- alt=\"Le Figaro\" class=\"fig-img--complete fig-img\"\/><\/p>\n<p class=\"fig-premium-paywall__title\">Black Friday<\/p>\n<p class=\"fig-premium-paywall__subtitle\">-70% sur l&rsquo;abonnement num\u00e9rique<\/p>\n<p class=\"fig-premium-paywall__connect\">\n                D\u00e9j\u00e0 abonn\u00e9\u00a0?                <a class=\"fig-premium-paywall__connect-link\" href=\"https:\/\/connect.lefigaro.fr\/login?client=horizon_web&amp;type=main&amp;redirect_uri=https%3A%2F%2Fwww.lefigaro.fr%2Factualite-france%2Fil-faut-arreter-de-dire-que-les-journees-des-eleves-sont-epuisantes-les-enseignants-mitiges-apres-le-rapport-de-la-convention-citoyenne-20251123\" data-js-gtm=\"{&quot;customCategorie&quot;: &quot;conversion&quot;, &quot;customAction&quot;: &quot;before_Landing_Connexion_paywall_auto&quot;, &quot;customLabel&quot;: &quot;bGVmaWdhcm8uZnJfXzFmMGM4NmVmLWZkZDAtNjQ3Yy1iN2NjLTE1NDk2YzFmMjIwMl9fQXJ0aWNsZQ==_\u00abIl faut arr\u00eater de dire que les journ\u00e9es des \u00e9l\u00e8ves sont \u00e9puisantes\u00bb\u00a0: les enseignants mitig\u00e9s apr\u00e8s le rapport de la convention citoyenne_1000&quot;, &quot;customIDSPE&quot;: &quot;bGVmaWdhcm8uZnJfXzFmMGM4NmVmLWZkZDAtNjQ3Yy1iN2NjLTE1NDk2YzFmMjIwMl9fQXJ0aWNsZQ==&quot;, &quot;event&quot;: &quot;customEventSPE&quot;}\" target=\"_blank\" rel=\"noopener\"><br \/>\n                    Connectez-vous<br \/>\n                <\/a>\n            <\/p>\n","protected":false},"excerpt":{"rendered":"D\u00c9CRYPTAGE &#8211; La convention citoyenne sur \u00ables temps de l\u2019enfant\u00bb a rendu ses conclusions ce dimanche, apr\u00e8s six&hellip;\n","protected":false},"author":2,"featured_media":554838,"comment_status":"","ping_status":"","sticky":false,"template":"","format":"standard","meta":{"footnotes":""},"categories":[2],"tags":[11,1122,1057,1011,27,12,25],"class_list":{"0":"post-554837","1":"post","2":"type-post","3":"status-publish","4":"format-standard","5":"has-post-thumbnail","7":"category-actualites","8":"tag-actualites","9":"tag-ecole","10":"tag-education","11":"tag-fr","12":"tag-france","13":"tag-news","14":"tag-republique-francaise"},"share_on_mastodon":{"url":"https:\/\/pubeurope.com\/@fr\/115603251122333781","error":""},"_links":{"self":[{"href":"https:\/\/www.europesays.com\/fr\/wp-json\/wp\/v2\/posts\/554837","targetHints":{"allow":["GET"]}}],"collection":[{"href":"https:\/\/www.europesays.com\/fr\/wp-json\/wp\/v2\/posts"}],"about":[{"href":"https:\/\/www.europesays.com\/fr\/wp-json\/wp\/v2\/types\/post"}],"author":[{"embeddable":true,"href":"https:\/\/www.europesays.com\/fr\/wp-json\/wp\/v2\/users\/2"}],"replies":[{"embeddable":true,"href":"https:\/\/www.europesays.com\/fr\/wp-json\/wp\/v2\/comments?post=554837"}],"version-history":[{"count":0,"href":"https:\/\/www.europesays.com\/fr\/wp-json\/wp\/v2\/posts\/554837\/revisions"}],"wp:featuredmedia":[{"embeddable":true,"href":"https:\/\/www.europesays.com\/fr\/wp-json\/wp\/v2\/media\/554838"}],"wp:attachment":[{"href":"https:\/\/www.europesays.com\/fr\/wp-json\/wp\/v2\/media?parent=554837"}],"wp:term":[{"taxonomy":"category","embeddable":true,"href":"https:\/\/www.europesays.com\/fr\/wp-json\/wp\/v2\/categories?post=554837"},{"taxonomy":"post_tag","embeddable":true,"href":"https:\/\/www.europesays.com\/fr\/wp-json\/wp\/v2\/tags?post=554837"}],"curies":[{"name":"wp","href":"https:\/\/api.w.org\/{rel}","templated":true}]}}