{"id":554842,"date":"2025-11-24T06:29:12","date_gmt":"2025-11-24T06:29:12","guid":{"rendered":"https:\/\/www.europesays.com\/fr\/554842\/"},"modified":"2025-11-24T06:29:12","modified_gmt":"2025-11-24T06:29:12","slug":"gael-fickou-cest-termine","status":"publish","type":"post","link":"https:\/\/www.europesays.com\/fr\/554842\/","title":{"rendered":"Ga\u00ebl Fickou, c\u2019est termin\u00e9"},"content":{"rendered":"<p><strong>Peu en vue lors des tests de<br \/>\nnovembre, Ga\u00ebl Fickou doit composer avec une concurrence \u00e9norme au<br \/>\ncentre et pourrait en faire les frais lors du prochain Tournoi des<br \/>\n6 Nations.<\/strong><\/p>\n<p>Capitaine des Bleus face \u00e0 l\u2019Afrique du Sud, Ga\u00ebl Fickou n\u2019\u00e9tait<br \/>\npas dans les 23 face aux Fidji pour le deuxi\u00e8me match. La blessure<br \/>\nde Pierre-Louis Barassi lui a permis de retrouver une place de<br \/>\ntitulaire, samedi, contre l\u2019Australie, mais le centre parisien a de<br \/>\nnouveau \u00e9tait tr\u00e8s discret, souffrant de la comparaison avec son<br \/>\ncomp\u00e8re Nicolas Depoortere, auteur d\u2019un nouveau doubl\u00e9 et de Kalvin<br \/>\nGourgues, auteur d\u2019une entr\u00e9e tr\u00e8s remarqu\u00e9e pour sa premi\u00e8re<br \/>\ns\u00e9lection.<\/p>\n<p>Et pour Thomas Castaign\u00e8de se pose clairement la question de son<br \/>\navenir chez les Bleus.\u00a0\u00ab\u00a0Cela fait plusieurs ann\u00e9es<br \/>\nqu\u2019on nous dit que c\u2019est le chef de la d\u00e9fense. A ce niveau-l\u00e0, il<br \/>\nfait encore le boulot. Pour le reste, on n\u2019a pas les m\u00eames cannes \u00e0<br \/>\n31 ans qu\u2019\u00e0 20 ans. C\u2019est certain qu\u2019avec l\u2019arriv\u00e9e de Kalvin<br \/>\nGourgues et l\u2019explosion de Yoram Moefana, on peut estimer que sa<br \/>\nplace est en danger\u00a0\u00bb, a confi\u00e9 l\u2019ancien international<br \/>\ntricolore dans les colonnes du Midi Olympique.<\/p>\n<blockquote class=\"twitter-tweet\"><p><a class=\"twitter-link\" rel=\"noindex, nofollow noopener\" href=\"https:\/\/twitter.com\/sports_fr\/status\/1992822889049891246?s=20\" target=\"_blank\"><\/p><\/blockquote>\n<p>L\u2019ancien Toulousain a d\u2019ailleurs une pr\u00e9f\u00e9rence pour les<br \/>\nprochaines \u00e9ch\u00e9ances. \u00ab\u00a0De par ce qu\u2019elle a montr\u00e9 sous<br \/>\nles couleurs de l\u2019UBB, la paire Moefana-Depoortere me plairait<br \/>\nplus, a-t-il poursuivi. Ils sont jeunes, ont d\u00e9j\u00e0 gagn\u00e9<br \/>\nune Champions Cup et commencent \u00e0 \u00eatre habitu\u00e9s \u00e0 jouer la phase<br \/>\nfinale du Top 14. Ce sont des joueurs qui ont le potentiel pour<br \/>\ns\u2019installer. Et puis quand deux joueurs jouent ensemble depuis de<br \/>\nlongs mois en club, \u00e7a se ressent sur le pr\u00e9. C\u2019est ind\u00e9niable.<br \/>\n\u00bb<\/p>\n<p>Kalvin Gourgues a marqu\u00e9 les esprits<\/p>\n<p>Ga\u00ebl Fickou ne tarit d\u2019ailleurs pas d\u2019\u00e9loges au sujet des ses<br \/>\nconcurrents.\u00a0\u00ab L\u2019entr\u00e9e de Kalvin a fait du bien. Je pense<br \/>\n\u00e0 Emilien (Gailleton), aussi, qui a pris un K.-O. la semaine<br \/>\nderni\u00e8re, qui a jou\u00e9 ce week-end et a fait un super match. Il y a<br \/>\nune concurrence de fou, comme je n\u2019en ai jamais eu en \u00e9quipe<br \/>\nnationale. Cela me pousse \u00e0 m\u2019\u00e9lever, \u00e0 \u00eatre meilleur \u00bb,<br \/>\na-t-il soulign\u00e9 apr\u00e8s la victoire contre l\u2019Australie, samedi<br \/>\n(48-33), ajoutant\u00a0: \u00ab\u00a0Je vais tout donner. Je vais me<br \/>\nbattre. Je ne vais rien l\u00e2cher, jusqu\u2019au bout.\u00bb<\/p>\n<p>Fabien Galthi\u00e9 s\u2019est \u00e9galement montr\u00e9 tr\u00e8s \u00e9logieux au sujet de<br \/>\nKalvin Gourgues. \u00ab\u00a0Son entr\u00e9e en jeu fut<br \/>\nremarquable\u00a0\u00bb, a-t-il soulign\u00e9, ajoutant\u00a0:<br \/>\n\u00ab\u00a0On aurait voulu l\u2019utiliser contre les Fidji, mais<br \/>\nmalheureusement, on n\u2019a pas pu: il \u00e9tait bless\u00e9. C\u2019est un joueur<br \/>\nqui a du talent. \u00bb Mais le s\u00e9lectionneur tricolore ne veut<br \/>\noublier personne. \u00ab\u00a0Fabien Brau-Boirie aussi. Et Pierre<br \/>\nLouis Barassi. \u00bb Ga\u00ebl Fickou, du haut de ses 32 ans, a du<br \/>\nsouci \u00e0 se faire.<\/p>\n<p><script async src=\"https:\/\/platform.twitter.com\/widgets.js\" charset=\"utf-8\"><\/script><\/p>\n","protected":false},"excerpt":{"rendered":"Peu en vue lors des tests de novembre, Ga\u00ebl Fickou doit composer avec une concurrence \u00e9norme au centre&hellip;\n","protected":false},"author":2,"featured_media":554843,"comment_status":"","ping_status":"","sticky":false,"template":"","format":"standard","meta":{"footnotes":""},"categories":[1416],"tags":[1011,27,479,1468,60],"class_list":{"0":"post-554842","1":"post","2":"type-post","3":"status-publish","4":"format-standard","5":"has-post-thumbnail","7":"category-rugby","8":"tag-fr","9":"tag-france","10":"tag-rugby","11":"tag-rugby-football","12":"tag-sports"},"share_on_mastodon":{"url":"https:\/\/pubeurope.com\/@fr\/115603266853634392","error":""},"_links":{"self":[{"href":"https:\/\/www.europesays.com\/fr\/wp-json\/wp\/v2\/posts\/554842","targetHints":{"allow":["GET"]}}],"collection":[{"href":"https:\/\/www.europesays.com\/fr\/wp-json\/wp\/v2\/posts"}],"about":[{"href":"https:\/\/www.europesays.com\/fr\/wp-json\/wp\/v2\/types\/post"}],"author":[{"embeddable":true,"href":"https:\/\/www.europesays.com\/fr\/wp-json\/wp\/v2\/users\/2"}],"replies":[{"embeddable":true,"href":"https:\/\/www.europesays.com\/fr\/wp-json\/wp\/v2\/comments?post=554842"}],"version-history":[{"count":0,"href":"https:\/\/www.europesays.com\/fr\/wp-json\/wp\/v2\/posts\/554842\/revisions"}],"wp:featuredmedia":[{"embeddable":true,"href":"https:\/\/www.europesays.com\/fr\/wp-json\/wp\/v2\/media\/554843"}],"wp:attachment":[{"href":"https:\/\/www.europesays.com\/fr\/wp-json\/wp\/v2\/media?parent=554842"}],"wp:term":[{"taxonomy":"category","embeddable":true,"href":"https:\/\/www.europesays.com\/fr\/wp-json\/wp\/v2\/categories?post=554842"},{"taxonomy":"post_tag","embeddable":true,"href":"https:\/\/www.europesays.com\/fr\/wp-json\/wp\/v2\/tags?post=554842"}],"curies":[{"name":"wp","href":"https:\/\/api.w.org\/{rel}","templated":true}]}}