{"id":554846,"date":"2025-11-24T06:35:17","date_gmt":"2025-11-24T06:35:17","guid":{"rendered":"https:\/\/www.europesays.com\/fr\/554846\/"},"modified":"2025-11-24T06:35:17","modified_gmt":"2025-11-24T06:35:17","slug":"nans-peters-une-belle-photo-pour-finir-sa-carriere-actualite","status":"publish","type":"post","link":"https:\/\/www.europesays.com\/fr\/554846\/","title":{"rendered":"Nans Peters, \u00ab une belle photo \u00bb pour finir sa carri\u00e8re &#8211; Actualit\u00e9"},"content":{"rendered":"<p style=\"text-align: justify;\">Cinq semaines apr\u00e8s avoir annonc\u00e9 mettre un terme \u00e0 sa carri\u00e8re et pris part \u00e0 son ultime course professionnelle au Tour of Guangxi,\u00a0<strong><a href=\"https:\/\/www.directvelo.com\/coureur\/5967\/nans-peters\" target=\"_blank\" rel=\"noopener\">Nans Peters<\/a><\/strong> a recouru\u00a0ce dimanche \u00e0 l\u2019occasion du cyclo-cross r\u00e9gional de Cognin. C\u2019est sur l\u2019\u00e9preuve savoyarde, disput\u00e9e pratiquement chaque saison depuis les Minimes, qu\u2019il a donc accroch\u00e9 son dernier dossard. \u201c\u00c7a me tenait \u00e0 c\u0153ur de finir localement. La Chine, \u00e7a faisait un peu loin pour la famille. L\u00e0, c\u2019\u00e9tait l\u2019occasion de passer ensemble un bon moment pour finir ma carri\u00e8re\u201d, confie-t-il \u00e0 DirectVelo.<\/p>\n<p><strong>UN DUEL FACE\u00a0\u00c0 SON FR\u00c8RE\u00a0<\/strong><\/p>\n<p>Dans le parc du For\u00e9zan, famille, amis, anciens membres du staff du Chamb\u00e9ry CF ou co\u00e9quipiers chez Decathlon AG2R La Mondiale, ils \u00e9taient nombreux \u00e0 \u00eatre venus le voir pour cette derni\u00e8re sortie officielle. Apr\u00e8s une nouvelle haie d\u2019honneur au d\u00e9part, comme lors de la derni\u00e8re \u00e9tape du Tour of Guangxi, il aura pass\u00e9 toute la course au coude \u00e0 coude avec son fr\u00e8re a\u00een\u00e9 L\u00e9o. \u201cIl a pr\u00e9par\u00e9 Cognin comme un fou, c&rsquo;\u00e9tait son Championnat du Monde\u201d, sourit le cadet. \u201cJe m&rsquo;attendais \u00e0 \u00eatre un tour devant lui, chambre le directeur sportif de St-Michel-Preference Home-Auber 93. Il revient de trois semaines de vacances et quatre semaines sans v\u00e9lo. Donc exactement l&rsquo;inverse de moi. Je reviens d&rsquo;un an de vacances et trois semaines de v\u00e9lo ! Il avait plus de force sur les bouts droits. Parfois, j&rsquo;avais un peu plus de technique\u201d.<\/p>\n<p>Sur le bord du circuit, la question \u00e9tait de savoir s&rsquo;ils allaient se tirer la bourre jusqu\u2019\u00e0 la toute fin. Quelques m\u00e8tres devant son a\u00een\u00e9 dans le dernier tour, Nans Peters a finalement lev\u00e9 le pied pour franchir la ligne avec lui. \u201cC&rsquo;\u00e9tait une surprise\u201d, reconna\u00eet L\u00e9o Peters.\u00a0\u201cC&rsquo;\u00e9tait un bon moment. \u00catre au d\u00e9part avec lui pour ma derni\u00e8re course, c&rsquo;est symbolique. C&rsquo;est lui qui m&rsquo;a amen\u00e9 au v\u00e9lo et l\u00e0 on finit ensemble. \u00c7a nous fera une belle photo\u201d, appr\u00e9cie le coureur de Decathlon AG2R La Mondiale qui avait tout de m\u00eame une crainte \u00e0 froid\u2026 \u201cJ\u2019esp\u00e8re quand m\u00eame finir devant lui car sinon je vais en entendre parler \u00e0 No\u00ebl\u201d, s\u2019amuse celui qui a bien pass\u00e9 la ligne devant son a\u00een\u00e9, <strong><a href=\"https:\/\/www.directvelo.com\/actualite\/125535\/cyclo-cross-de-cognin-kerrian-masset-1er\" target=\"_blank\" rel=\"noopener\">en 20e position loin derri\u00e8re le vainqueur Kerrian Masset (Chamb\u00e9ry CC)<\/a><\/strong>.<\/p>\n<p><strong>UN MAILLOT DE LA CCC COMME CADEAU<\/strong><\/p>\n<p>Nans Peters n\u2019aura pas besoin d\u2019attendre No\u00ebl pour recevoir un cadeau. Samedi soir, il avait convi\u00e9 amis et famille au restaurant pour lancer ce dernier week-end en tant que cycliste. Il a re\u00e7u comme pr\u00e9sent le maillot de la CCC, l\u2019\u00e9quipe d\u2019Ilnur Zakarin quand l\u2019Is\u00e9rois l\u2019avait devanc\u00e9 en 2020 \u00e0 Loudenvielle sur le Tour de France. \u201cJ&rsquo;avais sorti l&rsquo;expression \u00ab il descendait comme une ch\u00e8vre \u00bb. C\u2019est rest\u00e9 un peu grav\u00e9. Ils me l\u2019ont offert en XL en me disant \u00ab tu pourras rentrer dedans sous peu \u00bb\u201d.<\/p>\n<p>Le gar\u00e7on de 31 ans n\u2019a pas l\u2019intention de porter du XL tout de suite. \u201cJ\u2019irai rouler avec vous mais quand il fera meilleur\u201d, a-t-il lanc\u00e9 apr\u00e8s la course \u00e0 son co\u00e9quipier Jordan Labrosse. \u201cCet hiver, ce sera le ski de fond pour le plaisir. J\u2019ai besoin pour mon \u00e9quilibre de faire du sport. J&rsquo;aime \u00e7a, donc je vais continuer\u201d.<\/p>\n<p>M\u00eame si la fin de sa carri\u00e8re professionnelle est toute fra\u00eeche, il assure \u00eatre d\u00e9j\u00e0 pass\u00e9 \u00e0 autre chose. Il a d\u00e9but\u00e9 une formation pour devenir conseiller en\u00a0gestion de patrimoine. \u201cJe ne voulais pas rester \u00e0 ne rien faire. Je suis quelqu&rsquo;un qui a tout le temps besoin d&rsquo;avoir des objectifs. Je me mets \u00e0 fond l\u00e0-dedans. Je suis motiv\u00e9 et j&rsquo;aime ce que je fais. Je vais \u00eatre vite occup\u00e9, donc \u00e7a va bien se passer\u201d.<\/p>\n<p><strong>\u00ab JE N\u2019AI JAMAIS L\u00c2CH\u00c9 LE MORCEAU \u00bb<\/strong><\/p>\n<p>Comme beaucoup de coureurs cet hiver, Nans Peters n\u2019aura pas choisi la date de sa fin de carri\u00e8re. Il esp\u00e9rait encore disputer deux saisons, mais il a vite compris que \u00e7a ne sera pas dans son \u00e9quipe de toujours. \u201cJ&rsquo;ai eu un probl\u00e8me de genou en d\u00e9but d&rsquo;ann\u00e9e. C&rsquo;\u00e9tait convenu que j&rsquo;aille au Giro mais une semaine avant, l\u2019\u00e9quipe m\u2019a dit que non. Je l&rsquo;ai tr\u00e8s mal pris\u201d. Absent du Tour de France, il a eu peu d&rsquo;occasions de se distinguer sur de grands rendez-vous pour s\u00e9duire un autre employeur. \u201c\u00c0 partir de cet \u00e9t\u00e9, j&rsquo;ai compris que je ne prenais pas les courses pour me dire que j&rsquo;allais trouver un contrat. Je suis all\u00e9 sur la Vuelta en me disant que c&rsquo;\u00e9tait mon dernier Grand Tour. J&rsquo;ai tenu \u00e0 aller en Chine pour finir sur une belle note, sur une course par \u00e9tapes et pas au Tour de Lombardie o\u00f9 c\u2019est difficile de terminer la course\u201d.<\/p>\n<p>Il raccroche avec la fiert\u00e9 d\u2019\u00eatre toujours rest\u00e9 fid\u00e8le \u00e0 ses valeurs. \u201cHumainement, je suis un mec droit et carr\u00e9. J&rsquo;aime \u00eatre dans les \u00e9chapp\u00e9es, faire mon travail d&rsquo;\u00e9quipier, saisir des opportunit\u00e9s et me faire plaisir. Je ne fais pas du v\u00e9lo pour mon patron ou les r\u00e9seaux sociaux. Ce que j&rsquo;aime, c&rsquo;est le sport et se donner les moyens de r\u00e9ussir, avec du s\u00e9rieux et de la rigueur. J\u2019ai pass\u00e9 du bon temps avec des co\u00e9quipiers qui sont devenus des copains au fil des ann\u00e9es. On a v\u00e9cu de tr\u00e8s belles choses\u201d.<\/p>\n<p>En passant chez les professionnels en 2017, Nans Peters n\u2019aurait jamais imagin\u00e9 gagner sur le Tour et le Giro. \u201cCe n\u2019\u00e9tait m\u00eame pas un objectif d\u2019\u00eatre au d\u00e9part. Ce sont des victoires qui sont venues comme \u00e7a, en courant librement et avec la mani\u00e8re. Toute ma carri\u00e8re, je n&rsquo;ai jamais \u00e9t\u00e9 un coureur rapide au sprint ni \u00e9t\u00e9 le meilleur grimpeur. Mais parmi mes valeurs, il y a l\u2019abn\u00e9gation. Je suis un coureur qui n&rsquo;a jamais l\u00e2ch\u00e9 le morceau et qui s&rsquo;est toujours battu\u201d. C\u2019est notamment pour cela qu\u2019il y avait du monde au bord du circuit ce dimanche \u00e0 Cognin.<\/p>\n<p><img loading=\"lazy\" decoding=\"async\" src=\"https:\/\/www.europesays.com\/fr\/wp-content\/uploads\/2025\/11\/692345ef6cb36.jpg\" alt=\"\" width=\"650\" height=\"433\"\/><\/p>\n","protected":false},"excerpt":{"rendered":"Cinq semaines apr\u00e8s avoir annonc\u00e9 mettre un terme \u00e0 sa carri\u00e8re et pris part \u00e0 son ultime course&hellip;\n","protected":false},"author":2,"featured_media":554847,"comment_status":"","ping_status":"","sticky":false,"template":"","format":"standard","meta":{"footnotes":""},"categories":[1411],"tags":[834,828,836,829,837,827,83,826,824,823,1154,207,814,817,815,816,822,821,832,211,839,1011,27,820,818,819,835,831,830,833,838,60,212,208,825],"class_list":{"0":"post-554846","1":"post","2":"type-post","3":"status-publish","4":"format-standard","5":"has-post-thumbnail","7":"category-cyclisme","8":"tag-attaque","9":"tag-belgique","10":"tag-braquet","11":"tag-bretagne","12":"tag-chute","13":"tag-competition","14":"tag-coupe-de-france","15":"tag-coureur","16":"tag-course-cyclisme","17":"tag-course-cycliste","18":"tag-cycling","19":"tag-cyclisme","20":"tag-direct","21":"tag-direct-velo","22":"tag-directvelo","23":"tag-directvelo-com","24":"tag-epreuve","25":"tag-epreuve-cycliste","26":"tag-federation-francaise-de-cyclisme","27":"tag-ffc","28":"tag-flandres","29":"tag-fr","30":"tag-france","31":"tag-live","32":"tag-live-course","33":"tag-live-epreuve","34":"tag-peloton","35":"tag-radio-peloton","36":"tag-radio-tour","37":"tag-ravitaillement","38":"tag-relance","39":"tag-sports","40":"tag-uci","41":"tag-velo","42":"tag-velos"},"share_on_mastodon":{"url":"https:\/\/pubeurope.com\/@fr\/115603291291980843","error":""},"_links":{"self":[{"href":"https:\/\/www.europesays.com\/fr\/wp-json\/wp\/v2\/posts\/554846","targetHints":{"allow":["GET"]}}],"collection":[{"href":"https:\/\/www.europesays.com\/fr\/wp-json\/wp\/v2\/posts"}],"about":[{"href":"https:\/\/www.europesays.com\/fr\/wp-json\/wp\/v2\/types\/post"}],"author":[{"embeddable":true,"href":"https:\/\/www.europesays.com\/fr\/wp-json\/wp\/v2\/users\/2"}],"replies":[{"embeddable":true,"href":"https:\/\/www.europesays.com\/fr\/wp-json\/wp\/v2\/comments?post=554846"}],"version-history":[{"count":0,"href":"https:\/\/www.europesays.com\/fr\/wp-json\/wp\/v2\/posts\/554846\/revisions"}],"wp:featuredmedia":[{"embeddable":true,"href":"https:\/\/www.europesays.com\/fr\/wp-json\/wp\/v2\/media\/554847"}],"wp:attachment":[{"href":"https:\/\/www.europesays.com\/fr\/wp-json\/wp\/v2\/media?parent=554846"}],"wp:term":[{"taxonomy":"category","embeddable":true,"href":"https:\/\/www.europesays.com\/fr\/wp-json\/wp\/v2\/categories?post=554846"},{"taxonomy":"post_tag","embeddable":true,"href":"https:\/\/www.europesays.com\/fr\/wp-json\/wp\/v2\/tags?post=554846"}],"curies":[{"name":"wp","href":"https:\/\/api.w.org\/{rel}","templated":true}]}}