{"id":554852,"date":"2025-11-24T06:38:47","date_gmt":"2025-11-24T06:38:47","guid":{"rendered":"https:\/\/www.europesays.com\/fr\/554852\/"},"modified":"2025-11-24T06:38:47","modified_gmt":"2025-11-24T06:38:47","slug":"cette-photographe-de-grasse-expose-ses-cliches-pris-pendant-20-ans-au-festival-de-danse-de-cannes","status":"publish","type":"post","link":"https:\/\/www.europesays.com\/fr\/554852\/","title":{"rendered":"cette photographe de Grasse expose ses clich\u00e9s pris pendant 20 ans au Festival de danse de Cannes"},"content":{"rendered":"<p class=\"fs-5 \">\u00c0 58 ans, apr\u00e8s avoir captur\u00e9 pendant plus de vingt ans le Festival de danse, la Grassoise expose ses clich\u00e9s jusqu\u2019au 7 d\u00e9cembre en plein air, devant le Palais des Festival, au square Reynaldo-Hahn et au Casino Partouche.<\/p>\n<p class=\"fs-5 \"><strong>Qu\u2019est ce qui vous pla\u00eet dans le spectacle de danse ?<\/strong><\/p>\n<p class=\"fs-5 \">C\u2019est toute l\u2019\u00e9motion, tous les sentiments qui peuvent r\u00e9genter la vie, qui peuvent se transmettre par les mouvements, par les regards. Un corps qui danse, danse du bout des pieds jusqu\u2019au bout des ongles. C\u2019est la vie, c\u2019est la passion, c\u2019est toutes les \u00e9motions qui peuvent se transmettre par la danse. Moi, je travaille vraiment sur l\u2019\u00e9motion. J\u2019aime beaucoup les suspensions, le mouvement. Je travaille aussi beaucoup sur le spectacle vivant : le cirque, le th\u00e9\u00e2tre de rue\u2026<\/p>\n<p class=\"fs-5 \"><strong>En vingt ans, est-ce qu\u2019il y a des spectacles qui vont ont le plus marqu\u00e9 ?<\/strong><\/p>\n<p class=\"fs-5 \">Il y a en beaucoup qui ont \u00e9t\u00e9 fantastiques, il y a des harmonies tellement diff\u00e9rentes \u00e0 chaque \u00e9dition. J\u2019ai beaucoup aim\u00e9 le travail de Sharon Eyal, l\u2019ann\u00e9e derni\u00e8re, mais aussi celui de Martha Graham, que je suis depuis tr\u00e8s longtemps. J\u2019appr\u00e9cie aussi beaucoup le travail de Sasha Waltz et sa chor\u00e9graphie K\u00f6rper. Il y a peut-\u00eatre des fois des grands classiques, qui sont tr\u00e8s tr\u00e8s beaux, mais il a aussi de tr\u00e8s belles cr\u00e9ations originales.<\/p>\n<p class=\"fs-5 \"><strong>Parlez-nous un peu de votre exposition\u2026<\/strong><\/p>\n<p class=\"fs-5 \">Il y a tout un parcours dans la rue avec vingt photographies, devant le Palais des festivals et des congr\u00e8s, et dans le square Reynaldo-Hahn. L\u2019exposition se poursuit ensuite dans le Casino Partouche avec douze photographies, puis dans le hall du Th\u00e9\u00e2tre Croisette, avec six clich\u00e9s.<\/p>\n<p class=\"fs-5 \"><strong>Comment avez-vous choisi les images ?<\/strong><\/p>\n<p class=\"fs-5 \">J\u2019ai travaill\u00e9 avec Eurielle Desevedavy, qui g\u00e8re le Festival. On a voulu mettre en avant les belles compagnies qui sont venues, les interpr\u00e8tes, mais aussi les moments forts. On a voulu aussi, surtout en ext\u00e9rieur, balay\u00e9 un peu les vingt ann\u00e9es du Festival, et notamment ma technique, qui a \u00e9volu\u00e9, avec des photos prises en argentique couleur. On a aussi fait attention \u00e0 ce que l\u2019exposition soit harmonieuse.<\/p>\n<p class=\"fs-5 \"><strong>Vous exposez souvent vos clich\u00e9s ?<\/strong><\/p>\n<p class=\"fs-5 \">C\u2019est la premi\u00e8re fois que j\u2019expose en ext\u00e9rieur ! C\u2019est vrai que j\u2019ai tendance aussi a travaill\u00e9 mes tirages moi-m\u00eame, avec des proc\u00e9d\u00e9s anciens. D\u2019ailleurs, en 2026, je vais ouvrir mon atelier \u00e0 Grasse. Ce sera un atelier plut\u00f4t de travail, avec une chambre noire, pour faire des exp\u00e9riences. Mais je pense aussi ouvrir mon atelier, pour \u00e9ventuellement faire du partage d\u2019exp\u00e9riences, des initiations \u00e0 certaines techniques\u2026<\/p>\n","protected":false},"excerpt":{"rendered":"\u00c0 58 ans, apr\u00e8s avoir captur\u00e9 pendant plus de vingt ans le Festival de danse, la Grassoise expose&hellip;\n","protected":false},"author":2,"featured_media":554853,"comment_status":"","ping_status":"","sticky":false,"template":"","format":"standard","meta":{"footnotes":""},"categories":[1358],"tags":[1348,1384,1385,1386,58,59,1011,27],"class_list":{"0":"post-554852","1":"post","2":"type-post","3":"status-publish","4":"format-standard","5":"has-post-thumbnail","7":"category-arts-et-design","8":"tag-arts","9":"tag-arts-and-design","10":"tag-arts-et-design","11":"tag-design","12":"tag-divertissement","13":"tag-entertainment","14":"tag-fr","15":"tag-france"},"share_on_mastodon":{"url":"https:\/\/pubeurope.com\/@fr\/115603306164936840","error":""},"_links":{"self":[{"href":"https:\/\/www.europesays.com\/fr\/wp-json\/wp\/v2\/posts\/554852","targetHints":{"allow":["GET"]}}],"collection":[{"href":"https:\/\/www.europesays.com\/fr\/wp-json\/wp\/v2\/posts"}],"about":[{"href":"https:\/\/www.europesays.com\/fr\/wp-json\/wp\/v2\/types\/post"}],"author":[{"embeddable":true,"href":"https:\/\/www.europesays.com\/fr\/wp-json\/wp\/v2\/users\/2"}],"replies":[{"embeddable":true,"href":"https:\/\/www.europesays.com\/fr\/wp-json\/wp\/v2\/comments?post=554852"}],"version-history":[{"count":0,"href":"https:\/\/www.europesays.com\/fr\/wp-json\/wp\/v2\/posts\/554852\/revisions"}],"wp:featuredmedia":[{"embeddable":true,"href":"https:\/\/www.europesays.com\/fr\/wp-json\/wp\/v2\/media\/554853"}],"wp:attachment":[{"href":"https:\/\/www.europesays.com\/fr\/wp-json\/wp\/v2\/media?parent=554852"}],"wp:term":[{"taxonomy":"category","embeddable":true,"href":"https:\/\/www.europesays.com\/fr\/wp-json\/wp\/v2\/categories?post=554852"},{"taxonomy":"post_tag","embeddable":true,"href":"https:\/\/www.europesays.com\/fr\/wp-json\/wp\/v2\/tags?post=554852"}],"curies":[{"name":"wp","href":"https:\/\/api.w.org\/{rel}","templated":true}]}}