{"id":554858,"date":"2025-11-24T06:43:59","date_gmt":"2025-11-24T06:43:59","guid":{"rendered":"https:\/\/www.europesays.com\/fr\/554858\/"},"modified":"2025-11-24T06:43:59","modified_gmt":"2025-11-24T06:43:59","slug":"resurrection-avec-jackson-yee-et-shu-qi-le-film-visionnaire-de-bi-gan","status":"publish","type":"post","link":"https:\/\/www.europesays.com\/fr\/554858\/","title":{"rendered":"\u00ab R\u00e9surrection \u00bb avec Jackson Yee et Shu Qi, le film visionnaire de Bi Gan"},"content":{"rendered":"<p class=\"intro\">La bande-annonce du jour : \u00ab Resurrection \u00bb de Bi Gan, avec Jackson Yee et Shu Qi. Le prix sp\u00e9cial du dernier Festival de Cannes vient de sortir en Chine o\u00f9 il a battu les records de pr\u00e9vente pour un film d&rsquo;auteur. Il sortira le 10 d\u00e9cembre 2025 en France.<\/p>\n<p><strong>Le synopsis :<\/strong> Dans un monde o\u00f9 les humains ne savent plus r\u00eaver, un \u00eatre pas comme les autres perd pied et n\u2019arrive plus \u00e0 distinguer l\u2019illusion de la r\u00e9alit\u00e9. Seule une femme voit clair en lui. Elle parvient \u00e0 p\u00e9n\u00e9trer ses r\u00eaves, en qu\u00eate de la v\u00e9rit\u00e9\u2026<\/p>\n<p>    La suite apr\u00e8s cette publicit\u00e9<\/p>\n<p><a href=\"https:\/\/www.parismatch.com\/culture\/cinema\/critique-de-cannes-ressurrection-de-bi-gan-levangile-du-cinema-251828\" target=\"_blank\" rel=\"noopener\">Lire la critique cannoise<\/a><\/p>\n","protected":false},"excerpt":{"rendered":"La bande-annonce du jour : \u00ab Resurrection \u00bb de Bi Gan, avec Jackson Yee et Shu Qi. Le&hellip;\n","protected":false},"author":2,"featured_media":554859,"comment_status":"","ping_status":"","sticky":false,"template":"","format":"standard","meta":{"footnotes":""},"categories":[1354],"tags":[58,59,1346,1011,27,1360],"class_list":{"0":"post-554858","1":"post","2":"type-post","3":"status-publish","4":"format-standard","5":"has-post-thumbnail","7":"category-films","8":"tag-divertissement","9":"tag-entertainment","10":"tag-films","11":"tag-fr","12":"tag-france","13":"tag-movies"},"share_on_mastodon":{"url":"https:\/\/pubeurope.com\/@fr\/115603325828111298","error":""},"_links":{"self":[{"href":"https:\/\/www.europesays.com\/fr\/wp-json\/wp\/v2\/posts\/554858","targetHints":{"allow":["GET"]}}],"collection":[{"href":"https:\/\/www.europesays.com\/fr\/wp-json\/wp\/v2\/posts"}],"about":[{"href":"https:\/\/www.europesays.com\/fr\/wp-json\/wp\/v2\/types\/post"}],"author":[{"embeddable":true,"href":"https:\/\/www.europesays.com\/fr\/wp-json\/wp\/v2\/users\/2"}],"replies":[{"embeddable":true,"href":"https:\/\/www.europesays.com\/fr\/wp-json\/wp\/v2\/comments?post=554858"}],"version-history":[{"count":0,"href":"https:\/\/www.europesays.com\/fr\/wp-json\/wp\/v2\/posts\/554858\/revisions"}],"wp:featuredmedia":[{"embeddable":true,"href":"https:\/\/www.europesays.com\/fr\/wp-json\/wp\/v2\/media\/554859"}],"wp:attachment":[{"href":"https:\/\/www.europesays.com\/fr\/wp-json\/wp\/v2\/media?parent=554858"}],"wp:term":[{"taxonomy":"category","embeddable":true,"href":"https:\/\/www.europesays.com\/fr\/wp-json\/wp\/v2\/categories?post=554858"},{"taxonomy":"post_tag","embeddable":true,"href":"https:\/\/www.europesays.com\/fr\/wp-json\/wp\/v2\/tags?post=554858"}],"curies":[{"name":"wp","href":"https:\/\/api.w.org\/{rel}","templated":true}]}}