{"id":554864,"date":"2025-11-24T06:47:13","date_gmt":"2025-11-24T06:47:13","guid":{"rendered":"https:\/\/www.europesays.com\/fr\/554864\/"},"modified":"2025-11-24T06:47:13","modified_gmt":"2025-11-24T06:47:13","slug":"cest-dune-violence-inouie-quand-les-pretendantes-de-lamour-est-dans-le-pre-decouvrent-leur-aventure-sur-m6","status":"publish","type":"post","link":"https:\/\/www.europesays.com\/fr\/554864\/","title":{"rendered":"\u00ab\u00a0C\u2019est d\u2019une violence inou\u00efe\u00a0\u00bb\u2026 Quand les pr\u00e9tendantes de \u00ab\u00a0L\u2019amour est dans le pr\u00e9\u00a0\u00bb d\u00e9couvrent leur aventure sur M6"},"content":{"rendered":"<p>C\u2019est l\u2019heure du bilan pour la saison 20 de \u00ab\u00a0<a href=\"https:\/\/www.20minutes.fr\/television\/l_amour_est_dans_le_pr\/\" class=\"c-link c-link--is-underlined\" target=\"_blank\" rel=\"noopener\">L\u2019amour est dans le pr\u00e9<\/a>\u00a0\u00bb. Ces lundis 24\u00a0novembre et 1er\u00a0d\u00e9cembre, \u00e0 21h10 sur <a href=\"https:\/\/www.20minutes.fr\/arts-stars\/television\/4180562-20251021-amour-pre-scene-jacuzzi-choque-telespectateurs\" class=\"c-link c-link--is-underlined\" target=\"_blank\" rel=\"noopener\">M6<\/a>, <a href=\"https:\/\/www.20minutes.fr\/arts-stars\/people\/4186203-20251117-karine-marchand-chantal-thomas-who-who-in-france-feminise-part-loin\" class=\"c-link c-link--is-underlined\" target=\"_blank\" rel=\"noopener\">Karine Le\u00a0Marchand<\/a> fera le point sur le statut sentimental <a href=\"https:\/\/www.20minutes.fr\/diaporama\/diaporama-4135650-amour-pre-decouvrez-15-candidats-saison-20\" class=\"c-link c-link--is-underlined\" target=\"_blank\" rel=\"noopener\">des agriculteurs et agricultrices de cette \u00e9dition<\/a>. Ce qui ne sera pas forc\u00e9ment racont\u00e9, en revanche, c\u2019est la mani\u00e8re dont les protagonistes ont (re)v\u00e9cu leur aventure en d\u00e9couvrant les images de leurs romances lors de leur diffusion \u00e0 la t\u00e9l\u00e9vision.<\/p>\n<p>Gilles, c\u00e9r\u00e9alier des Pays-de-la-Loire, a ainsi \u00e9t\u00e9 surpris par les propos tenus dans son dos par l\u2019une de ses pr\u00e9tendantes. \u00ab\u00a0Apr\u00e8s le speed dating, Pascaline a \u00e9t\u00e9 interview\u00e9e et ce qu\u2019elle a d\u00e9clar\u00e9 m\u2019a choqu\u00e9, a-t-il confi\u00e9 lors d\u2019une conf\u00e9rence de presse organis\u00e9e au si\u00e8ge de M6 mi-octobre. Je me suis dit que <a href=\"https:\/\/www.20minutes.fr\/arts-stars\/television\/4166611-20250824-amour-pre-comment-production-influence-agriculteurs-choix-pretendantes\" class=\"c-link c-link--is-underlined\" target=\"_blank\" rel=\"noopener\">j\u2019aurais d\u00fb choisir quelqu\u2019un d\u2019autre<\/a> \u00e0 sa place pour le s\u00e9jour \u00e0 la ferme. J\u2019ai compris qu\u2019elle ne venait pas pour l\u2019amour mais plus parce qu\u2019elle \u00e9tait \u00ab\u00a0professionnellement int\u00e9ress\u00e9e\u00a0\u00bb.\u00a0\u00bb<\/p>\n<p>D\u2019ailleurs, il assure que lorsque ses pr\u00e9tendantes sont arriv\u00e9es chez lui, il a pris conscience qu\u2019il n\u2019avait pas forc\u00e9ment fait le bon choix\u00a0: \u00ab\u00a0Direct, d\u00e8s la premi\u00e8re heure, Pascaline a commenc\u00e9 \u00e0 se projeter, \u00e0 faire des projets dans la ferme.\u00a0\u00bb<\/p>\n<p>Isabelle surprise de d\u00e9couvrir une Pascaline \u00ab\u00a0dans la rivalit\u00e9\u00a0\u00bb<\/p>\n<p>Gilles a finalement jet\u00e9 son d\u00e9volu sur Isabelle, l\u2019autre femme qu\u2019il a s\u00e9lectionn\u00e9e pour le s\u00e9jour sur son exploitation. Cette derni\u00e8re est aussi tomb\u00e9e de haut en d\u00e9couvrant ce qu\u2019a pu d\u00e9clarer Pascaline en apart\u00e9 et face cam\u00e9ra\u00a0: \u00ab\u00a0On s\u2019\u00e9tait tellement bien entendues\u2026 Je ne pensais pas qu\u2019elle \u00e9tait autant dans la rivalit\u00e9.\u00a0\u00bb<\/p>\n<\/p>\n<p>Laurence, qui a su s\u00e9duire Laurent, \u00e9leveur de vaches et de brebis en Auvergne-Rh\u00f4ne-Alpes Rh\u00f4ne-Alpes, a quant \u00e0 elle pass\u00e9 un tr\u00e8s mauvais moment en d\u00e9couvrant les speed datings \u00e0 la t\u00e9l\u00e9vision. \u00ab\u00a0Comme <a href=\"https:\/\/www.20minutes.fr\/dossier\/karine_le_marchand\" class=\"c-link c-link--is-underlined\" target=\"_blank\" rel=\"noopener\">Karine Le\u00a0Marchand<\/a> l\u2019a soulign\u00e9, Laurent a du mal \u00e0 soutenir le regard de la personne qu\u2019il a en face de lui. C\u2019est ce qu\u2019il s\u2019est pass\u00e9 avec moi et j\u2019ai eu l\u2019impression que la rencontre n\u2019avait pas eu lieu\u00a0\u00bb, a-t-elle expliqu\u00e9. Or, avec Fran\u00e7oise, qu\u2019il a \u00e9galement s\u00e9lectionn\u00e9e pour le s\u00e9jour \u00e0 la ferme, les choses se sont pass\u00e9es tout autrement\u00a0: lors du t\u00eate \u00e0 t\u00eate, l\u2019agriculteur avait le regard plong\u00e9 dans le sien.<\/p>\n<p>Laurence d\u00e9prim\u00e9e par les images de Laurent avec Fran\u00e7oise<\/p>\n<p>\u00ab\u00a0J\u2019ai donc vu \u00e0 la t\u00e9l\u00e9 mon Laurent avec les yeux en mode lover. Dit comme \u00e7a, c\u2019est dr\u00f4le. Mais apr\u00e8s avoir vu le comportement qu\u2019il a eu avec elle, je peux vous dire que retourner au boulot le lendemain, ce n\u2019est pas \u00e9vident. On me disait \u00ab\u00a0On vous a vus, vous \u00e9tiez super\u00a0!\u00a0\u00bb. J\u2019ai fait bonne figure mais, une fois dans mon bureau, je me suis \u00e9croul\u00e9e. J\u2019ai eu deux jours de down [de d\u00e9prime] \u00e0 cause de ces images montrant Laurent avoir avec Fran\u00e7oise l\u2019attitude qu\u2019il n\u2019a pas eue avec moi\u00a0\u00bb, a-t-elle poursuivi.<\/p>\n<p><a href=\"https:\/\/www.20minutes.fr\/television\/l_amour_est_dans_le_pr\/\" class=\"c-link c-btn c-btn--primary\" target=\"_blank\" rel=\"noopener\">Nos articles sur L&rsquo;amour est dans le pr\u00e9<\/a><\/p>\n<p>La diffusion t\u00e9l\u00e9 peut aussi avoir de bons c\u00f4t\u00e9s. \u00ab\u00a0J\u2019ai d\u00e9couvert que, quand je suis arriv\u00e9e sur la p\u00e9niche, Laurent m\u2019a dit \u00ab\u00a0Tu es belle\u00a0\u00bb. Moi, je ne l\u2019avais pas entendu, sans doute \u00e0 cause de la pression, parce que je n\u2019\u00e9tais pas en terrain connu\u00a0\u00bb, avance Laurence. Cela aurait \u00e9t\u00e9 dommage que ce joli compliment se perde dans l\u2019oubli.<\/p>\n","protected":false},"excerpt":{"rendered":"C\u2019est l\u2019heure du bilan pour la saison 20 de \u00ab\u00a0L\u2019amour est dans le pr\u00e9\u00a0\u00bb. Ces lundis 24\u00a0novembre et&hellip;\n","protected":false},"author":2,"featured_media":554865,"comment_status":"","ping_status":"","sticky":false,"template":"","format":"standard","meta":{"footnotes":""},"categories":[8],"tags":[2572,1376,58,59,1011,27,5413,9307,494,252],"class_list":{"0":"post-554864","1":"post","2":"type-post","3":"status-publish","4":"format-standard","5":"has-post-thumbnail","7":"category-divertissement","8":"tag-agriculteurs","9":"tag-amour","10":"tag-divertissement","11":"tag-entertainment","12":"tag-fr","13":"tag-france","14":"tag-karine-le-marchand","15":"tag-lamour-est-dans-le-pre","16":"tag-m6","17":"tag-television"},"share_on_mastodon":{"url":"https:\/\/pubeurope.com\/@fr\/115603337623495420","error":""},"_links":{"self":[{"href":"https:\/\/www.europesays.com\/fr\/wp-json\/wp\/v2\/posts\/554864","targetHints":{"allow":["GET"]}}],"collection":[{"href":"https:\/\/www.europesays.com\/fr\/wp-json\/wp\/v2\/posts"}],"about":[{"href":"https:\/\/www.europesays.com\/fr\/wp-json\/wp\/v2\/types\/post"}],"author":[{"embeddable":true,"href":"https:\/\/www.europesays.com\/fr\/wp-json\/wp\/v2\/users\/2"}],"replies":[{"embeddable":true,"href":"https:\/\/www.europesays.com\/fr\/wp-json\/wp\/v2\/comments?post=554864"}],"version-history":[{"count":0,"href":"https:\/\/www.europesays.com\/fr\/wp-json\/wp\/v2\/posts\/554864\/revisions"}],"wp:featuredmedia":[{"embeddable":true,"href":"https:\/\/www.europesays.com\/fr\/wp-json\/wp\/v2\/media\/554865"}],"wp:attachment":[{"href":"https:\/\/www.europesays.com\/fr\/wp-json\/wp\/v2\/media?parent=554864"}],"wp:term":[{"taxonomy":"category","embeddable":true,"href":"https:\/\/www.europesays.com\/fr\/wp-json\/wp\/v2\/categories?post=554864"},{"taxonomy":"post_tag","embeddable":true,"href":"https:\/\/www.europesays.com\/fr\/wp-json\/wp\/v2\/tags?post=554864"}],"curies":[{"name":"wp","href":"https:\/\/api.w.org\/{rel}","templated":true}]}}