{"id":554866,"date":"2025-11-24T06:48:23","date_gmt":"2025-11-24T06:48:23","guid":{"rendered":"https:\/\/www.europesays.com\/fr\/554866\/"},"modified":"2025-11-24T06:48:23","modified_gmt":"2025-11-24T06:48:23","slug":"microsoft-le-ressuscite-pour-les-fans-de-la-vieille-ecole","status":"publish","type":"post","link":"https:\/\/www.europesays.com\/fr\/554866\/","title":{"rendered":"Microsoft le ressuscite pour les fans de la vieille \u00e9cole"},"content":{"rendered":"<p>Il faut remercier Microsoft pour ce geste.<\/p>\n<p>J\u2019en profite pour souligner que la loi devrait \u00eatre mieux adapt\u00e9 pour la pr\u00e9servation des logiciels.<\/p>\n<p>D\u2019une part, la dur\u00e9e de protection est trop longue, il faudrait revenir aux 25 ans qui \u00e9tait la dur\u00e9e choisie initialement en France.<\/p>\n<p>D\u2019autre part, pour pr\u00e9tendre pr\u00e9server un logiciel, il parait \u00e9vident que le code source doit \u00e9galement  \u00eatre pr\u00e9serv\u00e9 et pouvoir \u00eatre divulgu\u00e9 \u00e0 l\u2019\u00e9ch\u00e9ance des droits.<\/p>\n<p>Pour finir, il existe aujourd\u2019hui un besoin de pr\u00e9servation des int\u00e9r\u00eats des utilisateurs en cas de faillite d\u2019un \u00e9diteur ou de fin de commercialisation d\u2019un produit ou d\u2019un service : utiliser un logiciel, c\u2019est devenir d\u00e9pendant.<\/p>\n<p>Le probl\u00e8me devient \u00e9vident pour le logiciel d\u2019aujourd\u2019hui qui repose de plus en plus sur des parties tournant \u00ab\u00a0en ligne\u00a0\u00bb et qui pourraient dispara\u00eetre totalement sans pr\u00e9servation possible puisque ni le code source, ni le code ex\u00e9cutable ne sont jamais divulgu\u00e9s. Ou pas dans leur totalit\u00e9.<\/p>\n<p>Il faut comprendre que l\u2019id\u00e9e du droit d\u2019auteur, c\u2019est d\u2019\u00eatre une concession provisoire limit\u00e9e dans le temps. Mais que l\u2019oeuvre doit t\u00f4t ou tard revenir au domaine public. Ce n\u2019est pas juste une \u00e9ventualit\u00e9, mais une obligation.<\/p>\n<p>Pour ces raisons, il faudrait :<\/p>\n<p>(1) Obliger \u00e0 un d\u00e9pot l\u00e9gal du logiciel AVEC son code source pour toute diffusion en France.<br \/>(2) Ramener la dur\u00e9e des droits d\u2019auteur sur le logiciel \u00e0 25 ans \u00e0 partir de la date de d\u00e9pot (dur\u00e9e qui est plus que suffisante).<br \/>(3) Pouvoir proc\u00e9der \u00e0 une d\u00e9ch\u00e9ance de droit anticip\u00e9 en cas de fin de commercialisation ou de support s\u2019il s\u2019av\u00e8re que des utilisateurs sont bloqu\u00e9s pour continuer son usage ou lui apporter des \u00e9volutions n\u00e9cessaires. Cette d\u00e9ch\u00e9ance devrait \u00eatre automatique dans le cas ou ils sont n\u00e9cessaire \u00e0 l\u2019op\u00e9ration de machines industrielles, pour \u00e9viter leur mise au rebut pr\u00e9matur\u00e9.<\/p>\n","protected":false},"excerpt":{"rendered":"Il faut remercier Microsoft pour ce geste. J\u2019en profite pour souligner que la loi devrait \u00eatre mieux adapt\u00e9&hellip;\n","protected":false},"author":2,"featured_media":554867,"comment_status":"","ping_status":"","sticky":false,"template":"","format":"standard","meta":{"footnotes":""},"categories":[7],"tags":[1011,27,43,40,41,39,42,44],"class_list":{"0":"post-554866","1":"post","2":"type-post","3":"status-publish","4":"format-standard","5":"has-post-thumbnail","7":"category-sciences-et-technologies","8":"tag-fr","9":"tag-france","10":"tag-science","11":"tag-science-and-technology","12":"tag-sciences","13":"tag-sciences-et-technologies","14":"tag-technologies","15":"tag-technology"},"share_on_mastodon":{"url":"https:\/\/pubeurope.com\/@fr\/115603341713393633","error":""},"_links":{"self":[{"href":"https:\/\/www.europesays.com\/fr\/wp-json\/wp\/v2\/posts\/554866","targetHints":{"allow":["GET"]}}],"collection":[{"href":"https:\/\/www.europesays.com\/fr\/wp-json\/wp\/v2\/posts"}],"about":[{"href":"https:\/\/www.europesays.com\/fr\/wp-json\/wp\/v2\/types\/post"}],"author":[{"embeddable":true,"href":"https:\/\/www.europesays.com\/fr\/wp-json\/wp\/v2\/users\/2"}],"replies":[{"embeddable":true,"href":"https:\/\/www.europesays.com\/fr\/wp-json\/wp\/v2\/comments?post=554866"}],"version-history":[{"count":0,"href":"https:\/\/www.europesays.com\/fr\/wp-json\/wp\/v2\/posts\/554866\/revisions"}],"wp:featuredmedia":[{"embeddable":true,"href":"https:\/\/www.europesays.com\/fr\/wp-json\/wp\/v2\/media\/554867"}],"wp:attachment":[{"href":"https:\/\/www.europesays.com\/fr\/wp-json\/wp\/v2\/media?parent=554866"}],"wp:term":[{"taxonomy":"category","embeddable":true,"href":"https:\/\/www.europesays.com\/fr\/wp-json\/wp\/v2\/categories?post=554866"},{"taxonomy":"post_tag","embeddable":true,"href":"https:\/\/www.europesays.com\/fr\/wp-json\/wp\/v2\/tags?post=554866"}],"curies":[{"name":"wp","href":"https:\/\/api.w.org\/{rel}","templated":true}]}}