{"id":554868,"date":"2025-11-24T06:49:13","date_gmt":"2025-11-24T06:49:13","guid":{"rendered":"https:\/\/www.europesays.com\/fr\/554868\/"},"modified":"2025-11-24T06:49:13","modified_gmt":"2025-11-24T06:49:13","slug":"impossible-davoir-froid-a-34-e-chez-action-cet-accessoire-star-de-lhiver-vous-garde-au-chaud-tout-en-reduisant-vos-factures","status":"publish","type":"post","link":"https:\/\/www.europesays.com\/fr\/554868\/","title":{"rendered":"\u00ab\u00a0Impossible d\u2019avoir froid !\u00a0\u00bb : \u00e0 34 \u20ac chez Action, cet accessoire star de l\u2019hiver vous garde au chaud tout en r\u00e9duisant vos factures"},"content":{"rendered":"<p itemprop=\"description\">Les journ\u00e9es raccourcissent, et c\u2019est le<br \/>\nmoment id\u00e9al pour s\u2019enrouler dans quelque chose de douillet.<\/p>\n<p data-start=\"249\" data-end=\"709\">Quand les premiers frissons de<br \/>\nl\u2019automne se font sentir et que les journ\u00e9es raccourcissent, il y a<br \/>\nce petit moment o\u00f9 l\u2019on r\u00e9alise que l\u2019hiver arrive \u00e0 grands pas.<br \/>\nLes <a href=\"https:\/\/www.bibamagazine.fr\/mode\/shopping\/parfait-pour-lhiver-ce-joli-pull-lidl-valide-par-100-des-clientes-affiche-un-prix-derisoire-493525.html\" target=\"_blank\" rel=\"noopener\">pulls<\/a> moelleux sortent du<br \/>\nplacard, les <a href=\"https:\/\/www.bibamagazine.fr\/lifestyle\/sante\/pourquoi-ne-surtout-pas-mettre-miel-dans-boissons-chaudes-456483.html\" target=\"_blank\" rel=\"noopener\">boissons chaudes<\/a> deviennent<br \/>\nindispensables et on se surprend \u00e0 r\u00eaver de soir\u00e9es longues et<br \/>\ndouillettes \u00e0 la maison. Mais voil\u00e0, tout le monde sait que<br \/>\nmaintenir l\u2019appartement \u00e0 temp\u00e9rature id\u00e9ale peut rapidement se<br \/>\ntransformer en casse-t\u00eate pour le portefeuille. Quand le mercure<br \/>\ncommence \u00e0 descendre et que le chauffage devient l\u2019ennemi des<br \/>\nfinances, il faut parfois se montrer un peu ing\u00e9nieux pour rester<br \/>\nbien au chaud sans exploser ses factures.<\/p>\n<p data-start=\"249\" data-end=\"709\">La solution\u202f? Une<br \/>\n<strong>couverture chauffante<\/strong> qui fait bien plus que<br \/>\nr\u00e9chauffer : elle transforme les soir\u00e9es froides en v\u00e9ritables<br \/>\ncocons de confort. On enfile, on se love et on laisse la chaleur se<br \/>\ndiffuser doucement pendant que la <a href=\"https:\/\/www.bibamagazine.fr\/culture\/tele-series\/jai-adore-incroyable-cette-serie-tf1-avec-patrick-bruel-laisse-tout-le-monde-bouche-bee-494727.html\" target=\"_blank\" rel=\"noopener\">s\u00e9rie<\/a> ou le <a href=\"https:\/\/www.bibamagazine.fr\/culture\/livres\/un-vrai-chef-doeuvre-ce-livre-recompense-par-le-prix-jean-giono-2025-est-en-top-des-ventes-494401.html\" target=\"_blank\" rel=\"noopener\">livre<\/a> pr\u00e9f\u00e9r\u00e9 fait le reste.<\/p>\n<p>Une chaleur r\u00e9glable, s\u00fbre et<br \/>\nadapt\u00e9e \u00e0 tous les moments<\/p>\n<p data-start=\"278\" data-end=\"747\">Cette <strong>couverture de 130<br \/>\nx 180 cm<\/strong>, c\u2019est un peu comme un cocon g\u00e9ant que l\u00a0\u00bbon peut<br \/>\ndompter \u00e0 volont\u00e9. Avec ses <strong>neuf niveaux de<br \/>\nchaleur<\/strong>, on peut vraiment choisir si on veut juste un<br \/>\npetit boost chaleureux ou se retrouver envelopp\u00e9 dans une chaleur<br \/>\npresque trop confortable pour bouger du <a href=\"https:\/\/www.bibamagazine.fr\/lifestyle\/vie-quotidienne\/adieu-les-canapes-lourds-cette-assise-japonaise-ingenieuse-optimise-lespace-de-votre-salon-489792.html\" target=\"_blank\" rel=\"noopener\">canap\u00e9<\/a>. C\u2019est pratique quand la<br \/>\nm\u00e9t\u00e9o joue aux montagnes russes ou quand l\u2019appartement a des coins<br \/>\nplus froids que d\u2019autres \u2013 parce qu\u2019on sait tous que certaines<br \/>\npi\u00e8ces semblent \u00eatre en mode igloo surtout en plein hiver.<\/p>\n<p data-start=\"749\" data-end=\"1395\">Et le meilleur dans tout cela,<br \/>\nc\u2019est que cela ne se fait pas au d\u00e9triment de la s\u00e9curit\u00e9. La<br \/>\ncouverture est \u00e9quip\u00e9e d\u2019une <strong>protection contre la<br \/>\nsurchauffe<\/strong>, donc pas de risque de finir trop \u00e9touff\u00e9 sous<br \/>\nla chaleur, et <strong>elle s\u2019\u00e9teint automatiquement apr\u00e8s trois<br \/>\nheures<\/strong>. Franchement, cela tombe bien pour les soir\u00e9es o\u00f9<br \/>\non finit par s\u2019assoupir devant une s\u00e9rie\u2026 Sans se soucier de<br \/>\nl\u2019oublier allum\u00e9e. On peut aussi s\u2019installer pour travailler \u00e0<br \/>\ndomicile, lire ou juste tra\u00eener, et la chaleur reste cibl\u00e9e<br \/>\nexactement l\u00e0 o\u00f9 il faut. C\u2019est le genre d\u2019accessoire qui donne<br \/>\nl\u2019impression d\u2019avoir un <a href=\"https:\/\/www.bibamagazine.fr\/lifestyle\/vie-quotidienne\/il-fait-bien-son-job-tres-pratique-ce-mini-chauffage-soufflant-lidl-a-moins-de-12e-assure-un-hiver-sans-frissonner-494632.html\" target=\"_blank\" rel=\"noopener\">mini chauffage<\/a> personnel, sans<br \/>\nfaire grimper la facture d\u2019\u00e9lectricit\u00e9.<\/p>\n<p data-start=\"749\" data-end=\"1395\"><img loading=\"lazy\" decoding=\"async\" itemprop=\"thumbnailUrl\" class=\"size-rw_gallery_full wp-image-494920 img-responsive aligncenter pinit-here\" src=\"https:\/\/www.europesays.com\/fr\/wp-content\/uploads\/2025\/11\/3218588_4262450560107-110_01_t4o9zq-410x410.jpg\" alt=\"\" width=\"410\" height=\"410\" data-pin-media=\"https:\/\/www.bibamagazine.fr\/wp-content\/uploads\/biba\/2025\/11\/3218588_4262450560107-110_01_t4o9zq-736x736.jpg\"\/><br \/>\n\u00a9<br \/>\nAction<\/p>\n<p>Confort pratique et entretien sans prise de t\u00eate<\/p>\n<p data-start=\"312\" data-end=\"684\">On ne va pas se mentir, une<br \/>\n<strong>couverture chauffante<\/strong> qui se lave facilement, cela<br \/>\nchange vraiment la vie. Avec son cordon amovible, elle peut passer<br \/>\nen <strong>machine \u00e0 30\u202f\u00b0C<\/strong> sans prise de t\u00eate. Autant dire<br \/>\nque cela simplifie sacr\u00e9ment le quotidien, surtout quand on aime<br \/>\nque tout reste propre et cosy.<\/p>\n<p data-start=\"686\" data-end=\"1311\">C\u00f4t\u00e9 style, elle ne choque pas.<br \/>\nLes coloris sobres, <strong>beige ou gris<\/strong>, lui permettent<br \/>\nde s\u2019int\u00e9grer facilement dans le salon ou la chambre, m\u00eame si l\u2019on<br \/>\nest un peu maniaque du d\u00e9co. Et au-del\u00e0 de l\u2019aspect esth\u00e9tique,<br \/>\nelle se r\u00e9v\u00e8le super pratique pour <strong>\u00e9conomiser sur le<br \/>\nchauffage<\/strong> : au lieu de chauffer toute la maison, on<br \/>\nprofite de sa chaleur cibl\u00e9e exactement l\u00e0 o\u00f9 il faut. R\u00e9sultat,<br \/>\nl\u2019hiver devient moins contraignant, les soir\u00e9es sont plus<br \/>\ndouillettes, et la maison se transforme en v\u00e9ritable refuge cosy o\u00f9<br \/>\non a juste envie de rester enfoui. Bref, c\u2019est le genre de petit<br \/>\nluxe qui fait sourire quand il fait froid dehors.<\/p>\n<blockquote class=\"tiktok-embed\" cite=\"https:\/\/www.tiktok.com\/@leaisi_\/video\/7557725363254594838#038;sender_device=pc&amp;web_id=7367317185449395745\" data-video-id=\"7557725363254594838\" style=\"max-width: 605px;min-width: 325px;\"><p>\n<a target=\"_blank\" href=\"https:\/\/www.tiktok.com\/@leaisi_\/video\/7557725363254594838#038;sender_device=pc&amp;web_id=7367317185449395745\" rel=\"noopener\"><br \/>\n<img decoding=\"async\" src=\"https:\/\/www.tiktok.com\/img\/logo.png\" alt=\"TikTok Logo\"\/><\/a>\n<\/p><\/blockquote>\n<p class=\"heading-2xl mb-1\">Couverture chauffante, 34.95 \u20ac \u00e0<br \/>\nAction<\/p>\n<p><script async src=\"\/\/www.tiktok.com\/embed.js\"><\/script><\/p>\n","protected":false},"excerpt":{"rendered":"Les journ\u00e9es raccourcissent, et c\u2019est le moment id\u00e9al pour s\u2019enrouler dans quelque chose de douillet. Quand les premiers&hellip;\n","protected":false},"author":2,"featured_media":554869,"comment_status":"","ping_status":"","sticky":false,"template":"","format":"standard","meta":{"footnotes":""},"categories":[6],"tags":[35,33,34,1011,27],"class_list":{"0":"post-554868","1":"post","2":"type-post","3":"status-publish","4":"format-standard","5":"has-post-thumbnail","7":"category-economie","8":"tag-business","9":"tag-economie","10":"tag-economy","11":"tag-fr","12":"tag-france"},"share_on_mastodon":{"url":"https:\/\/pubeurope.com\/@fr\/115603346623296124","error":""},"_links":{"self":[{"href":"https:\/\/www.europesays.com\/fr\/wp-json\/wp\/v2\/posts\/554868","targetHints":{"allow":["GET"]}}],"collection":[{"href":"https:\/\/www.europesays.com\/fr\/wp-json\/wp\/v2\/posts"}],"about":[{"href":"https:\/\/www.europesays.com\/fr\/wp-json\/wp\/v2\/types\/post"}],"author":[{"embeddable":true,"href":"https:\/\/www.europesays.com\/fr\/wp-json\/wp\/v2\/users\/2"}],"replies":[{"embeddable":true,"href":"https:\/\/www.europesays.com\/fr\/wp-json\/wp\/v2\/comments?post=554868"}],"version-history":[{"count":0,"href":"https:\/\/www.europesays.com\/fr\/wp-json\/wp\/v2\/posts\/554868\/revisions"}],"wp:featuredmedia":[{"embeddable":true,"href":"https:\/\/www.europesays.com\/fr\/wp-json\/wp\/v2\/media\/554869"}],"wp:attachment":[{"href":"https:\/\/www.europesays.com\/fr\/wp-json\/wp\/v2\/media?parent=554868"}],"wp:term":[{"taxonomy":"category","embeddable":true,"href":"https:\/\/www.europesays.com\/fr\/wp-json\/wp\/v2\/categories?post=554868"},{"taxonomy":"post_tag","embeddable":true,"href":"https:\/\/www.europesays.com\/fr\/wp-json\/wp\/v2\/tags?post=554868"}],"curies":[{"name":"wp","href":"https:\/\/api.w.org\/{rel}","templated":true}]}}