{"id":554870,"date":"2025-11-24T06:50:12","date_gmt":"2025-11-24T06:50:12","guid":{"rendered":"https:\/\/www.europesays.com\/fr\/554870\/"},"modified":"2025-11-24T06:50:12","modified_gmt":"2025-11-24T06:50:12","slug":"frappes-americaines-dans-les-caraibes-les-europeens-limitent-le-partage-de-renseignements-avec-washington-rfi","status":"publish","type":"post","link":"https:\/\/www.europesays.com\/fr\/554870\/","title":{"rendered":"Frappes am\u00e9ricaines dans les Cara\u00efbes: les Europ\u00e9ens limitent le partage de renseignements avec Washington &#8211; RFI"},"content":{"rendered":"<ol>\n<li><a href=\"https:\/\/news.google.com\/rss\/articles\/CBMi-gFBVV95cUxPbGhoNlFIY0dMVjA2aU9CYjNlUE15SHI0OVBDUmdxQ0NsS0I5NWt3NG9fU2hKWFFmRHJVM2tNQXhJdTNaQS1mNHdsTnctdllNNEczUVJwNEl1Z0pKRXFKT1ptTzdZOXlvaDcyQzVSUXdTdkNvSDV3R0ZLQVV1dmI2TFpOMmVXMjBmU3FlRllaNFd2NXhjT2dJSlNreExhRVRnMTUyWWVmWHNhQ2h4amVobU5hb0VJUDFJaFZVR2VoWlBFVHNvQk1wOC1pa3pYeUo5T2NlRTlFMTU0XzBOT0taSGE4Z20zZjIzekw2SDlaVFgxWXVFcEVpM1Rn?oc=5\" target=\"_blank\" rel=\"noopener\">Frappes am\u00e9ricaines dans les Cara\u00efbes: les Europ\u00e9ens limitent le partage de renseignements avec Washington<\/a>&nbsp;&nbsp;RFI<\/li>\n<li><a href=\"https:\/\/news.google.com\/rss\/articles\/CBMiowJBVV95cUxNRllxOXJqOWphVUxvUDFLTDBmQ3V1M21odzZJSEtCT1k2ZW9ZSEFxNUVJZ0M4QUFLeGRVYmppRkxSeDM2VWloNFE4WWdhMzg2YzJtUURtbERPSkZhX0I4enoyMVBScThFTjEyLU1KTVgxeC1mclJQXzlxZmhjeElTd29CZkd0TDNnV05pOHpQXzg3d2djMTV6WC1EU1lEZ1poR3psUXhlR1k5RkdBR0VmTzd4bWttbUFQbnotWUhfai16ODM4dzJSdnc5MW03S2dzaUNGdkRrT1owT1RTaloyalNpZW5XaTdBTWNma1k1OGRSSk1yR1M1TUhWT3c0amxuRHJidEt4aGxwQ3BfaDNPbnZwdTljdUVuUVBlQ3B5TGV5bFU?oc=5\" target=\"_blank\" rel=\"noopener\">Face \u00e0 l\u2019augmentation de l\u2019activit\u00e9 militaire am\u00e9ricaine, des compagnies a\u00e9riennes annulent leurs liaisons avec le Venezuela<\/a>&nbsp;&nbsp;Le Monde.fr<\/li>\n<li><a href=\"https:\/\/news.google.com\/rss\/articles\/CBMivAFBVV95cUxQXzlKeHBsNlNFNXM1V0ZGQXRFZl9VelZYQnZweUs5OGw0VnJCcXF3c2xDT3ItanozeU9NckZ3c2RBOElQcDdLYWdIM1RfaFU5NEZaNVpqeERjMEZKY05JVXBiRXlNRjFBV3ZnOWRCSlJYcUExWjdNTUhrajZ0TnM1M0c4SHkxTWlPa3A4cHVZVkViNF9ackQ1ZEI4cDhFQllTTlJZeDVxanRzUDYzb29nXzJ6ejI3VHlnTVgxdA?oc=5\" target=\"_blank\" rel=\"noopener\">Plusieurs compagnies a\u00e9riennes annulent leurs liaisons avec le Venezuela<\/a>&nbsp;&nbsp;Les Echos<\/li>\n<li><a href=\"https:\/\/news.google.com\/rss\/articles\/CBMi5wFBVV95cUxONU5xM3Z2cFM0UnVWVWxha01XS2pMRXdOSEFBaWRvbG1TOXpQWE9tOVNuOXdBRjJvY2dmaHk2Q05TQV9uMi15SDEya3paTkwwSjZ6TjBBWmJEdVlXemd0REgxNWRCZTlHRGxPNG91U0lTQWtSajNQWWZwMGk2Y041Q1I5RWpQbVI4cTF1TXpsMm9tZmI2czlUQmJNdnBoVlhQLWF1bEF5SmpfMFEtbU15R2w3YmV3TzFVVUt5T1VfQXAyWFVjaWNUcWY0WEt0NnlZdC1vY0FfaUF2RW9JZ0t2QWRhS3h3cm8?oc=5\" target=\"_blank\" rel=\"noopener\">Les \u00c9tats-Unis classent comme groupe terroriste un suppos\u00e9 cartel dirig\u00e9 par Nicolas Maduro<\/a>&nbsp;&nbsp;RFI<\/li>\n<li><a href=\"https:\/\/news.google.com\/rss\/articles\/CBMi7gFBVV95cUxQS1pBT0VuYjBFc2JnWUhlaW9fQ0FlRjdqWWU1eWFIdHRZM28wd3k4VC04X0E4Y2doeE9TdmwtcE96ZFFVeDB6OGM4NGQ5X2d0NnBQRlplcFZUMVdaV2pVc3M4NFRDVG9uSmduVmxyX29kQzZqa2tGT0dWV0pUdjk5U3BBcGJVT3dXTGE0UGpZRmNKQ1J0aFJRYnczWWo0RjNOQlFlUDlOSTA5a1NZVWdUTXptdmVROFF5RG1jMWdNREVoSTF0Y2VicjhQVVFPT3R6QUpXQTBDZzNXYlVRLThNdU9Xak5KaS1HVlR6SVBB?oc=5\" target=\"_blank\" rel=\"noopener\">\u00ab Aucune raison d\u2019avoir une guerre \u00bb : Lula \u00ab tr\u00e8s inquiet \u00bb de la pr\u00e9sence militaire am\u00e9ricaine pr\u00e8s du Venezuela<\/a>&nbsp;&nbsp;Sud Ouest<\/li>\n<\/ol>\n","protected":false},"excerpt":{"rendered":"Frappes am\u00e9ricaines dans les Cara\u00efbes: les Europ\u00e9ens limitent le partage de renseignements avec Washington&nbsp;&nbsp;RFI Face \u00e0 l\u2019augmentation de&hellip;\n","protected":false},"author":2,"featured_media":395849,"comment_status":"","ping_status":"","sticky":false,"template":"","format":"standard","meta":{"footnotes":""},"categories":[5],"tags":[11,1011,27,14,12,28],"class_list":{"0":"post-554870","1":"post","2":"type-post","3":"status-publish","4":"format-standard","5":"has-post-thumbnail","7":"category-international","8":"tag-actualites","9":"tag-fr","10":"tag-france","11":"tag-international","12":"tag-news","13":"tag-world"},"share_on_mastodon":{"url":"https:\/\/pubeurope.com\/@fr\/115603349462752725","error":""},"_links":{"self":[{"href":"https:\/\/www.europesays.com\/fr\/wp-json\/wp\/v2\/posts\/554870","targetHints":{"allow":["GET"]}}],"collection":[{"href":"https:\/\/www.europesays.com\/fr\/wp-json\/wp\/v2\/posts"}],"about":[{"href":"https:\/\/www.europesays.com\/fr\/wp-json\/wp\/v2\/types\/post"}],"author":[{"embeddable":true,"href":"https:\/\/www.europesays.com\/fr\/wp-json\/wp\/v2\/users\/2"}],"replies":[{"embeddable":true,"href":"https:\/\/www.europesays.com\/fr\/wp-json\/wp\/v2\/comments?post=554870"}],"version-history":[{"count":0,"href":"https:\/\/www.europesays.com\/fr\/wp-json\/wp\/v2\/posts\/554870\/revisions"}],"wp:featuredmedia":[{"embeddable":true,"href":"https:\/\/www.europesays.com\/fr\/wp-json\/wp\/v2\/media\/395849"}],"wp:attachment":[{"href":"https:\/\/www.europesays.com\/fr\/wp-json\/wp\/v2\/media?parent=554870"}],"wp:term":[{"taxonomy":"category","embeddable":true,"href":"https:\/\/www.europesays.com\/fr\/wp-json\/wp\/v2\/categories?post=554870"},{"taxonomy":"post_tag","embeddable":true,"href":"https:\/\/www.europesays.com\/fr\/wp-json\/wp\/v2\/tags?post=554870"}],"curies":[{"name":"wp","href":"https:\/\/api.w.org\/{rel}","templated":true}]}}