{"id":554883,"date":"2025-11-24T07:01:16","date_gmt":"2025-11-24T07:01:16","guid":{"rendered":"https:\/\/www.europesays.com\/fr\/554883\/"},"modified":"2025-11-24T07:01:16","modified_gmt":"2025-11-24T07:01:16","slug":"exposition-a-toulon-en-hommage-a-lhistoire-et-a-la-memoire-des-sous-mariniers","status":"publish","type":"post","link":"https:\/\/www.europesays.com\/fr\/554883\/","title":{"rendered":"Exposition \u00e0 Toulon en hommage \u00e0 l\u2019histoire et \u00e0 la m\u00e9moire des sous mariniers"},"content":{"rendered":"<p>\t<img loading=\"lazy\" decoding=\"async\" src=\"https:\/\/www.europesays.com\/fr\/wp-content\/uploads\/2025\/11\/20251122_exposition_sous-marins_toulon-9ed16.jpg\" width=\"484\" height=\"641\"\/><\/p>\n<p>    Previous<\/p>\n<p>    Next<\/p>\n<p>Pr\u00e9sent\u00e9e par l\u2019association 800 Tonnes\/Renaissance, l\u2019exposition rend hommage \u00e0 l\u2019histoire, \u00e0 l\u2019ing\u00e9nierie et \u00e0 la m\u00e9moire des submersibles militaires. Elle s\u2019inscrit dans le cadre de la comm\u00e9moration du sabordage de la flotte de Toulon, survenu le 27 novembre 1942, \u00e9v\u00e9nement marquant de l\u2019histoire maritime fran\u00e7aise.<\/p>\n<p>Retrouvez l\u2019article sur le site du journal.<\/p>\n<p>Source : <a href=\"https:\/\/presseagence.fr\/toulon-exposition-des-sous-marins-et-des-sous-mariniers\/\" target=\"_blank\" rel=\"noopener\">Presse Agence<\/a><\/p>\n<p>\t\tEv\u00e9nements : <\/p>\n<p>Exposition \u00e0 Toulon en hommage \u00e0 l\u2019histoire et \u00e0 la m\u00e9moire des sous mariniers &#8211; du 24\/11\/2025 au 28\/11\/2025 : Carr\u00e9 du Port, quai Cronstadt &#8211; Toulon<\/p>\n","protected":false},"excerpt":{"rendered":"Previous Next Pr\u00e9sent\u00e9e par l\u2019association 800 Tonnes\/Renaissance, l\u2019exposition rend hommage \u00e0 l\u2019histoire, \u00e0 l\u2019ing\u00e9nierie et \u00e0 la m\u00e9moire&hellip;\n","protected":false},"author":2,"featured_media":554884,"comment_status":"","ping_status":"","sticky":false,"template":"","format":"standard","meta":{"footnotes":""},"categories":[9619],"tags":[1111,11,1777,674,1011,27,1110,567,12,882,25,36558,15169,2310],"class_list":{"0":"post-554883","1":"post","2":"type-post","3":"status-publish","4":"format-standard","5":"has-post-thumbnail","7":"category-toulon","8":"tag-actu","9":"tag-actualites","10":"tag-eu","11":"tag-europe","12":"tag-fr","13":"tag-france","14":"tag-informations","15":"tag-marine-nationale","16":"tag-news","17":"tag-provence-alpes-cote-dazur","18":"tag-republique-francaise","19":"tag-sous-marin","20":"tag-sous-marins","21":"tag-toulon"},"share_on_mastodon":{"url":"https:\/\/pubeurope.com\/@fr\/115603392947923763","error":""},"_links":{"self":[{"href":"https:\/\/www.europesays.com\/fr\/wp-json\/wp\/v2\/posts\/554883","targetHints":{"allow":["GET"]}}],"collection":[{"href":"https:\/\/www.europesays.com\/fr\/wp-json\/wp\/v2\/posts"}],"about":[{"href":"https:\/\/www.europesays.com\/fr\/wp-json\/wp\/v2\/types\/post"}],"author":[{"embeddable":true,"href":"https:\/\/www.europesays.com\/fr\/wp-json\/wp\/v2\/users\/2"}],"replies":[{"embeddable":true,"href":"https:\/\/www.europesays.com\/fr\/wp-json\/wp\/v2\/comments?post=554883"}],"version-history":[{"count":0,"href":"https:\/\/www.europesays.com\/fr\/wp-json\/wp\/v2\/posts\/554883\/revisions"}],"wp:featuredmedia":[{"embeddable":true,"href":"https:\/\/www.europesays.com\/fr\/wp-json\/wp\/v2\/media\/554884"}],"wp:attachment":[{"href":"https:\/\/www.europesays.com\/fr\/wp-json\/wp\/v2\/media?parent=554883"}],"wp:term":[{"taxonomy":"category","embeddable":true,"href":"https:\/\/www.europesays.com\/fr\/wp-json\/wp\/v2\/categories?post=554883"},{"taxonomy":"post_tag","embeddable":true,"href":"https:\/\/www.europesays.com\/fr\/wp-json\/wp\/v2\/tags?post=554883"}],"curies":[{"name":"wp","href":"https:\/\/api.w.org\/{rel}","templated":true}]}}