{"id":554891,"date":"2025-11-24T07:05:40","date_gmt":"2025-11-24T07:05:40","guid":{"rendered":"https:\/\/www.europesays.com\/fr\/554891\/"},"modified":"2025-11-24T07:05:40","modified_gmt":"2025-11-24T07:05:40","slug":"a-rouen-quel-bilan-pour-la-foire-saint-romain","status":"publish","type":"post","link":"https:\/\/www.europesays.com\/fr\/554891\/","title":{"rendered":"A Rouen, quel bilan pour la Foire Saint-Romain ?"},"content":{"rendered":"<p class=\"article__intro\">La Foire Saint-Romain a ferm\u00e9 ses portes ce dimanche \u00e0 Rouen apr\u00e8s quatre semaines de festivit\u00e9s. Une \u00e9dition qui a d\u00e9marr\u00e9 plus tard cette ann\u00e9e. Les visiteurs \u00e9taient-ils au rendez-vous ?<\/p>\n<p>\n      La Quotidienne Soci\u00e9t\u00e9\n    <\/p>\n<p>\n      De la vie quotidienne aux grands enjeux, recevez tous les jours les sujets qui font la soci\u00e9t\u00e9 locale, comme la justice, l\u2019\u00e9ducation, la sant\u00e9 et la famille.\n    <\/p>\n<p>    France T\u00e9l\u00e9visions utilise votre adresse e-mail afin de vous envoyer la newsletter \u00ab\u00a0La Quotidienne Soci\u00e9t\u00e9\u00a0\u00bb. Vous pouvez vous d\u00e9sinscrire \u00e0 tout moment via le lien en bas de cette newsletter. <a target=\"_blank\" href=\"https:\/\/www.francetelevisions.fr\/groupe\/confidentialite\/politique-de-confidentialite\/politique-de-confidentialite-de-france-televisions-6503\" rel=\"noopener\">Notre politique de confidentialit\u00e9<\/a><\/p>\n<p>Jusqu&rsquo;\u00e0 la derni\u00e8re minute, ils auront profit\u00e9 des man\u00e8ges de la Foire Saint-Romain de Rouen (Seine-Maritime). L&rsquo;\u00e9dition 2025 s&rsquo;est achev\u00e9e ce dimanche \u00e0 23 heures.<\/p>\n<p>Si les plus jeunes \u00e9taient \u00e0 la recherche de sensation, d&rsquo;autres sont venus r\u00e9galer leurs papilles. \u00ab\u00a0Comme tous les ans, je suis venu manger des croustillons\u00a0\u00bb nous raconte un visiteur d&rsquo;une cinquantaine d&rsquo;ann\u00e9es. \u00ab\u00a0Maintenant \u00e0 l&rsquo;\u00e2ge que j&rsquo;ai, je fais un petit peu moins de man\u00e8ges \u00e0 risque.\u00a0\u00bb<\/p>\n<p><a data-article-figure=\"\" href=\"https:\/\/france3-regions.franceinfo.fr\/image\/QKmCKh1RDKrEtBROxbhkSUSLs5U\/1600x1200\/regions\/2025\/11\/23\/whatsapp-image-2025-11-23-at-15-50-39-692349997ec8b528737305.jpg\" data-pswp-width=\"1600\" data-pswp-height=\"1200\" target=\"_blank\" rel=\"noopener\"><\/p>\n<p>          <img width=\"600\" height=\"400\" class=\"article-image lazy\" data-src=\"https:\/\/www.europesays.com\/fr\/wp-content\/uploads\/2025\/11\/whatsapp-image-2025-11-23-at-15-50-39-692349997ec8b528737305.jpg\" alt=\"Croustillons, pommes d'amour et autres sucettes g\u00e9antes font toujours le bonheur des visiteurs.\" fetchpriority=\"high\" as=\"image\"\/><\/p>\n<p>\n            Croustillons, pommes d&rsquo;amour et autres sucettes g\u00e9antes font toujours le bonheur des visiteurs.<br \/>\n                           \u2022<br \/>\n                                      \u00a9 FTV\n                      <\/p>\n<p><\/a><\/p>\n<p>Un peu plus loin une femme plus jeune raconte venir \u00e0 la foire chaque ann\u00e9e depuis qu&rsquo;elle est enfant : \u00ab\u00a0on appr\u00e9cie de passer un moment en famille et de manger du bon cochon grill\u00e9.\u00a0\u00bb<\/p>\n<p>Le cochon grill\u00e9, la sp\u00e9cialit\u00e9 qui attire chaque ann\u00e9e les visiteurs. Mais du c\u00f4t\u00e9 des restaurateurs, le bilan de cette \u00e9dition 2025 est mitig\u00e9. Des recettes en baisse de 10% par rapport \u00e0 l&rsquo;ann\u00e9e pr\u00e9c\u00e9dente pour le c\u00e9l\u00e8bre Ours Noir.<\/p>\n<p><a data-article-figure=\"\" href=\"https:\/\/france3-regions.franceinfo.fr\/image\/H-TnOVHxPkZq0LbBVagkZ3qIPGA\/1920x1080\/regions\/2025\/11\/23\/cochon-69234a2772fa4517018121.jpg\" data-pswp-width=\"1920\" data-pswp-height=\"1080\" target=\"_blank\" rel=\"noopener\"><\/p>\n<p>          <img width=\"600\" height=\"400\" class=\"article-image lazy\" data-src=\"https:\/\/www.europesays.com\/fr\/wp-content\/uploads\/2025\/11\/cochon-69234a2772fa4517018121.jpg\" alt=\"Le cochon grill\u00e9, l'une des sp\u00e9cialit\u00e9s de la Foire Saint-Romain\" fetchpriority=\"high\" as=\"image\"\/><\/p>\n<p>\n            Le cochon grill\u00e9, l&rsquo;une des sp\u00e9cialit\u00e9s de la Foire Saint-Romain<br \/>\n                           \u2022<br \/>\n                                      \u00a9 FTV \/ St\u00e9phane L&rsquo;H\u00f4te\n                      <\/p>\n<p><\/a><\/p>\n<p>\u00ab\u00a0C&rsquo;est un bilan maussade\u00a0\u00bb explique Agn\u00e8s Poetschke, propri\u00e9taire de l\u2019Ours Noir. \u00a0\u00bb Nous avons tr\u00e8s bien commenc\u00e9. Mais nous avons eu une semaine de moins pendant les vacances de la Toussaint. D&rsquo;habitude, nous sommes pr\u00e9sents les quinze jours. Le week-end dernier avec le spectacle de drones et la m\u00e9t\u00e9o cl\u00e9mente, nous avons eu beaucoup de monde. Mais depuis une semaine, les temp\u00e9ratures fra\u00eeches et l&rsquo;humidit\u00e9 ont fait fuir les visiteurs.\u00a0\u00bb<\/p>\n<p><a data-article-figure=\"\" href=\"https:\/\/france3-regions.franceinfo.fr\/image\/gCUwsASGwvMjhGUa7qTdAiLG7uw\/1600x1094\/regions\/2025\/11\/23\/whatsapp-image-2025-11-23-at-15-50-42-692349c57af7b535650161.jpg\" data-pswp-width=\"1600\" data-pswp-height=\"1094\" target=\"_blank\" rel=\"noopener\"><\/p>\n<p>          <img width=\"600\" height=\"400\" class=\"article-image lazy\" data-src=\"https:\/\/www.europesays.com\/fr\/wp-content\/uploads\/2025\/11\/whatsapp-image-2025-11-23-at-15-50-42-692349c57af7b535650161.jpg\" alt=\"En ce dernier dimanche de f\u00eate, le parking de la Foire Saint-Romain \u00e9tait rempli\" fetchpriority=\"high\" as=\"image\"\/><\/p>\n<p>\n            En ce dernier dimanche de f\u00eate, le parking de la Foire Saint-Romain \u00e9tait rempli<br \/>\n                           \u2022<br \/>\n                                      \u00a9 FTV \/ St\u00e9phane L&rsquo;H\u00f4te\n                      <\/p>\n<p><\/a><\/p>\n<p>La m\u00e9t\u00e9o capricieuse de ces derniers jours a-t-elle vraiment g\u00e2ch\u00e9 la f\u00eate ?<\/p>\n<p><a data-article-figure=\"\" href=\"https:\/\/france3-regions.franceinfo.fr\/image\/5pZSLsaprQoo31HdnXDGEkD8wxI\/1600x1088\/regions\/2025\/11\/23\/whatsapp-image-2025-11-23-at-09-35-10-2-692349e658632277479685.jpg\" data-pswp-width=\"1600\" data-pswp-height=\"1088\" target=\"_blank\" rel=\"noopener\"><\/p>\n<p>          <img width=\"600\" height=\"400\" class=\"article-image lazy\" data-src=\"https:\/\/www.europesays.com\/fr\/wp-content\/uploads\/2025\/11\/whatsapp-image-2025-11-23-at-09-35-10-2-692349e658632277479685.jpg\" alt=\"La Foire Saint-Romain \u00e0 Rouen\" fetchpriority=\"high\" as=\"image\"\/><\/p>\n<p>\n            La Foire Saint-Romain \u00e0 Rouen<br \/>\n                           \u2022<br \/>\n                                      \u00a9 FTV \/ St\u00e9phane L&rsquo;H\u00f4te\n                      <\/p>\n<p><\/a><\/p>\n<p>Tous les stands n&rsquo;ont pas le m\u00eame avis. Et les chiffres de fr\u00e9quentation sont bons. \u00ab\u00a0Cette ann\u00e9e, je pense qu&rsquo;on a d\u00e9pass\u00e9 le million et demi de visiteurs\u00a0\u00bb d\u00e9clare Karl Morel , porte-parole des forains de la Foire Saint-Romain. \u00ab\u00a0Apr\u00e8s on sait que la p\u00e9riode est un petit peu difficile. Il est certain que les gens consomment peut-\u00eatre un petit peu moins. Apr\u00e8s, moi, je pense que c&rsquo;\u00e9tait une belle Saint-Romain cette ann\u00e9e.\u00a0\u00bb<\/p>\n<p>Tous se donnent d\u00e9j\u00e0 rendez-vous l&rsquo;ann\u00e9e prochaine. Pour de nouvelles festivit\u00e9s au pied du pont Flaubert.<\/p>\n","protected":false},"excerpt":{"rendered":"La Foire Saint-Romain a ferm\u00e9 ses portes ce dimanche \u00e0 Rouen apr\u00e8s quatre semaines de festivit\u00e9s. Une \u00e9dition&hellip;\n","protected":false},"author":2,"featured_media":554892,"comment_status":"","ping_status":"","sticky":false,"template":"","format":"standard","meta":{"footnotes":""},"categories":[9587],"tags":[1111,11,1777,674,1011,27,12,5161,25,9590],"class_list":{"0":"post-554891","1":"post","2":"type-post","3":"status-publish","4":"format-standard","5":"has-post-thumbnail","7":"category-rouen","8":"tag-actu","9":"tag-actualites","10":"tag-eu","11":"tag-europe","12":"tag-fr","13":"tag-france","14":"tag-news","15":"tag-normandie","16":"tag-republique-francaise","17":"tag-rouen"},"share_on_mastodon":{"url":"https:\/\/pubeurope.com\/@fr\/115603408347742584","error":""},"_links":{"self":[{"href":"https:\/\/www.europesays.com\/fr\/wp-json\/wp\/v2\/posts\/554891","targetHints":{"allow":["GET"]}}],"collection":[{"href":"https:\/\/www.europesays.com\/fr\/wp-json\/wp\/v2\/posts"}],"about":[{"href":"https:\/\/www.europesays.com\/fr\/wp-json\/wp\/v2\/types\/post"}],"author":[{"embeddable":true,"href":"https:\/\/www.europesays.com\/fr\/wp-json\/wp\/v2\/users\/2"}],"replies":[{"embeddable":true,"href":"https:\/\/www.europesays.com\/fr\/wp-json\/wp\/v2\/comments?post=554891"}],"version-history":[{"count":0,"href":"https:\/\/www.europesays.com\/fr\/wp-json\/wp\/v2\/posts\/554891\/revisions"}],"wp:featuredmedia":[{"embeddable":true,"href":"https:\/\/www.europesays.com\/fr\/wp-json\/wp\/v2\/media\/554892"}],"wp:attachment":[{"href":"https:\/\/www.europesays.com\/fr\/wp-json\/wp\/v2\/media?parent=554891"}],"wp:term":[{"taxonomy":"category","embeddable":true,"href":"https:\/\/www.europesays.com\/fr\/wp-json\/wp\/v2\/categories?post=554891"},{"taxonomy":"post_tag","embeddable":true,"href":"https:\/\/www.europesays.com\/fr\/wp-json\/wp\/v2\/tags?post=554891"}],"curies":[{"name":"wp","href":"https:\/\/api.w.org\/{rel}","templated":true}]}}