{"id":554897,"date":"2025-11-24T07:09:12","date_gmt":"2025-11-24T07:09:12","guid":{"rendered":"https:\/\/www.europesays.com\/fr\/554897\/"},"modified":"2025-11-24T07:09:12","modified_gmt":"2025-11-24T07:09:12","slug":"pont-pean-veloxygene-remet-300-e-au-centre-eugene-marquis","status":"publish","type":"post","link":"https:\/\/www.europesays.com\/fr\/554897\/","title":{"rendered":"Pont-P\u00e9an. V\u00e9loxyg\u00e8ne remet 300\u00a0\u20ac au centre Eug\u00e8ne-Marquis"},"content":{"rendered":"<p>En pr\u00e9sence du maire Michel Demolder, l\u2019association V\u00e9loxyg\u00e8ne a accueilli en mairie, mardi, Charlotte Curis, responsable du m\u00e9c\u00e9nat et des collectes de dons pour le centre Eug\u00e8ne-Marquis, pour lui remettre un don de 300\u00a0\u20ac. Cette somme est issue des inscriptions \u00e0 la 24e? Randoxyg\u00e8ne, qui s\u2019est d\u00e9roul\u00e9e le 29\u00a0juin.<\/p>\n<p>L\u2019\u00e9dition 2025 avait r\u00e9uni 557\u00a0participants sur neuf parcours VTT, cyclo et marche. \u00a0La Randoxyg\u00e8ne est un moment fort pour nos b\u00e9n\u00e9voles et l\u2019occasion d\u2019un geste solidaire\u00a0, a rappel\u00e9 Val\u00e9ry Merlet, pr\u00e9sident de V\u00e9loxyg\u00e8ne, entour\u00e9 par une forte d\u00e9l\u00e9gation de b\u00e9n\u00e9voles de l\u2019association.<\/p>\n<p>Apr\u00e8s une parenth\u00e8se durant la crise sanitaire, l\u2019association renoue avec sa tradition de soutien \u00e0 une cause caritative. \u00a0Choisir l\u2019institut Eug\u00e8ne-Marquis s\u2019est impos\u00e9 naturellement\u00a0: nous sommes tous concern\u00e9s, de pr\u00e8s ou de loin, par le cancer\u00a0, a-t-il ajout\u00e9.<\/p>\n<p>Touch\u00e9e par cette initiative, Charlotte Curis a salu\u00e9 \u00a0un geste pr\u00e9cieux port\u00e9 par une \u00e9nergie collective\u00a0, rappelant que ces dons soutiennent les actions aupr\u00e8s des patients et les projets de recherche.<\/p>\n<p>La remise du ch\u00e8que s\u2019est d\u00e9roul\u00e9e dans une ambiance chaleureuse, illustrant un sport et une association fid\u00e8les \u00e0 leurs valeurs de solidarit\u00e9.<\/p>\n<p>\u00a0<\/p>\n","protected":false},"excerpt":{"rendered":"En pr\u00e9sence du maire Michel Demolder, l\u2019association V\u00e9loxyg\u00e8ne a accueilli en mairie, mardi, Charlotte Curis, responsable du m\u00e9c\u00e9nat&hellip;\n","protected":false},"author":2,"featured_media":554898,"comment_status":"","ping_status":"","sticky":false,"template":"","format":"standard","meta":{"footnotes":""},"categories":[2821],"tags":[3743,1111,11,829,3335,1777,67261,674,1011,27,12,67259,3086,5970,584,25,67260],"class_list":{"0":"post-554897","1":"post","2":"type-post","3":"status-publish","4":"format-standard","5":"has-post-thumbnail","7":"category-rennes","8":"tag-3743","9":"tag-actu","10":"tag-actualites","11":"tag-bretagne","12":"tag-centre","13":"tag-eu","14":"tag-eugene-marquis","15":"tag-europe","16":"tag-fr","17":"tag-france","18":"tag-news","19":"tag-pont-pean","20":"tag-redon","21":"tag-remet","22":"tag-rennes","23":"tag-republique-francaise","24":"tag-veloxygene"},"share_on_mastodon":{"url":"https:\/\/pubeurope.com\/@fr\/115603424187251378","error":""},"_links":{"self":[{"href":"https:\/\/www.europesays.com\/fr\/wp-json\/wp\/v2\/posts\/554897","targetHints":{"allow":["GET"]}}],"collection":[{"href":"https:\/\/www.europesays.com\/fr\/wp-json\/wp\/v2\/posts"}],"about":[{"href":"https:\/\/www.europesays.com\/fr\/wp-json\/wp\/v2\/types\/post"}],"author":[{"embeddable":true,"href":"https:\/\/www.europesays.com\/fr\/wp-json\/wp\/v2\/users\/2"}],"replies":[{"embeddable":true,"href":"https:\/\/www.europesays.com\/fr\/wp-json\/wp\/v2\/comments?post=554897"}],"version-history":[{"count":0,"href":"https:\/\/www.europesays.com\/fr\/wp-json\/wp\/v2\/posts\/554897\/revisions"}],"wp:featuredmedia":[{"embeddable":true,"href":"https:\/\/www.europesays.com\/fr\/wp-json\/wp\/v2\/media\/554898"}],"wp:attachment":[{"href":"https:\/\/www.europesays.com\/fr\/wp-json\/wp\/v2\/media?parent=554897"}],"wp:term":[{"taxonomy":"category","embeddable":true,"href":"https:\/\/www.europesays.com\/fr\/wp-json\/wp\/v2\/categories?post=554897"},{"taxonomy":"post_tag","embeddable":true,"href":"https:\/\/www.europesays.com\/fr\/wp-json\/wp\/v2\/tags?post=554897"}],"curies":[{"name":"wp","href":"https:\/\/api.w.org\/{rel}","templated":true}]}}