{"id":554909,"date":"2025-11-24T07:15:12","date_gmt":"2025-11-24T07:15:12","guid":{"rendered":"https:\/\/www.europesays.com\/fr\/554909\/"},"modified":"2025-11-24T07:15:12","modified_gmt":"2025-11-24T07:15:12","slug":"pour-feter-noel-une-parade-des-oiseaux-va-defiler-sur-lile-de-nantes","status":"publish","type":"post","link":"https:\/\/www.europesays.com\/fr\/554909\/","title":{"rendered":"Pour f\u00eater No\u00ebl, une parade des oiseaux va d\u00e9filer sur l\u2019\u00eele de Nantes"},"content":{"rendered":"<p>                    Par<br \/>\n        <strong><br \/>\n            <a href=\"https:\/\/actu.fr\/auteur\/thomas-bernard\" title=\"Consulter tous les articles de Thomas Bernard\" target=\"_blank\" rel=\"noopener\">Thomas Bernard<\/a><br \/>\n                    <\/strong><\/p>\n<p>        Publi\u00e9 le<\/p>\n<p>            24 nov. 2025 \u00e0 7h40        <\/p>\n<p>L\u2019association habitants et commer\u00e7ants organis\u00e9s pour des rivages anim\u00e9s (HORA) s\u2019investit pour cr\u00e9er des \u00e9v\u00e9nements autour des quartiers du <a href=\"https:\/\/actu.fr\/pays-de-la-loire\/nantes_44109\/pont-anne-de-bretagne-a-nantes-un-convoi-en-bateau-hors-norme-a-quitte-l-italie_63356314.html\" target=\"_blank\" rel=\"noopener\">Pont Anne de Bretagne<\/a>, \u00e0 Nantes. <b>Le samedi 6\u00a0d\u00e9cembre 2025<\/b>, en collaboration avec l\u2019Unacod, l\u2019association accueille une d\u00e9ambulation au boulevard de la Prairie au Duc, sur l\u2019\u00eele de Nantes.<\/p>\n<p class=\" wall-content\">\u00c0 partir de 17\u2009h, le 6 d\u00e9cembre prochain, La Parade des Oiseaux, le safari futur, un spectacle vivant imagin\u00e9 par Paul Lacoste et Herv\u00e9 Vital de la Ferme P\u00e9dagogique du Spectacle, illuminera l\u2019\u00eele de Nantes. Un spectacle gratuit.\u00a0<\/p>\n<p>    <a href=\"https:\/\/www.facebook.com\/plugins\/video.php?height=476&amp;href=https%3A%2F%2Fwww.facebook.com%2Freel%2F1599894380982862%2F&amp;show_text=false&amp;width=350&amp;t=0\" title=\"Ouvrie le lien\" target=\"_blank\" rel=\"noopener\">Cliquez ici pour visualiser le contenu<\/a><\/p>\n<p>Oiseaux, chars et musique<\/p>\n<p class=\" wall-content\">Au programme du spectacle\u2009: un char en d\u00e9ambulation sur lequel des musiciens joueront des sons aux influences latinos, funk am\u00e9ricaine, africaine mais aussi \u00e9lectro berlinoise.<\/p>\n<p class=\" wall-content\">Derri\u00e8re le char, on retrouvera\u2009: <b>trois oiseaux-lanternes<\/b> manipul\u00e9s par des com\u00e9diens, et une nu\u00e9e de volatiles, confectionn\u00e9s avec les enfants du centre de loisirs Accoord de l\u2019\u00eele de Nantes et des \u00e9coles du quartier.<\/p>\n<p>Synopsis du spectacle<\/p>\n<p>\u00ab\u00a0Nous sommes en 2073 : Trois v\u00e9t\u00e9rinaires BEATMAKERS reviennent de safari. Arm\u00e9s de synth\u00e9tiseurs et de samplers lasers, ils sont partis charmer les oiseaux fantastiques g\u00e9n\u00e9tiquement modifi\u00e9s. Ces b\u00eates l\u00e9gendaires qui hantent les cit\u00e9s devenues jungles. Et pour le plus grand bonheur de toutes et tous, ils nous les ont ramen\u00e9s et vont nous les montrer !\u00a0\u00bb<\/p>\n<p class=\" wall-content\">La parade partira au 85 boulevard de la Prairie au Duc en direction du quartier R\u00e9publique, lieu d\u2019arriv\u00e9 de la d\u00e9ambulation dont la fin est pr\u00e9vue <b>aux environs de 19\u2009h<\/b>. \u00c0 l\u2019issue du d\u00e9fil\u00e9, des boissons chaudes seront offertes au niveau de la place de la Gare de l\u2019\u00c9tat.<\/p>\n<p>Votre r\u00e9gion, votre actu !<\/p>\n<p>Recevez chaque jour les infos qui comptent pour vous.<\/p>\n<p>\t<a href=\"https:\/\/actu.fr\/newsletter\" class=\"ac-btn ac-btn--corner ac-btn--medium ac-btn--blue800\" target=\"_blank\" rel=\"noopener\">S&rsquo;incrire<\/a><\/p>\n<p class=\" wall-content\">Pour encadrer ces festivit\u00e9s, l\u2019association HORA est \u00e0 la recherche de <a href=\"https:\/\/www.facebook.com\/photo?fbid=122183196440445349&amp;set=a.122093134256445349\" target=\"_blank\" rel=\"noopener\">b\u00e9n\u00e9voles<\/a>.<\/p>\n<p>Parade des Oiseaux, le safari futur samedi 6 d\u00e9cembre 2025 \u00e0 partir de 17\u2009h.<br \/>L\u2019association recherche des b\u00e9n\u00e9voles pour l\u2019encadrement de l\u2019\u00e9v\u00e9nement.<br \/>Contact\u2009: <a href=\"https:\/\/actu.fr\/cdn-cgi\/l\/email-protection\" class=\"__cf_email__\" data-cfemail=\"bcddc8d9d0d5d9cecf92d4d3ceddfcdbd1ddd5d092dfd3d1\" target=\"_blank\" rel=\"noopener\">[email\u00a0protected]<\/a><\/p>\n<p class=\" wall-content\">Personnalisez votre actualit\u00e9 en ajoutant vos villes et m\u00e9dias en favori avec <a href=\"https:\/\/moncompte.actu.fr\" title=\"D\u00e9couvez Mon Actu\" rel=\"nofollow noopener\" data-trk=\"{&quot;cta&quot;:{&quot;action&quot;:&quot;https:\\\/\\\/moncompte.actu.fr&quot;,&quot;category&quot;:&quot;mon compte&quot;,&quot;from&quot;:&quot;article footer&quot;,&quot;name&quot;:&quot;Mon actu&quot;,&quot;type&quot;:&quot;cta&quot;}}\" target=\"_blank\">Mon Actu<\/a>.<\/p>\n","protected":false},"excerpt":{"rendered":"Par Thomas Bernard Publi\u00e9 le 24 nov. 2025 \u00e0 7h40 L\u2019association habitants et commer\u00e7ants organis\u00e9s pour des rivages&hellip;\n","protected":false},"author":2,"featured_media":554910,"comment_status":"","ping_status":"","sticky":false,"template":"","format":"standard","meta":{"footnotes":""},"categories":[2818],"tags":[1111,11,1777,674,1011,27,1652,766,12,2636,25,853],"class_list":{"0":"post-554909","1":"post","2":"type-post","3":"status-publish","4":"format-standard","5":"has-post-thumbnail","7":"category-nantes","8":"tag-actu","9":"tag-actualites","10":"tag-eu","11":"tag-europe","12":"tag-fr","13":"tag-france","14":"tag-loisirs-culture","15":"tag-nantes","16":"tag-news","17":"tag-pays-de-la-loire","18":"tag-republique-francaise","19":"tag-spectacles"},"share_on_mastodon":{"url":"https:\/\/pubeurope.com\/@fr\/115603447743631193","error":""},"_links":{"self":[{"href":"https:\/\/www.europesays.com\/fr\/wp-json\/wp\/v2\/posts\/554909","targetHints":{"allow":["GET"]}}],"collection":[{"href":"https:\/\/www.europesays.com\/fr\/wp-json\/wp\/v2\/posts"}],"about":[{"href":"https:\/\/www.europesays.com\/fr\/wp-json\/wp\/v2\/types\/post"}],"author":[{"embeddable":true,"href":"https:\/\/www.europesays.com\/fr\/wp-json\/wp\/v2\/users\/2"}],"replies":[{"embeddable":true,"href":"https:\/\/www.europesays.com\/fr\/wp-json\/wp\/v2\/comments?post=554909"}],"version-history":[{"count":0,"href":"https:\/\/www.europesays.com\/fr\/wp-json\/wp\/v2\/posts\/554909\/revisions"}],"wp:featuredmedia":[{"embeddable":true,"href":"https:\/\/www.europesays.com\/fr\/wp-json\/wp\/v2\/media\/554910"}],"wp:attachment":[{"href":"https:\/\/www.europesays.com\/fr\/wp-json\/wp\/v2\/media?parent=554909"}],"wp:term":[{"taxonomy":"category","embeddable":true,"href":"https:\/\/www.europesays.com\/fr\/wp-json\/wp\/v2\/categories?post=554909"},{"taxonomy":"post_tag","embeddable":true,"href":"https:\/\/www.europesays.com\/fr\/wp-json\/wp\/v2\/tags?post=554909"}],"curies":[{"name":"wp","href":"https:\/\/api.w.org\/{rel}","templated":true}]}}