{"id":554913,"date":"2025-11-24T07:17:13","date_gmt":"2025-11-24T07:17:13","guid":{"rendered":"https:\/\/www.europesays.com\/fr\/554913\/"},"modified":"2025-11-24T07:17:13","modified_gmt":"2025-11-24T07:17:13","slug":"en-congres-a-bordeaux-les-demenageurs-veulent-faire-le-poids","status":"publish","type":"post","link":"https:\/\/www.europesays.com\/fr\/554913\/","title":{"rendered":"en congr\u00e8s \u00e0 Bordeaux, les d\u00e9m\u00e9nageurs veulent faire le poids"},"content":{"rendered":"<p>L\u2019essor de ce secteur d\u2019activit\u00e9 a \u00e9t\u00e9 perceptible, selon elle, dans la foul\u00e9e du Covid. Le recours massif au t\u00e9l\u00e9travail et la recherche d\u2019un cadre de vie r\u00e9g\u00e9n\u00e9rant ont entra\u00een\u00e9 des mouvements de population. \u00ab\u00a0Souvent vers l\u2019ouest, g\u00e9n\u00e9ralise-t-elle. Toute la fa\u00e7ade atlantique en a profit\u00e9.\u00a0\u00bb Mais cette dynamique a \u00e9t\u00e9 de courte dur\u00e9e. \u00ab\u00a0Au milieu de l\u2019ann\u00e9e 2022, on a commenc\u00e9 \u00e0 sentir que \u00e7a se tassait un peu. Depuis deux ans, avec la crise de l\u2019immobilier, les jeunes structures ont plus de mal \u00e0 survivre que les grandes maisons de d\u00e9m\u00e9nagement qui existent depuis des g\u00e9n\u00e9rations. Certaines vivotent. On sort \u00e0 peine de cette p\u00e9riode. Quelques indicateurs \u00e9conomiques nous laissent penser que 2026 sera de meilleur augure.\u00a0\u00bb<\/p>\n<p>L\u2019autre \u00e9volution accentu\u00e9e par la pand\u00e9mie de Covid-19 est technologique. Pour \u00e9valuer le volume de biens \u00e0 transporter, \u00e9tudier l\u2019acc\u00e8s au logement et \u00e9tablir ainsi un devis pr\u00e9cis, les sp\u00e9cialistes du d\u00e9m\u00e9nagement proposent des visites virtuelles des habitations en visioconf\u00e9rence. \u00ab\u00a0Auparavant, on avait tendance \u00e0 prendre des d\u00e9m\u00e9nageurs dans son p\u00e9rim\u00e8tre g\u00e9ographique, compare Karen Brudy. D\u00e9sormais, si vous habitez Paris et souhaitez d\u00e9m\u00e9nager \u00e0 Bordeaux, vous pouvez utiliser un service de d\u00e9m\u00e9nagement bordelais. Mais la visite technique \u00e0 domicile reste \u00e0 privil\u00e9gier.\u00a0\u00bb<\/p>\n<p>Exosquelettes<\/p>\n<p>Cette profession qui recrute en continu emploie entre 11\u00a0000 et 11\u00a0500\u00a0personnes en France. Il existe un CAP, baptis\u00e9 \u00ab\u00a0d\u00e9m\u00e9nageur conducteur sur v\u00e9hicule utilitaire l\u00e9ger\u00a0\u00bb. D\u2019autres formations d\u00e9livrent des certificats de qualification professionnelle (CQP), auxquels on peut adjoindre un permis poids lourds. L\u2019un de ces dipl\u00f4mes, \u00e9labor\u00e9 avec les Compagnons du devoir, met l\u2019accent sur l\u2019aspect psychologique. \u00ab\u00a0Le crit\u00e8re principal de recrutement, aujourd\u2019hui, c\u2019est le savoir-\u00eatre, explique Karen Brudy. Le d\u00e9m\u00e9nagement est un \u00e9pisode perturbateur au cours d\u2019une vie. C\u2019est toujours un stress. Faire venir une entreprise de d\u00e9m\u00e9nagement chez soi, c\u2019est l\u2019accueillir dans son intimit\u00e9. L\u2019empathie dans la relation avec le client est importante. Il faut \u00eatre pr\u00e9cautionneux.\u00a0\u00bb Avec les gens comme avec les objets. Ce m\u00e9tier requiert m\u00e9ticulosit\u00e9 et habilet\u00e9 technique. \u00ab\u00a0Nos collaborateurs rencontrent toute typologie de mobiliers. Cela part de l\u2019armoire ancienne de nos grands-m\u00e8res, qu\u2019il va falloir apprendre \u00e0 d\u00e9monter parce qu\u2019elle est chevill\u00e9e, et que \u00e7a se voit de moins en moins.\u00a0\u00bb<\/p>\n<blockquote><p>\u00ab\u00a0Le crit\u00e8re principal de recrutement, aujourd\u2019hui, c\u2019est le savoir-\u00eatre\u00a0\u00bb<\/p><\/blockquote>\n<p>Au Palais 2\u00a0l\u2019Atlantique, o\u00f9 \u00e9taient r\u00e9unis quelque 400\u00a0participants, des mat\u00e9riels de levage ou de portage m\u00e9canis\u00e9s \u00e9taient expos\u00e9s. Ces \u00e9quipements, tels que les monte-escaliers \u00e9lectriques, \u00e9vitent de faire supporter toute la charge aux employ\u00e9s. \u00ab\u00a0V\u00e9hicul\u00e9s sur des camions, nos monte-meubles autoport\u00e9s peuvent aller du deuxi\u00e8me au dixi\u00e8me \u00e9tage. Cela permet de ne plus avoir \u00e0 passer par les communs des immeubles.\u00a0\u00bb Les exosquelettes constituent peut-\u00eatre une solution d\u2019avenir. La Chambre syndicale du d\u00e9m\u00e9nagement aimerait que l\u2019industrie planche sur des mod\u00e8les davantage adapt\u00e9s aux d\u00e9m\u00e9nageurs, pour des t\u00e2ches en mouvement.<\/p>\n<p>TVA minor\u00e9e\u00a0?<\/p>\n<p>Parmi les sujets sensibles, il y a la concurrence des auto-entrepreneurs, \u00ab\u00a0qui n\u2019ont pas les m\u00eames co\u00fbts\u00a0\u00bb, des plateformes en ligne et surtout \u00ab\u00a0le fl\u00e9au\u00a0\u00bb du travail ill\u00e9gal. \u00ab\u00a0Aujourd\u2019hui, le porte-monnaie du particulier est vide, observe Karen Brudy. S\u2019il y a du travail ill\u00e9gal, c\u2019est que des acheteurs ne veulent pas mettre la main \u00e0 la poche et font travailler des personnes se revendiquant manutentionnaires ou d\u00e9m\u00e9nageurs, qui vont louer un camion et faire un d\u00e9m\u00e9nagement sans en avoir la l\u00e9galit\u00e9.\u00a0\u00bb Ni les assurances.<\/p>\n","protected":false},"excerpt":{"rendered":"L\u2019essor de ce secteur d\u2019activit\u00e9 a \u00e9t\u00e9 perceptible, selon elle, dans la foul\u00e9e du Covid. Le recours massif&hellip;\n","protected":false},"author":2,"featured_media":554914,"comment_status":"","ping_status":"","sticky":false,"template":"","format":"standard","meta":{"footnotes":""},"categories":[2817],"tags":[1111,11,1997,1777,674,1011,27,12,2219,25],"class_list":{"0":"post-554913","1":"post","2":"type-post","3":"status-publish","4":"format-standard","5":"has-post-thumbnail","7":"category-bordeaux","8":"tag-actu","9":"tag-actualites","10":"tag-bordeaux","11":"tag-eu","12":"tag-europe","13":"tag-fr","14":"tag-france","15":"tag-news","16":"tag-nouvelle-aquitaine","17":"tag-republique-francaise"},"share_on_mastodon":{"url":"https:\/\/pubeurope.com\/@fr\/115603455690162560","error":""},"_links":{"self":[{"href":"https:\/\/www.europesays.com\/fr\/wp-json\/wp\/v2\/posts\/554913","targetHints":{"allow":["GET"]}}],"collection":[{"href":"https:\/\/www.europesays.com\/fr\/wp-json\/wp\/v2\/posts"}],"about":[{"href":"https:\/\/www.europesays.com\/fr\/wp-json\/wp\/v2\/types\/post"}],"author":[{"embeddable":true,"href":"https:\/\/www.europesays.com\/fr\/wp-json\/wp\/v2\/users\/2"}],"replies":[{"embeddable":true,"href":"https:\/\/www.europesays.com\/fr\/wp-json\/wp\/v2\/comments?post=554913"}],"version-history":[{"count":0,"href":"https:\/\/www.europesays.com\/fr\/wp-json\/wp\/v2\/posts\/554913\/revisions"}],"wp:featuredmedia":[{"embeddable":true,"href":"https:\/\/www.europesays.com\/fr\/wp-json\/wp\/v2\/media\/554914"}],"wp:attachment":[{"href":"https:\/\/www.europesays.com\/fr\/wp-json\/wp\/v2\/media?parent=554913"}],"wp:term":[{"taxonomy":"category","embeddable":true,"href":"https:\/\/www.europesays.com\/fr\/wp-json\/wp\/v2\/categories?post=554913"},{"taxonomy":"post_tag","embeddable":true,"href":"https:\/\/www.europesays.com\/fr\/wp-json\/wp\/v2\/tags?post=554913"}],"curies":[{"name":"wp","href":"https:\/\/api.w.org\/{rel}","templated":true}]}}