{"id":554917,"date":"2025-11-24T07:19:17","date_gmt":"2025-11-24T07:19:17","guid":{"rendered":"https:\/\/www.europesays.com\/fr\/554917\/"},"modified":"2025-11-24T07:19:17","modified_gmt":"2025-11-24T07:19:17","slug":"circulation-au-ralenti-sur-pres-de-12-kilometres-sur-la64-au-sud-de-toulouse-ce-lundi","status":"publish","type":"post","link":"https:\/\/www.europesays.com\/fr\/554917\/","title":{"rendered":"Circulation au ralenti sur pr\u00e8s de 12 kilom\u00e8tres sur l&rsquo;A64, au Sud de Toulouse, ce lundi"},"content":{"rendered":"<p><strong>Les automobilistes doivent prendre leur mal en patience ce lundi 24 novembre 2025. La circulation est fortement perturb\u00e9e au Sud de Toulouse. Bison Fut\u00e9 signalait, avant 7h30, des ralentissements sur pr\u00e8s de 12 kilom\u00e8tres sur l\u2019A64. Suivez l\u2019\u00e9volution du trafic routier avec Le Journal Toulousain.<\/strong><\/p>\n<p><img fetchpriority=\"high\" decoding=\"async\" width=\"1200\" height=\"800\" src=\"https:\/\/www.europesays.com\/fr\/wp-content\/uploads\/2025\/11\/Depositphotos_547098622_XL.jpg\" alt=\"Circulation au ralenti sur pr\u00e8s de 12 kilom\u00e8tres sur l'A64, au Sud de Toulouse, ce lundi\"  \/><\/p>\n<p>Circulation au ralenti sur pr\u00e8s de 12 kilom\u00e8tres sur l\u2019A64, au Sud de Toulouse, ce lundi \u00a9 maykal \/ Depositphotos<\/p>\n<p><strong>Au Sud de Toulouse : <\/strong>Avant 7h30, Bison Fut\u00e9 signalait pr\u00e8s de 12 kilom\u00e8tres de ralentissement sur l\u2019A64, dans le sens Bayonne-Toulouse, entre Muret et la Ville rose, ce lundi 24 novembre 2025. En cause : le r\u00e9tr\u00e9cissement des voies. Sur l\u2019A620, dans le sens int\u00e9rieur de Toulouse sud vers Toulouse nord, un bouchon s\u2019\u00e9tend sur 10 kilom\u00e8tres entre le quartier Empalot et Purpan. <\/p>\n<p><strong>Au Nord de Toulouse : <\/strong>Plus de 9 kilom\u00e8tres de bouchon ont \u00e9t\u00e9 recens\u00e9s sur l\u2019A68, dans le sens Albi-Toulouse. La circulation est perturb\u00e9e par le r\u00e9tr\u00e9cissement des voies entre Castelmaurou et la Ville rose. Les voyants sont \u00e9galement au rouge sur l\u2019A62, \u00e0 hauteur de Borderouge. Dans le sens inverse, de Bordeaux vers Toulouse, le trafic est au ralenti sur 2 kilom\u00e8tres entre Aucamville et la Ville rose. <\/p>\n<p><strong>A l\u2019Ouest de Toulouse :<\/strong> Attention, un accident s\u2019est produit sur l\u2019A624, dans le sens Colomiers-Toulouse. Trois v\u00e9hicules l\u00e9gers seraient impliqu\u00e9s. Bison Fut\u00e9 signale un bouchon de 2 kilom\u00e8tres sur l\u2019axe routier. <\/p>\n<p><strong>A l\u2019Est de Toulouse : <\/strong>Des ralentissements sont \u00e0 d\u00e9plorer sur pr\u00e8s de 4 kilom\u00e8tres sur l\u2019A61, dans le sens int\u00e9rieur de Toulouse vers Narbonne, entre Quint-Fonsegrives et Montaudran, \u00e0 cause du r\u00e9tr\u00e9cissement des voies. Du c\u00f4t\u00e9 de l\u2019A61, dans le sens ext\u00e9rieur de Narbonne vers Toulouse, un bouchon de plus d\u2019un kilom\u00e8tre s\u2019est form\u00e9 entre Balma et Borderouge, la circulation \u00e9tant \u00e9galement impact\u00e9e par le r\u00e9tr\u00e9cissement des voies. <\/p>\n","protected":false},"excerpt":{"rendered":"Les automobilistes doivent prendre leur mal en patience ce lundi 24 novembre 2025. La circulation est fortement perturb\u00e9e&hellip;\n","protected":false},"author":2,"featured_media":554918,"comment_status":"","ping_status":"","sticky":false,"template":"","format":"standard","meta":{"footnotes":""},"categories":[2816],"tags":[1111,11,56873,56874,67262,1777,674,1011,27,12,2680,25,2312],"class_list":{"0":"post-554917","1":"post","2":"type-post","3":"status-publish","4":"format-standard","5":"has-post-thumbnail","7":"category-toulouse","8":"tag-actu","9":"tag-actualites","10":"tag-au-sud-de-toulouse","11":"tag-ce-lundi","12":"tag-circulation-au-ralenti-sur-pru00e8s-de-12-kilomu00e8tres-sur-la64","13":"tag-eu","14":"tag-europe","15":"tag-fr","16":"tag-france","17":"tag-news","18":"tag-occitanie","19":"tag-republique-francaise","20":"tag-toulouse"},"share_on_mastodon":{"url":"https:\/\/pubeurope.com\/@fr\/115603464607088954","error":""},"_links":{"self":[{"href":"https:\/\/www.europesays.com\/fr\/wp-json\/wp\/v2\/posts\/554917","targetHints":{"allow":["GET"]}}],"collection":[{"href":"https:\/\/www.europesays.com\/fr\/wp-json\/wp\/v2\/posts"}],"about":[{"href":"https:\/\/www.europesays.com\/fr\/wp-json\/wp\/v2\/types\/post"}],"author":[{"embeddable":true,"href":"https:\/\/www.europesays.com\/fr\/wp-json\/wp\/v2\/users\/2"}],"replies":[{"embeddable":true,"href":"https:\/\/www.europesays.com\/fr\/wp-json\/wp\/v2\/comments?post=554917"}],"version-history":[{"count":0,"href":"https:\/\/www.europesays.com\/fr\/wp-json\/wp\/v2\/posts\/554917\/revisions"}],"wp:featuredmedia":[{"embeddable":true,"href":"https:\/\/www.europesays.com\/fr\/wp-json\/wp\/v2\/media\/554918"}],"wp:attachment":[{"href":"https:\/\/www.europesays.com\/fr\/wp-json\/wp\/v2\/media?parent=554917"}],"wp:term":[{"taxonomy":"category","embeddable":true,"href":"https:\/\/www.europesays.com\/fr\/wp-json\/wp\/v2\/categories?post=554917"},{"taxonomy":"post_tag","embeddable":true,"href":"https:\/\/www.europesays.com\/fr\/wp-json\/wp\/v2\/tags?post=554917"}],"curies":[{"name":"wp","href":"https:\/\/api.w.org\/{rel}","templated":true}]}}