{"id":554919,"date":"2025-11-24T07:20:13","date_gmt":"2025-11-24T07:20:13","guid":{"rendered":"https:\/\/www.europesays.com\/fr\/554919\/"},"modified":"2025-11-24T07:20:13","modified_gmt":"2025-11-24T07:20:13","slug":"deux-personnes-prises-en-charge-par-les-pompiers","status":"publish","type":"post","link":"https:\/\/www.europesays.com\/fr\/554919\/","title":{"rendered":"deux personnes prises en charge par les pompiers"},"content":{"rendered":"<p>                    Par<br \/>\n        <strong><br \/>\n            <a href=\"https:\/\/actu.fr\/auteur\/david-saint-sernin\" title=\"Consulter tous les articles de David Saint-Sernin\" target=\"_blank\" rel=\"noopener\">David Saint-Sernin<\/a><br \/>\n                    <\/strong><\/p>\n<p>        Publi\u00e9 le<\/p>\n<p>            24 nov. 2025 \u00e0 7h30        <\/p>\n<p>Dimanche 23\u00a0novembre 2025, \u00e0 partir de 18h52, les Sapeurs-Pompiers de Haute-Garonne sont intervenus sur la commune de <a href=\"https:\/\/actu.fr\/occitanie\/bretx_31089\" target=\"_blank\" rel=\"noopener\">Bretx (Haute-Garonne),<\/a> au nord-ouest de Toulouse, sur un \u00ab\u2009violent feu de garage\u2009\u00bb.<\/p>\n<p>Un feu en train de se propager<\/p>\n<p class=\" wall-content\">Quand ils sont arriv\u00e9s sur place, le feu \u00e9tait en train de se propager \u00e0 l\u2019habitation mitoyenne. Un dispositif compos\u00e9 de deux fourgons incendie, une \u00e9chelle, une ambulance et de 19 sapeurs-pompiers a \u00e9t\u00e9 mis sur pied.<\/p>\n<p>Deux personnes prises en charge<\/p>\n<p class=\" wall-content\">\u00ab\u2009Gr\u00e2ce \u00e0 la mise en oeuvre rapide d\u2019un dispositif hydraulique compos\u00e9 de deux lances \u00e0 eau, les pompiers sont parvenus \u00e0 limiter la progression des flammes et \u00e0 pr\u00e9server environ 90\u00a0m2 du pavillon. Deux personnes ont \u00e9t\u00e9 incommod\u00e9es par les fum\u00e9es et ont \u00e9t\u00e9 prises en charge par les secours\u2009\u00bb, indiquent les pompiers de Haute-Garonne.<\/p>\n<p class=\" wall-content\">L\u2019intervention s\u2019est termin\u00e9e vers 20h50. Les habitants ont \u00e9t\u00e9 relog\u00e9s par leur famille.<\/p>\n<p class=\" wall-content\">Personnalisez votre actualit\u00e9 en ajoutant vos villes et m\u00e9dias en favori avec <a href=\"https:\/\/moncompte.actu.fr\" title=\"D\u00e9couvez Mon Actu\" rel=\"nofollow noopener\" data-trk=\"{&quot;cta&quot;:{&quot;action&quot;:&quot;https:\\\/\\\/moncompte.actu.fr&quot;,&quot;category&quot;:&quot;mon compte&quot;,&quot;from&quot;:&quot;article footer&quot;,&quot;name&quot;:&quot;Mon actu&quot;,&quot;type&quot;:&quot;cta&quot;}}\" target=\"_blank\">Mon Actu<\/a>.<\/p>\n","protected":false},"excerpt":{"rendered":"Par David Saint-Sernin Publi\u00e9 le 24 nov. 2025 \u00e0 7h30 Dimanche 23\u00a0novembre 2025, \u00e0 partir de 18h52, les&hellip;\n","protected":false},"author":2,"featured_media":554920,"comment_status":"","ping_status":"","sticky":false,"template":"","format":"standard","meta":{"footnotes":""},"categories":[2816],"tags":[1111,11,1777,674,118,1011,27,1310,12,2680,1311,25,2312],"class_list":{"0":"post-554919","1":"post","2":"type-post","3":"status-publish","4":"format-standard","5":"has-post-thumbnail","7":"category-toulouse","8":"tag-actu","9":"tag-actualites","10":"tag-eu","11":"tag-europe","12":"tag-faits-divers","13":"tag-fr","14":"tag-france","15":"tag-incendie","16":"tag-news","17":"tag-occitanie","18":"tag-pompiers","19":"tag-republique-francaise","20":"tag-toulouse"},"share_on_mastodon":{"url":"https:\/\/pubeurope.com\/@fr\/115603467378741332","error":""},"_links":{"self":[{"href":"https:\/\/www.europesays.com\/fr\/wp-json\/wp\/v2\/posts\/554919","targetHints":{"allow":["GET"]}}],"collection":[{"href":"https:\/\/www.europesays.com\/fr\/wp-json\/wp\/v2\/posts"}],"about":[{"href":"https:\/\/www.europesays.com\/fr\/wp-json\/wp\/v2\/types\/post"}],"author":[{"embeddable":true,"href":"https:\/\/www.europesays.com\/fr\/wp-json\/wp\/v2\/users\/2"}],"replies":[{"embeddable":true,"href":"https:\/\/www.europesays.com\/fr\/wp-json\/wp\/v2\/comments?post=554919"}],"version-history":[{"count":0,"href":"https:\/\/www.europesays.com\/fr\/wp-json\/wp\/v2\/posts\/554919\/revisions"}],"wp:featuredmedia":[{"embeddable":true,"href":"https:\/\/www.europesays.com\/fr\/wp-json\/wp\/v2\/media\/554920"}],"wp:attachment":[{"href":"https:\/\/www.europesays.com\/fr\/wp-json\/wp\/v2\/media?parent=554919"}],"wp:term":[{"taxonomy":"category","embeddable":true,"href":"https:\/\/www.europesays.com\/fr\/wp-json\/wp\/v2\/categories?post=554919"},{"taxonomy":"post_tag","embeddable":true,"href":"https:\/\/www.europesays.com\/fr\/wp-json\/wp\/v2\/tags?post=554919"}],"curies":[{"name":"wp","href":"https:\/\/api.w.org\/{rel}","templated":true}]}}