{"id":554923,"date":"2025-11-24T07:24:18","date_gmt":"2025-11-24T07:24:18","guid":{"rendered":"https:\/\/www.europesays.com\/fr\/554923\/"},"modified":"2025-11-24T07:24:18","modified_gmt":"2025-11-24T07:24:18","slug":"bruno-retailleau-se-paye-benoit-payan","status":"publish","type":"post","link":"https:\/\/www.europesays.com\/fr\/554923\/","title":{"rendered":"Bruno retailleau se paye Beno\u00eet Payan"},"content":{"rendered":"<p>Au lendemain du rassemblement en hommage \u00e0 <a href=\"https:\/\/www.laprovence.com\/article\/faits-divers-justice\/4544450996114\/hommage-a-mehdi-kessaci-plus-de-6-000-personnes-des-elus-de-tous-bords-les-images-du-rassemblement-a-marseille\" target=\"_blank\" rel=\"noopener\">Mehdi, fr\u00e8re du militant Amine Kessaci<\/a> contre le trafic de drogue et ses violences, le front commun contre le <a href=\"https:\/\/www.laprovence.com\/article\/elections\/1051509944230315\/face-a-la-menace-du-narcotrafic-des-maires-de-provence-s-inquietent-pour-leurs-communes-et-pour-eux-memes\" target=\"_blank\" rel=\"noopener\">narcotrafic<\/a> n&rsquo;\u00e9tait plus qu&rsquo;un souvenir. Interrog\u00e9 ce dimanche 23 novembre 2025 par Le Parisien, sur la suppression d&rsquo;un pr\u00e9fet de police, regrett\u00e9e par le maire DVG de Marseille, Bruno Retailleau ne m\u00e2chait pas ses mots.<\/p>\n<p>\u00ab\u00a0Beno\u00eet Payan est l&rsquo;un des maires les plus laxistes, il a sa part de responsabilit\u00e9 dans l&rsquo;augmentation de la d\u00e9linquance \u00e0 Marseille car les maires qui s&rsquo;en donnent les moyens ont des r\u00e9sultats. Mais il voit les \u00e9lections municipales arriver et, brutalement, il fait semblant de se r\u00e9veiller en se d\u00e9faussant sur l&rsquo;\u00c9tat\u00a0\u00bb, pointait l&rsquo;ancien ministre de l&rsquo;Int\u00e9rieur et chef des LR.<\/p>\n","protected":false},"excerpt":{"rendered":"Au lendemain du rassemblement en hommage \u00e0 Mehdi, fr\u00e8re du militant Amine Kessaci contre le trafic de drogue&hellip;\n","protected":false},"author":2,"featured_media":554924,"comment_status":"","ping_status":"","sticky":false,"template":"","format":"standard","meta":{"footnotes":""},"categories":[2814],"tags":[17,1111,11,16980,3211,2826,1777,674,1011,27,884,12,19988,20900,316,882,25,3229],"class_list":{"0":"post-554923","1":"post","2":"type-post","3":"status-publish","4":"format-standard","5":"has-post-thumbnail","7":"category-marseille","8":"tag-17","9":"tag-actu","10":"tag-actualites","11":"tag-benoit","12":"tag-bruno","13":"tag-confidentiels","14":"tag-eu","15":"tag-europe","16":"tag-fr","17":"tag-france","18":"tag-marseille","19":"tag-news","20":"tag-payan","21":"tag-paye","22":"tag-politique","23":"tag-provence-alpes-cote-dazur","24":"tag-republique-francaise","25":"tag-retailleau"},"share_on_mastodon":{"url":"https:\/\/pubeurope.com\/@fr\/115603483057573302","error":""},"_links":{"self":[{"href":"https:\/\/www.europesays.com\/fr\/wp-json\/wp\/v2\/posts\/554923","targetHints":{"allow":["GET"]}}],"collection":[{"href":"https:\/\/www.europesays.com\/fr\/wp-json\/wp\/v2\/posts"}],"about":[{"href":"https:\/\/www.europesays.com\/fr\/wp-json\/wp\/v2\/types\/post"}],"author":[{"embeddable":true,"href":"https:\/\/www.europesays.com\/fr\/wp-json\/wp\/v2\/users\/2"}],"replies":[{"embeddable":true,"href":"https:\/\/www.europesays.com\/fr\/wp-json\/wp\/v2\/comments?post=554923"}],"version-history":[{"count":0,"href":"https:\/\/www.europesays.com\/fr\/wp-json\/wp\/v2\/posts\/554923\/revisions"}],"wp:featuredmedia":[{"embeddable":true,"href":"https:\/\/www.europesays.com\/fr\/wp-json\/wp\/v2\/media\/554924"}],"wp:attachment":[{"href":"https:\/\/www.europesays.com\/fr\/wp-json\/wp\/v2\/media?parent=554923"}],"wp:term":[{"taxonomy":"category","embeddable":true,"href":"https:\/\/www.europesays.com\/fr\/wp-json\/wp\/v2\/categories?post=554923"},{"taxonomy":"post_tag","embeddable":true,"href":"https:\/\/www.europesays.com\/fr\/wp-json\/wp\/v2\/tags?post=554923"}],"curies":[{"name":"wp","href":"https:\/\/api.w.org\/{rel}","templated":true}]}}