{"id":554927,"date":"2025-11-24T07:27:29","date_gmt":"2025-11-24T07:27:29","guid":{"rendered":"https:\/\/www.europesays.com\/fr\/554927\/"},"modified":"2025-11-24T07:27:29","modified_gmt":"2025-11-24T07:27:29","slug":"les-accessoires-a-adopter-a-lapproche-de-lhiver","status":"publish","type":"post","link":"https:\/\/www.europesays.com\/fr\/554927\/","title":{"rendered":"les accessoires \u00e0 adopter \u00e0 l\u2019approche de l\u2019hiver"},"content":{"rendered":"<p itemprop=\"description\"><strong>Les temp\u00e9ratures baissent.<\/strong><\/p>\n<p>Alors que les f\u00eates de fin d\u2019ann\u00e9e se pr\u00e9parent, l\u2019hiver a lui pris un peu d\u2019avance. Depuis quelques jours, le thermom\u00e8tre nous fait frissonner. L\u2019occasion pour la r\u00e9daction de Lyon Femmes de s\u00e9lectionner pour vous ces accessoires tendances \u00e0 adopter cet automne, et plus particuli\u00e8rement \u00e0 l\u2019approche de l\u2019hiver.<\/p>\n<p><strong><img loading=\"lazy\" decoding=\"async\" style=\"display: block; margin-left: auto; margin-right: auto;\" src=\"https:\/\/www.europesays.com\/fr\/wp-content\/uploads\/2025\/11\/barnie-ballerines-gabrielle-noir-1-85260.jpg\" alt=\"\" width=\"300\" height=\"455\"\/><\/strong><\/p>\n<p style=\"text-align: center;\"><strong>Ballerines Gabrielle<\/strong><br \/>Barnie<br \/>165 \u20ac<\/p>\n<p style=\"text-align: center;\"><img loading=\"lazy\" decoding=\"async\" src=\"https:\/\/www.europesays.com\/fr\/wp-content\/uploads\/2025\/11\/lunettes-75337.jpg\" alt=\"\" width=\"180\" height=\"264\"\/><\/p>\n<p style=\"text-align: center;\"><strong>Lunettes de soleil aviateur<\/strong><br \/>Stradivarius<br \/>12,99 \u20ac<\/p>\n<p style=\"text-align: center;\"><img loading=\"lazy\" decoding=\"async\" src=\"https:\/\/www.europesays.com\/fr\/wp-content\/uploads\/2025\/11\/collier-serpent-72943.jpg\" alt=\"\" width=\"175\" height=\"269\"\/><\/p>\n<p style=\"text-align: center;\"><strong>Collier serpent<\/strong><br \/>Kitesy Martin Studio<br \/>270 \u20ac<br \/>Disponible chez So\u00ebm, Lyon 1<\/p>\n<p style=\"text-align: center;\"><img loading=\"lazy\" decoding=\"async\" src=\"https:\/\/www.europesays.com\/fr\/wp-content\/uploads\/2025\/11\/pince-35588.jpg\" alt=\"\" width=\"217\" height=\"220\"\/><\/p>\n<p style=\"text-align: center;\"><strong>Pince L\u00e9opard<\/strong><br \/>Sasstie<br \/>19 \u20ac<br \/>Disponible chez Hyppairs, Lyon 1<\/p>\n<p style=\"text-align: center;\"><img loading=\"lazy\" decoding=\"async\" src=\"https:\/\/www.europesays.com\/fr\/wp-content\/uploads\/2025\/11\/peluche-15010.jpg\" alt=\"\" width=\"194\" height=\"242\"\/><\/p>\n<p style=\"text-align: center;\"><strong>Peluche de sac<\/strong><br \/>Pimkie<br \/>8,99 \u20ac<\/p>\n<p style=\"text-align: center;\"><img loading=\"lazy\" decoding=\"async\" src=\"https:\/\/www.europesays.com\/fr\/wp-content\/uploads\/2025\/11\/gants-41920.jpg\" alt=\"\" width=\"176\" height=\"264\"\/><\/p>\n<p style=\"text-align: center;\"><strong>Gants en cuir<\/strong><br \/>Zara<br \/>39,95 \u20ac<\/p>\n<p style=\"text-align: center;\"><img loading=\"lazy\" decoding=\"async\" src=\"https:\/\/www.europesays.com\/fr\/wp-content\/uploads\/2025\/11\/ledadashop-lifestyle-baggu-nylonsoulderbag-gingham1-1500x-15904.jpg\" alt=\"\" width=\"300\" height=\"386\"\/><\/p>\n<p style=\"text-align: center;\"><strong>Sac Gingham<\/strong><br \/>Baggu<br \/>59 \u20ac<br \/>Disponible au Dadashop, Lyon 1<\/p>\n","protected":false},"excerpt":{"rendered":"Les temp\u00e9ratures baissent. Alors que les f\u00eates de fin d\u2019ann\u00e9e se pr\u00e9parent, l\u2019hiver a lui pris un peu&hellip;\n","protected":false},"author":2,"featured_media":554928,"comment_status":"","ping_status":"","sticky":false,"template":"","format":"standard","meta":{"footnotes":""},"categories":[1889],"tags":[1111,11,2813,2190,2430,1109,251,1112,2811,1777,674,118,1294,4651,1011,27,1922,1110,1114,2428,4903,4902,12,241,316,25,2812,517,800],"class_list":{"0":"post-554927","1":"post","2":"type-post","3":"status-publish","4":"format-standard","5":"has-post-thumbnail","7":"category-lyon","8":"tag-actu","9":"tag-actualites","10":"tag-article","11":"tag-asvel","12":"tag-auvergne-rhone-alpes","13":"tag-breves","14":"tag-culture","15":"tag-depeches","16":"tag-economique","17":"tag-eu","18":"tag-europe","19":"tag-faits-divers","20":"tag-femme","21":"tag-femmes","22":"tag-fr","23":"tag-france","24":"tag-info","25":"tag-informations","26":"tag-infos","27":"tag-lyon","28":"tag-lyonfemme","29":"tag-lyonfemmes","30":"tag-news","31":"tag-ol","32":"tag-politique","33":"tag-republique-francaise","34":"tag-sociale","35":"tag-sport","36":"tag-transports"},"share_on_mastodon":{"url":"https:\/\/pubeurope.com\/@fr\/115603496432777253","error":""},"_links":{"self":[{"href":"https:\/\/www.europesays.com\/fr\/wp-json\/wp\/v2\/posts\/554927","targetHints":{"allow":["GET"]}}],"collection":[{"href":"https:\/\/www.europesays.com\/fr\/wp-json\/wp\/v2\/posts"}],"about":[{"href":"https:\/\/www.europesays.com\/fr\/wp-json\/wp\/v2\/types\/post"}],"author":[{"embeddable":true,"href":"https:\/\/www.europesays.com\/fr\/wp-json\/wp\/v2\/users\/2"}],"replies":[{"embeddable":true,"href":"https:\/\/www.europesays.com\/fr\/wp-json\/wp\/v2\/comments?post=554927"}],"version-history":[{"count":0,"href":"https:\/\/www.europesays.com\/fr\/wp-json\/wp\/v2\/posts\/554927\/revisions"}],"wp:featuredmedia":[{"embeddable":true,"href":"https:\/\/www.europesays.com\/fr\/wp-json\/wp\/v2\/media\/554928"}],"wp:attachment":[{"href":"https:\/\/www.europesays.com\/fr\/wp-json\/wp\/v2\/media?parent=554927"}],"wp:term":[{"taxonomy":"category","embeddable":true,"href":"https:\/\/www.europesays.com\/fr\/wp-json\/wp\/v2\/categories?post=554927"},{"taxonomy":"post_tag","embeddable":true,"href":"https:\/\/www.europesays.com\/fr\/wp-json\/wp\/v2\/tags?post=554927"}],"curies":[{"name":"wp","href":"https:\/\/api.w.org\/{rel}","templated":true}]}}