{"id":554938,"date":"2025-11-24T07:39:14","date_gmt":"2025-11-24T07:39:14","guid":{"rendered":"https:\/\/www.europesays.com\/fr\/554938\/"},"modified":"2025-11-24T07:39:14","modified_gmt":"2025-11-24T07:39:14","slug":"ligne-l-t3a-circulation-en-partie-interrompue-dans-les-transports-entre-paris-et-les-hauts-de-seine","status":"publish","type":"post","link":"https:\/\/www.europesays.com\/fr\/554938\/","title":{"rendered":"Ligne L, T3a&#8230; Circulation en partie interrompue dans les transports entre Paris et les Hauts-de-Seine"},"content":{"rendered":"<p>                    Par<br \/>\n        <strong><br \/>\n            <a href=\"https:\/\/actu.fr\/auteur\/redaction-paris\" title=\"Consulter tous les articles de R\u00e9daction Paris\" target=\"_blank\" rel=\"noopener\">R\u00e9daction Paris<\/a><br \/>\n                    <\/strong><\/p>\n<p>        Publi\u00e9 le<\/p>\n<p>            24 nov. 2025 \u00e0 8h33        <\/p>\n<p>D\u00e9but de semaine difficile dans les transports ce lundi 24 novembre 2025 : la <strong>ligne L<\/strong> et le <strong>T3a<\/strong> sont en partie interrompus entre Paris et les Hauts-de-Seine, font savoir la <a href=\"https:\/\/actu.fr\/tag\/ratp\" target=\"_blank\" rel=\"noopener\">RATP<\/a> et la <a href=\"https:\/\/actu.fr\/tag\/sncf\" target=\"_blank\" rel=\"noopener\">SNCF<\/a>.<\/p>\n<p>Bus de remplacement<\/p>\n<p class=\" wall-content\">Sur le T3a, \u00ab\u00a0le trafic est interrompu entre <strong>Desnouettes<\/strong> et <strong>Porte d\u2019Ivry<\/strong> en raison d\u2019une panne \u00e9lectrique \u00e0 Porte de Vanves\u00a0\u00bb, pr\u00e9cise la R\u00e9gie des transports. D\u2019abord annonc\u00e9e pour 11 heures, l\u2019heure de reprise est finalement pr\u00e9vue pour 9 heures. Des bus de remplacement ont \u00e9t\u00e9 mis en place.<\/p>\n<p class=\" wall-content\">Des bus de remplacement ont \u00e9t\u00e9 mis en place.\u00a0<\/p>\n<p class=\" wall-content\">\n<p class=\" wall-content\">Sur la ligne L, l\u2019interruption devrait durer un peu plus longtemps. \u00ab\u00a0Le trafic est interrompu entre <strong>Paris-Saint-Lazare<\/strong> et <strong>Suresnes-Mont-Val\u00e9rien<\/strong> dans les deux sens\u00a0\u00bb, pr\u00e9vient la SNCF. Cela est d\u00fb \u00e0 un signalement sur les voies dans le secteur de La D\u00e9fense. La reprise est estim\u00e9e \u00e0 9h30.<\/p>\n<p class=\" wall-content\">\n<p class=\" wall-content\">Les usagers sont invit\u00e9s, dans la mesure du possible, \u00e0 <strong>modifier<\/strong> leur itin\u00e9raire.\u00a0<\/p>\n<p class=\" wall-content\">Personnalisez votre actualit\u00e9 en ajoutant vos villes et m\u00e9dias en favori avec <a href=\"https:\/\/moncompte.actu.fr\" title=\"D\u00e9couvez Mon Actu\" rel=\"nofollow noopener\" data-trk=\"{&quot;cta&quot;:{&quot;action&quot;:&quot;https:\\\/\\\/moncompte.actu.fr&quot;,&quot;category&quot;:&quot;mon compte&quot;,&quot;from&quot;:&quot;article footer&quot;,&quot;name&quot;:&quot;Mon actu&quot;,&quot;type&quot;:&quot;cta&quot;}}\" target=\"_blank\">Mon Actu<\/a>.<\/p>\n","protected":false},"excerpt":{"rendered":"Par R\u00e9daction Paris Publi\u00e9 le 24 nov. 2025 \u00e0 8h33 D\u00e9but de semaine difficile dans les transports ce&hellip;\n","protected":false},"author":2,"featured_media":8043,"comment_status":"","ping_status":"","sticky":false,"template":"","format":"standard","meta":{"footnotes":""},"categories":[1888],"tags":[11,1777,674,1011,27,12,626,625,25,2215,104,2803],"class_list":{"0":"post-554938","1":"post","2":"type-post","3":"status-publish","4":"format-standard","5":"has-post-thumbnail","7":"category-paris","8":"tag-actualites","9":"tag-eu","10":"tag-europe","11":"tag-fr","12":"tag-france","13":"tag-news","14":"tag-paris","15":"tag-ratp","16":"tag-republique-francaise","17":"tag-sncf","18":"tag-societe","19":"tag-transport"},"share_on_mastodon":{"url":"https:\/\/pubeurope.com\/@fr\/115603542103961893","error":""},"_links":{"self":[{"href":"https:\/\/www.europesays.com\/fr\/wp-json\/wp\/v2\/posts\/554938","targetHints":{"allow":["GET"]}}],"collection":[{"href":"https:\/\/www.europesays.com\/fr\/wp-json\/wp\/v2\/posts"}],"about":[{"href":"https:\/\/www.europesays.com\/fr\/wp-json\/wp\/v2\/types\/post"}],"author":[{"embeddable":true,"href":"https:\/\/www.europesays.com\/fr\/wp-json\/wp\/v2\/users\/2"}],"replies":[{"embeddable":true,"href":"https:\/\/www.europesays.com\/fr\/wp-json\/wp\/v2\/comments?post=554938"}],"version-history":[{"count":0,"href":"https:\/\/www.europesays.com\/fr\/wp-json\/wp\/v2\/posts\/554938\/revisions"}],"wp:featuredmedia":[{"embeddable":true,"href":"https:\/\/www.europesays.com\/fr\/wp-json\/wp\/v2\/media\/8043"}],"wp:attachment":[{"href":"https:\/\/www.europesays.com\/fr\/wp-json\/wp\/v2\/media?parent=554938"}],"wp:term":[{"taxonomy":"category","embeddable":true,"href":"https:\/\/www.europesays.com\/fr\/wp-json\/wp\/v2\/categories?post=554938"},{"taxonomy":"post_tag","embeddable":true,"href":"https:\/\/www.europesays.com\/fr\/wp-json\/wp\/v2\/tags?post=554938"}],"curies":[{"name":"wp","href":"https:\/\/api.w.org\/{rel}","templated":true}]}}