{"id":554939,"date":"2025-11-24T07:40:13","date_gmt":"2025-11-24T07:40:13","guid":{"rendered":"https:\/\/www.europesays.com\/fr\/554939\/"},"modified":"2025-11-24T07:40:13","modified_gmt":"2025-11-24T07:40:13","slug":"le-plan-de-paix-revise-par-kiev-et-washington-pour-etre-rejete-par-la-russie","status":"publish","type":"post","link":"https:\/\/www.europesays.com\/fr\/554939\/","title":{"rendered":"le plan de paix r\u00e9vis\u00e9 par Kiev et Washington, pour \u00eatre rejet\u00e9 par la Russie\u00a0?"},"content":{"rendered":"<p><a name=\"post1763969828\"\/>08:37 &#8211; \u00ab\u00a0Tout futur accord devra pleinement respecter la souverainet\u00e9 de l\u2019Ukraine\u00a0\u00bb assurent Kiev et Washington<\/p>\n<p>Les pourparlers organis\u00e9s entre l&rsquo;Ukraine et les Etats-Unis \u00e0 Gen\u00e8ve, en Suisse, le dimanche 23 novembre, \u00ab\u00a0ont \u00e9t\u00e9 constructifs, concentr\u00e9s sur l\u2019objectif et respectueux, insistant sur l\u2019engagement commun de parvenir \u00e0 une paix juste et durable\u00a0\u00bb, ont \u00e9crit la Maison Blanche et la d\u00e9l\u00e9gation ukrainienne dans un communiqu\u00e9. Les deux pays \u00ab\u00a0ont r\u00e9affirm\u00e9 que tout futur accord devra pleinement respecter la souverainet\u00e9 de l\u2019Ukraine\u00a0\u00bb et \u00ab\u00a0ont \u00e9labor\u00e9 un cadre de paix actualis\u00e9 et am\u00e9lior\u00e9\u00a0\u00bb.\u00a0<\/p>\n<p>\u00ab\u00a0Les repr\u00e9sentants ukrainiens ont affirm\u00e9 que, sur la base des r\u00e9visions et clarifications pr\u00e9sent\u00e9es aujourd\u2019hui, ils estiment que le projet actuel refl\u00e8te leurs int\u00e9r\u00eats nationaux et fournit des m\u00e9canismes cr\u00e9dibles et applicables pour garantir la s\u00e9curit\u00e9 de l\u2019Ukraine \u00e0 court et \u00e0 long terme\u00a0\u00bb a ajout\u00e9\u00a0la Maison Blanche concernant les progr\u00e8s sur l&rsquo;accord de paix. Selon le pouvoir am\u00e9ricain,\u00a0\u00ab\u00a0toutes [les] principales pr\u00e9occupations [de l&rsquo;Ukraine] (garanties de s\u00e9curit\u00e9, d\u00e9veloppement \u00e9conomique \u00e0 long terme, protection des infrastructures, libert\u00e9 de navigation et souverainet\u00e9 politique) avaient \u00e9t\u00e9 pleinement prises en compte lors de la r\u00e9union\u00a0\u00bb.<\/p>\n","protected":false},"excerpt":{"rendered":"08:37 &#8211; \u00ab\u00a0Tout futur accord devra pleinement respecter la souverainet\u00e9 de l\u2019Ukraine\u00a0\u00bb assurent Kiev et Washington Les pourparlers&hellip;\n","protected":false},"author":2,"featured_media":554940,"comment_status":"","ping_status":"","sticky":false,"template":"","format":"standard","meta":{"footnotes":""},"categories":[1591],"tags":[11,66890,51761,1887,51763,74,12,51767,1885,1886,132],"class_list":{"0":"post-554939","1":"post","2":"type-post","3":"status-publish","4":"format-standard","5":"has-post-thumbnail","7":"category-russie","8":"tag-actualites","9":"tag-cms-linternaute-9298769","10":"tag-controller-content","11":"tag-federation-de-russie","12":"tag-format-papier","13":"tag-monde","14":"tag-news","15":"tag-parallaxeinfeed","16":"tag-russia","17":"tag-russian-federation","18":"tag-russie"},"share_on_mastodon":{"url":"https:\/\/pubeurope.com\/@fr\/115603546053484562","error":""},"_links":{"self":[{"href":"https:\/\/www.europesays.com\/fr\/wp-json\/wp\/v2\/posts\/554939","targetHints":{"allow":["GET"]}}],"collection":[{"href":"https:\/\/www.europesays.com\/fr\/wp-json\/wp\/v2\/posts"}],"about":[{"href":"https:\/\/www.europesays.com\/fr\/wp-json\/wp\/v2\/types\/post"}],"author":[{"embeddable":true,"href":"https:\/\/www.europesays.com\/fr\/wp-json\/wp\/v2\/users\/2"}],"replies":[{"embeddable":true,"href":"https:\/\/www.europesays.com\/fr\/wp-json\/wp\/v2\/comments?post=554939"}],"version-history":[{"count":0,"href":"https:\/\/www.europesays.com\/fr\/wp-json\/wp\/v2\/posts\/554939\/revisions"}],"wp:featuredmedia":[{"embeddable":true,"href":"https:\/\/www.europesays.com\/fr\/wp-json\/wp\/v2\/media\/554940"}],"wp:attachment":[{"href":"https:\/\/www.europesays.com\/fr\/wp-json\/wp\/v2\/media?parent=554939"}],"wp:term":[{"taxonomy":"category","embeddable":true,"href":"https:\/\/www.europesays.com\/fr\/wp-json\/wp\/v2\/categories?post=554939"},{"taxonomy":"post_tag","embeddable":true,"href":"https:\/\/www.europesays.com\/fr\/wp-json\/wp\/v2\/tags?post=554939"}],"curies":[{"name":"wp","href":"https:\/\/api.w.org\/{rel}","templated":true}]}}