{"id":554943,"date":"2025-11-24T07:42:16","date_gmt":"2025-11-24T07:42:16","guid":{"rendered":"https:\/\/www.europesays.com\/fr\/554943\/"},"modified":"2025-11-24T07:42:16","modified_gmt":"2025-11-24T07:42:16","slug":"une-nouvelle-version-du-plan-de-paix-americain-redigee-pour-respecter-pleinement-la-souverainete-de-kyiv-liberation","status":"publish","type":"post","link":"https:\/\/www.europesays.com\/fr\/554943\/","title":{"rendered":"une nouvelle version du plan de paix am\u00e9ricain r\u00e9dig\u00e9e, pour \u00abrespecter pleinement la souverainet\u00e9\u00bb de Kyiv \u2013 Lib\u00e9ration"},"content":{"rendered":"<p class=\"sc-cPiKLX AiZTS text-element\">La proposition ant\u00e9rieure <a href=\"https:\/\/www.liberation.fr\/idees-et-debats\/editorial\/plan-de-paix-de-trump-a-zelensky-le-chantage-americain-20251121_27LMA4NO7NF43EI4TM2L2JPJNM\/\" target=\"_blank\" rel=\"noreferrer noopener\" title=\"https:\/\/www.liberation.fr\/idees-et-debats\/editorial\/plan-de-paix-de-trump-a-zelensky-le-chantage-americain-20251121_27LMA4NO7NF43EI4TM2L2JPJNM\/\">favorable \u00e0 Moscou<\/a> semble abandonn\u00e9e. Les Etats-Unis et l\u2019Ukraine ont affirm\u00e9 dans la nuit du dimanche 23 au lundi 24 novembre avoir r\u00e9dig\u00e9 \u00abune nouvelle version, affin\u00e9e, d\u2019un cadre pour un accord de paix\u00bb avec la Russie, qui \u00abdevra pleinement respecter la souverainet\u00e9\u00bb de Kyiv, ont soulign\u00e9 les deux pays dans un communiqu\u00e9 commun.<\/p>\n<p class=\"sc-cPiKLX AiZTS text-element\"><a href=\"https:\/\/www.liberation.fr\/international\/europe\/en-direct-plan-de-paix-sur-lukraine-a-geneve-negociations-durgence-ce-dimanche-entre-ukrainiens-et-americains-en-presence-des-europeens-20251123_7XUC6SEYDRBZNKX3ENRDCPLC4Y\/\" target=\"_blank\" rel=\"noreferrer noopener\" title=\"https:\/\/www.liberation.fr\/international\/europe\/en-direct-plan-de-paix-sur-lukraine-a-geneve-negociations-durgence-ce-dimanche-entre-ukrainiens-et-americains-en-presence-des-europeens-20251123_7XUC6SEYDRBZNKX3ENRDCPLC4Y\/\">Les discussions de Gen\u00e8ve, closes dimanche soir<\/a>, se sont tenues sur la base du projet de plan en 28 points du pr\u00e9sident am\u00e9ricain Donald Trump visant \u00e0 mettre fin au conflit d\u00e9clench\u00e9 le 24 f\u00e9vrier 2022.<\/p>\n<p class=\"sc-cPiKLX AiZTS text-element\">\u00abLes pourparlers ont \u00e9t\u00e9 constructifs, concentr\u00e9s sur l\u2019objectif, et respectueux, insistant sur l\u2019engagement commun de parvenir \u00e0 une paix juste et durable\u00bb, a \u00e9crit la Maison Blanche, qui a salu\u00e9 \u00abun pas en avant significatif\u00bb vers un r\u00e8glement du conflit en Ukraine. Pr\u00e9sent en Suisse, le chef de la diplomatie am\u00e9ricaine Marco Rubio s\u2019\u00e9tait dit auparavant \u00abtr\u00e8s optimiste\u00bb sur la possibilit\u00e9 de conclure \u00abtr\u00e8s vite\u00bb un accord, m\u00eame si de nombreuses inconnues demeurent.<\/p>\n<p class=\"sc-cPiKLX AiZTS text-element\">A Gen\u00e8ve, le <a href=\"https:\/\/www.liberation.fr\/international\/europe\/andriy-yermak-bras-droit-de-volodymyr-zelensky-lukraine-doit-etre-forte-pour-parler-degal-a-egal-avec-moscou-20241229_JANTTNU7TBFYHJEGIUYWWJUYZM\/\" target=\"_blank\" rel=\"noopener\" title=\"https:\/\/www.liberation.fr\/international\/europe\/andriy-yermak-bras-droit-de-volodymyr-zelensky-lukraine-doit-etre-forte-pour-parler-degal-a-egal-avec-moscou-20241229_JANTTNU7TBFYHJEGIUYWWJUYZM\/\">n\u00e9gociateur ukrainien Andriy Yermak<\/a>, bras droit de Volodymyr Zelensky, avait \u00e9galement fait \u00e9tat \u00abde tr\u00e8s bons progr\u00e8s\u00bb, apr\u00e8s que le pr\u00e9sident ukrainien <a href=\"https:\/\/www.liberation.fr\/international\/europe\/accord-favorable-a-moscou-et-scandale-de-corruption-kyiv-vit-un-vendredi-noir-20251121_QPNKYCRT35GQ3LOVJKRSFJ7GAI\/\" target=\"_blank\" rel=\"noopener\" title=\"https:\/\/www.liberation.fr\/international\/europe\/accord-favorable-a-moscou-et-scandale-de-corruption-kyiv-vit-un-vendredi-noir-20251121_QPNKYCRT35GQ3LOVJKRSFJ7GAI\/\">eut salu\u00e9 une nouvelle version du plan am\u00e9ricain<\/a> qui refl\u00e8te \u00abd\u00e9j\u00e0 la plupart des priorit\u00e9s cl\u00e9s\u00bb de Kyiv.<\/p>\n<p class=\"sc-cPiKLX AiZTS text-element\">Donald Trump avait donn\u00e9 jusqu\u2019au 27 novembre \u00e0 Volodymyr Zelensky pour donner une r\u00e9ponse, en pr\u00e9cisant ensuite que <a href=\"https:\/\/www.liberation.fr\/international\/europe\/plan-de-trump-pour-lukraine-les-28-mesures-du-plan-concocte-par-le-president-americain-20251121_I27S3F6BYFFENCKEPDWUMUW2K4\/\" target=\"_blank\" rel=\"noreferrer noopener\" title=\"https:\/\/www.liberation.fr\/international\/europe\/plan-de-trump-pour-lukraine-les-28-mesures-du-plan-concocte-par-le-president-americain-20251121_I27S3F6BYFFENCKEPDWUMUW2K4\/\">son plan en 28 points<\/a> ne serait pas sa \u00abderni\u00e8re offre\u00bb d\u00e9finitive. La version initiale du document avait suscit\u00e9 l\u2019opposition de Kyiv et de ses alli\u00e9s europ\u00e9ens \u2013 Paris, Londres, Berlin et Rome \u2013 venus dimanche \u00e0 Gen\u00e8ve en Suisse pour \u00e9viter une paix en forme de capitulation.<\/p>\n<p class=\"sc-cPiKLX AiZTS text-element\"><a href=\"https:\/\/www.liberation.fr\/international\/europe\/guerre-en-ukraine-les-europeens-et-kyiv-pris-de-court-par-le-nouveau-plan-americano-russe-20251120_GPPCW5O3C5E4JO2R3ZJGWP7UYU\/\" target=\"_blank\" rel=\"noreferrer noopener\" title=\"https:\/\/www.liberation.fr\/international\/europe\/guerre-en-ukraine-les-europeens-et-kyiv-pris-de-court-par-le-nouveau-plan-americano-russe-20251120_GPPCW5O3C5E4JO2R3ZJGWP7UYU\/\">Salu\u00e9 par le pr\u00e9sident russe Vladimir Poutine<\/a>, le texte initial du plan Trump reprenait plusieurs exigences cruciales pour Moscou : que l\u2019Ukraine lui c\u00e8de des territoires, accepte de r\u00e9duire la taille de son arm\u00e9e et renonce \u00e0 int\u00e9grer l\u2019Otan. Tout en offrant des garanties de s\u00e9curit\u00e9 occidentales \u00e0 Kyiv pour pr\u00e9venir toute nouvelle attaque russe. Le texte propose aussi la fin de l\u2019isolement de la Russie \u00e0 l\u2019\u00e9gard des Occidentaux, avec sa r\u00e9int\u00e9gration au G8 et la lev\u00e9e progressive des sanctions.<\/p>\n<p class=\"sc-cPiKLX AiZTS text-element\">\u00abNous avons fait d\u2019\u00e9normes progr\u00e8s\u00bb, s\u2019est encore f\u00e9licit\u00e9 Marco Rubio, estimant que \u00ables points qui restent en suspens ne sont pas insurmontables\u00bb et laissant la porte ouverte \u00e0 un d\u00e9lai au-del\u00e0 de la f\u00eate de Thanksgiving jeudi 27 novembre. Le ministre des Affaires \u00e9trang\u00e8res, qui est aussi le puissant conseiller \u00e0 la s\u00e9curit\u00e9 nationale de la Maison Blanche, a toutefois rappel\u00e9 que les Russes auraient \u00ableur mot \u00e0 dire\u00bb.<\/p>\n<p class=\"sc-cPiKLX AiZTS text-element\">Les discussions devraient se poursuivre ce lundi 24 novembre, m\u00eame si Marco Rubio a quitt\u00e9 Gen\u00e8ve. Volodymyr Zelensky pourrait se rendre aux Etats-Unis d\u00e8s cette semaine pour discuter des aspects les plus sensibles du plan avec Donald Trump, selon des sources proches du dossier cit\u00e9es par Reuters.<\/p>\n<p class=\"sc-cPiKLX AiZTS text-element\">De son c\u00f4t\u00e9, le pr\u00e9sident turc Recep Tayyip Erdogan, qui joue les m\u00e9diateurs entre Kyiv et Moscou, a annonc\u00e9 qu\u2019il s\u2019entretiendrait lundi par t\u00e9l\u00e9phone avec son homologue russe Vladimir Poutine, ce que le Kremlin a confirm\u00e9.<\/p>\n<p class=\"sc-cPiKLX AiZTS text-element\">Une r\u00e9union de dirigeants de pays de l\u2019UE est \u00e9galement pr\u00e9vue ce lundi, en marge d\u2019un sommet avec leurs homologues africains en Angola, et Emmanuel Macron a annonc\u00e9 une r\u00e9union d\u2019Etats soutenant l\u2019Ukraine mardi en visioconf\u00e9rence.<\/p>\n<p class=\"sc-cPiKLX AiZTS text-element\">Sur le terrain, une attaque russe nocturne sur la ville ukrainienne de Kharkiv, la deuxi\u00e8me plus peupl\u00e9e du pays avant l\u2019invasion lanc\u00e9e par Moscou en f\u00e9vrier 2022, a fait quatre morts et 17 bless\u00e9s, a annonc\u00e9 Igor Terekhov, maire de cette ville proche de la fronti\u00e8re russe, dans la nuit de dimanche \u00e0 lundi. \u00abMalgr\u00e9 les n\u00e9gociations\u00bb de paix concernant l\u2019Ukraine, \u00ables troupes russes ont attaqu\u00e9 [\u2026] des immeubles d\u2019habitation\u00bb, a-t-il cingl\u00e9.<\/p>\n<p class=\"sc-cPiKLX AiZTS text-element\">La Russie cible quasi quotidiennement le pays au moyen de drones ou de missiles. Les infrastructures \u00e9nerg\u00e9tiques sont particuli\u00e8rement vis\u00e9es, faisant craindre un rude hiver en Ukraine. Kyiv vise de son c\u00f4t\u00e9 r\u00e9guli\u00e8rement des d\u00e9p\u00f4ts et raffineries de p\u00e9trole et d\u2019autres installations c\u00f4t\u00e9 russe.<\/p>\n","protected":false},"excerpt":{"rendered":"La proposition ant\u00e9rieure favorable \u00e0 Moscou semble abandonn\u00e9e. Les Etats-Unis et l\u2019Ukraine ont affirm\u00e9 dans la nuit du&hellip;\n","protected":false},"author":2,"featured_media":554944,"comment_status":"","ping_status":"","sticky":false,"template":"","format":"standard","meta":{"footnotes":""},"categories":[1589],"tags":[11,73,1866,12,220,297,1864,1865,1863,308],"class_list":{"0":"post-554943","1":"post","2":"type-post","3":"status-publish","4":"format-standard","5":"has-post-thumbnail","7":"category-etats-unis","8":"tag-actualites","9":"tag-etats-unis","10":"tag-etats-unis-damerique","11":"tag-news","12":"tag-ukraine","13":"tag-ukraine-la-crise","14":"tag-united-states","15":"tag-united-states-of-america","16":"tag-us","17":"tag-usa"},"share_on_mastodon":{"url":"https:\/\/pubeurope.com\/@fr\/115603553917927868","error":""},"_links":{"self":[{"href":"https:\/\/www.europesays.com\/fr\/wp-json\/wp\/v2\/posts\/554943","targetHints":{"allow":["GET"]}}],"collection":[{"href":"https:\/\/www.europesays.com\/fr\/wp-json\/wp\/v2\/posts"}],"about":[{"href":"https:\/\/www.europesays.com\/fr\/wp-json\/wp\/v2\/types\/post"}],"author":[{"embeddable":true,"href":"https:\/\/www.europesays.com\/fr\/wp-json\/wp\/v2\/users\/2"}],"replies":[{"embeddable":true,"href":"https:\/\/www.europesays.com\/fr\/wp-json\/wp\/v2\/comments?post=554943"}],"version-history":[{"count":0,"href":"https:\/\/www.europesays.com\/fr\/wp-json\/wp\/v2\/posts\/554943\/revisions"}],"wp:featuredmedia":[{"embeddable":true,"href":"https:\/\/www.europesays.com\/fr\/wp-json\/wp\/v2\/media\/554944"}],"wp:attachment":[{"href":"https:\/\/www.europesays.com\/fr\/wp-json\/wp\/v2\/media?parent=554943"}],"wp:term":[{"taxonomy":"category","embeddable":true,"href":"https:\/\/www.europesays.com\/fr\/wp-json\/wp\/v2\/categories?post=554943"},{"taxonomy":"post_tag","embeddable":true,"href":"https:\/\/www.europesays.com\/fr\/wp-json\/wp\/v2\/tags?post=554943"}],"curies":[{"name":"wp","href":"https:\/\/api.w.org\/{rel}","templated":true}]}}