{"id":554946,"date":"2025-11-24T07:44:14","date_gmt":"2025-11-24T07:44:14","guid":{"rendered":"https:\/\/www.europesays.com\/fr\/554946\/"},"modified":"2025-11-24T07:44:14","modified_gmt":"2025-11-24T07:44:14","slug":"le-plan-de-lallemagne-pour-proteger-ses-usines","status":"publish","type":"post","link":"https:\/\/www.europesays.com\/fr\/554946\/","title":{"rendered":"Le plan de l\u2019Allemagne pour prot\u00e9ger ses usines"},"content":{"rendered":"<p>Revirement total.<strong> <\/strong>En annon\u00e7ant le 13\u202fnovembre des subventions massives sur les tarifs de l\u2019\u00e9lectricit\u00e9 pour les grands groupes nationaux \u00e9lectro-intensifs, le chancelier chr\u00e9tien-d\u00e9mocrate <a href=\"https:\/\/www.latribune.fr\/economie\/union-europeenne\/allemagne-merz-s-oppose-a-toute-hausse-d-impots-1031709.html\" target=\"_blank\" rel=\"noopener\">Friedrich Merz<\/a>, en accord avec ses partenaires de coalition du SPD (sociaux-d\u00e9mocrates), prend le contre-pied de ses pr\u00e9d\u00e9cesseurs dans le domaine ultrasensible de l\u2019\u00e9nergie. Et des libert\u00e9s avec les r\u00e8gles europ\u00e9ennes en vigueur.<\/p>\n<p>Pour un co\u00fbt annuel estim\u00e9 entre 3 et 5\u202fmilliards d\u2019euros, les entreprises fortement consommatrices d\u2019\u00e9nergie b\u00e9n\u00e9ficieront en effet d\u2019un prix de l\u2019\u00e9lectricit\u00e9 r\u00e9duit, attendu \u00e0 \u00ab\u202fenviron 5\u202fcentimes d\u2019euro par kilowattheure\u202f\u00bb, a pr\u00e9cis\u00e9 le chancelier. Ce tarif, valable trois ans (2026-2028), vise en priorit\u00e9 les secteurs cl\u00e9s de la chimie, de l\u2019acier et de l\u2019automobile, pour lesquels <a href=\"https:\/\/www.latribune.fr\/climat\/energie-environnement\/cout-de-l-energie-gaz-charbon-ce-que-prevoit-la-coalition-allemande-1022596.html\" target=\"_blank\" rel=\"noopener\">le co\u00fbt de l\u2019\u00e9nergie<\/a>, et celui du gaz en particulier, est devenu un facteur majeur de comp\u00e9titivit\u00e9 face \u00e0 la Chine ou aux \u00c9tats-Unis, o\u00f9 les prix sont cinq fois inf\u00e9rieurs.<\/p>\n","protected":false},"excerpt":{"rendered":"Revirement total. En annon\u00e7ant le 13\u202fnovembre des subventions massives sur les tarifs de l\u2019\u00e9lectricit\u00e9 pour les grands groupes&hellip;\n","protected":false},"author":2,"featured_media":554947,"comment_status":"","ping_status":"","sticky":false,"template":"","format":"standard","meta":{"footnotes":""},"categories":[1587],"tags":[930,17,11,672,1804,1805,1803,1777,674,1801,693,3442,3102,12,5355,4741,1802,54395],"class_list":{"0":"post-554946","1":"post","2":"type-post","3":"status-publish","4":"format-standard","5":"has-post-thumbnail","7":"category-allemagne","8":"tag-le","9":"tag-17","10":"tag-actualites","11":"tag-allemagne","12":"tag-bundesrepublik-deutschland","13":"tag-de","14":"tag-deutschland","15":"tag-eu","16":"tag-europe","17":"tag-germany","18":"tag-industrie","19":"tag-lallemagne","20":"tag-la-tribune-dimanche","21":"tag-news","22":"tag-plan","23":"tag-proteger","24":"tag-republique-federale-dallemagne","25":"tag-usines"},"share_on_mastodon":{"url":"https:\/\/pubeurope.com\/@fr\/115603561754736803","error":""},"_links":{"self":[{"href":"https:\/\/www.europesays.com\/fr\/wp-json\/wp\/v2\/posts\/554946","targetHints":{"allow":["GET"]}}],"collection":[{"href":"https:\/\/www.europesays.com\/fr\/wp-json\/wp\/v2\/posts"}],"about":[{"href":"https:\/\/www.europesays.com\/fr\/wp-json\/wp\/v2\/types\/post"}],"author":[{"embeddable":true,"href":"https:\/\/www.europesays.com\/fr\/wp-json\/wp\/v2\/users\/2"}],"replies":[{"embeddable":true,"href":"https:\/\/www.europesays.com\/fr\/wp-json\/wp\/v2\/comments?post=554946"}],"version-history":[{"count":0,"href":"https:\/\/www.europesays.com\/fr\/wp-json\/wp\/v2\/posts\/554946\/revisions"}],"wp:featuredmedia":[{"embeddable":true,"href":"https:\/\/www.europesays.com\/fr\/wp-json\/wp\/v2\/media\/554947"}],"wp:attachment":[{"href":"https:\/\/www.europesays.com\/fr\/wp-json\/wp\/v2\/media?parent=554946"}],"wp:term":[{"taxonomy":"category","embeddable":true,"href":"https:\/\/www.europesays.com\/fr\/wp-json\/wp\/v2\/categories?post=554946"},{"taxonomy":"post_tag","embeddable":true,"href":"https:\/\/www.europesays.com\/fr\/wp-json\/wp\/v2\/tags?post=554946"}],"curies":[{"name":"wp","href":"https:\/\/api.w.org\/{rel}","templated":true}]}}