{"id":55495,"date":"2025-04-26T23:11:08","date_gmt":"2025-04-26T23:11:08","guid":{"rendered":"https:\/\/www.europesays.com\/fr\/55495\/"},"modified":"2025-04-26T23:11:08","modified_gmt":"2025-04-26T23:11:08","slug":"jordan-mouillerac-danse-avec-les-stars-se-confie-sur-la-grossesse-de-sa-compagne","status":"publish","type":"post","link":"https:\/\/www.europesays.com\/fr\/55495\/","title":{"rendered":"Jordan Mouillerac (\u00abDanse avec les stars\u00bb) se confie sur la grossesse de sa compagne"},"content":{"rendered":"<p>                             Par     <a class=\"fig-content-metas__author\" href=\"https:\/\/www.lefigaro.fr\/auteur\/mathilde-seifert\" rel=\"author noopener\" target=\"_blank\">Mathilde Seifert<\/a><\/p>\n<p>\n            Publi\u00e9<br \/>\n                le 26 avril 2025 \u00e0 19h21,<br \/>\n                 mis \u00e0 jour le 26 avril 2025 \u00e0 19h28<\/p>\n<p>    Jordan Mouillerac dans \u00abDanse avec les stars\u00bb<br \/>\n                Capture d&rsquo;\u00e9cran<\/p>\n<p>Le danseur de l\u2019\u00e9mission de TF1 a remport\u00e9 sa premi\u00e8re victoire aux c\u00f4t\u00e9s de la chanteuse L\u00e9nie Vacher ce vendredi 26 avril. Mais il s\u2019est \u00e9galement confi\u00e9 sur son futur r\u00f4le de p\u00e8re.<\/p>\n<p class=\"fig-paragraph\">\u00abMerci 2025\u00a0!\u00bb \u00c7a a \u00e9t\u00e9 le ma\u00eetre mot de Jordan Mouillerac ce vendredi 25 avril lors de\u00a0<a href=\"http:\/\/tvmag.lefigaro.fr\/programme-tv\/actu-tele\/danse-avec-les-stars-lenie-remporte-la-saison-14-avec-69-des-votes-20250426\" target=\"_blank\" data-fig-type=\"Article\" rel=\"noopener\" data-gtm-custom-categorie=\"navigation\" data-gtm-custom-action=\"crossclick\" data-gtm-custom-label=\"Contextuel\" data-gtm-event=\"customEventSPE\" data-fig-domain=\"TVMAG\">sa victoire de la saison 14<\/a>\u00a0de \u00abDanse avec les stars\u00bb aux c\u00f4t\u00e9s de la chanteuse L\u00e9nie Vacher. Et pour cause. Apr\u00e8s sept saisons pass\u00e9es \u00e0 performer sur le parquet de l\u2019\u00e9mission de danse, l\u2019homme \u00e2g\u00e9 de 31 ans a soulev\u00e9 le troph\u00e9e pour la premi\u00e8re fois de sa carri\u00e8re. Mais, ce n\u2019est pas pour cette seule raison qu\u2019il est reconnaissant envers l\u2019ann\u00e9e en cours.<\/p>\n<p class=\"fig-paragraph\">En effet,\u00a0<a href=\"https:\/\/tvmag.lefigaro.fr\/programme-tv\/danse-avec-les-stars-jordan-mouillerac-absent-de-la-saison-10_d66cc270-c817-11e9-b57b-f6284b408617\" target=\"_blank\" data-fig-type=\"Article\" rel=\"noopener\" data-gtm-custom-categorie=\"navigation\" data-gtm-custom-action=\"crossclick\" data-gtm-custom-label=\"Contextuel\" data-gtm-event=\"customEventSPE\" data-fig-domain=\"TVMAG\">Jordan Mouillerac<\/a>\u00a0a r\u00e9v\u00e9l\u00e9 dans une publication Instagram publi\u00e9e le 28 janvier dernier qu\u2019il allait bient\u00f4t devenir papa pour la premi\u00e8re fois. \u00abParce que c\u2019est toi\u00bb, avait-il sobrement d\u00e9clar\u00e9 sur les r\u00e9seaux sociaux en accompagnant cette phrase d\u2019une s\u00e9rie de photos en noir et blanc o\u00f9 le ventre de sa compagne, Jessica Sent, se d\u00e9voilait. La mannequin et le danseur entretenaient une relation amoureuse depuis leur rencontre en 2020. Mais ce n\u2019est qu\u2019en mars 2021 que les deux tourtereaux ont d\u00e9cid\u00e9 d\u2019officialiser leur relation aux yeux du grand public.<\/p>\n<p class=\"fig-body-link\">\n            \u00c0 lire aussi<br \/>\n        <a class=\"fig-body-link__link\" href=\"http:\/\/tvmag.lefigaro.fr\/programme-tv\/actu-tele\/lenie-grace-a-danse-avec-les-stars-je-sais-ou-j-ai-envie-d-aller-artistiquement-20250426\" target=\"_blank\" data-fig-type=\"Article\" rel=\"noopener\" data-gtm-custom-categorie=\"navigation\" data-gtm-custom-action=\"crossclick\" data-gtm-custom-label=\"Contextuel\" data-gtm-event=\"customEventSPE\" data-fig-domain=\"TVMAG\">L\u00e9nie\u00a0: \u00abGr\u00e2ce \u00e0 \u201cDanse avec les stars\u201d, je sais o\u00f9 j\u2019ai envie d\u2019aller artistiquement\u00bb<br \/>\n    <\/a>\n<\/p>\n<p class=\"fig-paragraph\">Relativement discret sur leur vie priv\u00e9e, le couple s\u2019est livr\u00e9 \u00e0 quelques confidences \u00e0 l\u2019occasion d\u2019un magn\u00e9to diffus\u00e9 lors de la finale de \u00abDALS\u00bb de ce vendredi. \u00abCette saison est particuli\u00e8re pour moi parce que je suis avec L\u00e9nie que je dois amener le plus loin possible mais d\u2019un autre c\u00f4t\u00e9, j\u2019ai ma femme qui est enceinte\u00bb, a confi\u00e9 Jordan Mouillerac avant d\u2019ajouter que les conditions n\u2019\u00e9taient pas idylliques\u00a0: \u00abJ\u2019ai vraiment h\u00e2te mais c\u2019est une grossesse qui est compliqu\u00e9e, c\u2019est un combat \u00e0 mener.\u00bb En effet, apr\u00e8s une phl\u00e9bite survenue \u00e0 quelques mois de grossesse, la jeune femme &#8211; d\u00e9j\u00e0 maman d\u2019une petite fille &#8211; est d\u00e9sormais alit\u00e9e jusqu\u2019\u00e0 la fin de sa grossesse.<\/p>\n<p class=\"fig-paragraph\">Malgr\u00e9 ces inqui\u00e9tudes li\u00e9es \u00e0 la naissance de son futur enfant, le danseur a su rester concentr\u00e9 sur son objectif. Il a \u00e9galement pu compter sur le soutien de sa partenaire de la saison, L\u00e9nie Vacher. \u00c0 tel point que la chanteuse est devenue avec les semaines une proche du couple. \u00abElle a \u00e9t\u00e9 tr\u00e8s pr\u00e9sente parce qu\u2019elle est au courant que je vis une grossesse un peu compliqu\u00e9e. Elle a \u00e9t\u00e9 l\u00e0, elle est venue \u00e0 la maison. Et c\u2019est pour \u00e7a que l\u2019on a r\u00e9ussi \u00e0 cr\u00e9er ce lien tous les trois qui sort des salles de danse. Elle fait partie de la famille maintenant\u00bb, a d\u00e9clar\u00e9 Jessica Sent. Ainsi, Jordan Mouillerac et sa partenaire de danse ont d\u00e9cid\u00e9 de d\u00e9dier l\u2019une de leur danse de finale \u00e0 la future maman. Une preuve d\u2019amour parfaitement ex\u00e9cut\u00e9e \u00e9tant donn\u00e9 que les juges leur ont attribu\u00e9 la note maximale. \u00abMerci \u00e0 toi L\u00e9nie mais aussi merci ma femme qui est derri\u00e8re l\u2019\u00e9cran, qui n\u2019est pas l\u00e0 ce soir. Je t\u2019aime ma vie\u00bb, s\u2019est \u00e9cri\u00e9 le danseur une fois sa victoire consacr\u00e9e.<\/p>\n<p>\u00a0\u00bb<br \/>\n        data-script=\u00a0\u00bbhttps:\/\/static.lefigaro.fr\/widget-video\/short-ttl\/video\/index.js\u00a0\u00bb<br \/>\n    &gt;<\/p>\n","protected":false},"excerpt":{"rendered":"Par Mathilde Seifert Publi\u00e9 le 26 avril 2025 \u00e0 19h21, mis \u00e0 jour le 26 avril 2025 \u00e0&hellip;\n","protected":false},"author":2,"featured_media":55496,"comment_status":"","ping_status":"","sticky":false,"template":"","format":"standard","meta":{"footnotes":""},"categories":[8],"tags":[976,1000,194,58,59,1011,27,196,1714,1718,1713,973,1717,1715,1716],"class_list":{"0":"post-55495","1":"post","2":"type-post","3":"status-publish","4":"format-standard","5":"has-post-thumbnail","7":"category-divertissement","8":"tag-actu-people","9":"tag-celebrites","10":"tag-danse-avec-les-stars","11":"tag-divertissement","12":"tag-entertainment","13":"tag-fr","14":"tag-france","15":"tag-grossesse","16":"tag-info-people","17":"tag-infos-people-du-jour","18":"tag-news-people","19":"tag-people","20":"tag-photo-people","21":"tag-potins-de-stars","22":"tag-potins-people"},"share_on_mastodon":{"url":"https:\/\/pubeurope.com\/@fr\/114406797172415676","error":""},"_links":{"self":[{"href":"https:\/\/www.europesays.com\/fr\/wp-json\/wp\/v2\/posts\/55495","targetHints":{"allow":["GET"]}}],"collection":[{"href":"https:\/\/www.europesays.com\/fr\/wp-json\/wp\/v2\/posts"}],"about":[{"href":"https:\/\/www.europesays.com\/fr\/wp-json\/wp\/v2\/types\/post"}],"author":[{"embeddable":true,"href":"https:\/\/www.europesays.com\/fr\/wp-json\/wp\/v2\/users\/2"}],"replies":[{"embeddable":true,"href":"https:\/\/www.europesays.com\/fr\/wp-json\/wp\/v2\/comments?post=55495"}],"version-history":[{"count":0,"href":"https:\/\/www.europesays.com\/fr\/wp-json\/wp\/v2\/posts\/55495\/revisions"}],"wp:featuredmedia":[{"embeddable":true,"href":"https:\/\/www.europesays.com\/fr\/wp-json\/wp\/v2\/media\/55496"}],"wp:attachment":[{"href":"https:\/\/www.europesays.com\/fr\/wp-json\/wp\/v2\/media?parent=55495"}],"wp:term":[{"taxonomy":"category","embeddable":true,"href":"https:\/\/www.europesays.com\/fr\/wp-json\/wp\/v2\/categories?post=55495"},{"taxonomy":"post_tag","embeddable":true,"href":"https:\/\/www.europesays.com\/fr\/wp-json\/wp\/v2\/tags?post=55495"}],"curies":[{"name":"wp","href":"https:\/\/api.w.org\/{rel}","templated":true}]}}