{"id":554952,"date":"2025-11-24T07:48:13","date_gmt":"2025-11-24T07:48:13","guid":{"rendered":"https:\/\/www.europesays.com\/fr\/554952\/"},"modified":"2025-11-24T07:48:13","modified_gmt":"2025-11-24T07:48:13","slug":"une-lettre-anonyme-contre-les-seances-deducation-a-la-vie-sexuelle-envoyee-a-plusieurs-ecoles-de-loire-atlantique","status":"publish","type":"post","link":"https:\/\/www.europesays.com\/fr\/554952\/","title":{"rendered":"Une lettre anonyme contre les s\u00e9ances d\u2019\u00e9ducation \u00e0 la vie sexuelle envoy\u00e9e \u00e0 plusieurs \u00e9coles de Loire-Atlantique"},"content":{"rendered":"<p>En quelques jours, plusieurs \u00e9coles primaires de <a href=\"https:\/\/www.20minutes.fr\/nantes\/\" class=\"c-link c-link--is-underlined\" target=\"_blank\" rel=\"noopener\">Nantes<\/a> et des alentours ont re\u00e7u un \u00e9trange courrier. Dans des lettres anonymes recopi\u00e9es \u00e0 l\u2019identique, un corbeau s\u2019en prend aux <a href=\"https:\/\/www.20minutes.fr\/societe\/4135164-20250123-education-sexualite-ecole-voici-contient-derniere-version-programme-notions-sensibles\" class=\"c-link c-link--is-underlined\" target=\"_blank\" rel=\"noopener\">s\u00e9ances d\u2019\u00e9ducation \u00e0 la vie affective<\/a>, relationnelle et sexuelle, consid\u00e9r\u00e9es comme mati\u00e8re \u00e0 part enti\u00e8re depuis la rentr\u00e9e de septembre.<\/p>\n<p>Pr\u00e9venue par des enseignants, Annabel Cattoni, co-secr\u00e9taire d\u00e9partementale du syndicat enseignant FSU-SNUipp 44 a d\u00e9couvert les propos \u00ab\u00a0ignobles et mensongers\u00a0\u00bb de ces myst\u00e9rieuses missives. \u00ab\u00a0Attention \u00e0 l\u2019ob\u00e9issance aveugle aux consignes bien pensantes de l\u2019acad\u00e9mie\u00a0\u00bb, peut-on lire sur une feuille de papier film\u00e9e par <a href=\"https:\/\/www.ouest-france.fr\/pays-de-la-loire\/nantes-44000\/video-une-lettre-anonyme-envoyee-aux-ecoles-a8f7fe86-98e5-3809-b026-dbd1a6895080\" target=\"_blank\" class=\"c-link c-link--is-underlined\" rel=\"noopener\">T\u00e9l\u00e9Nantes<\/a>. \u00ab\u00a0A travers ces vid\u00e9os dites p\u00e9dagogiques faites par l\u2019IA, l\u2019enfant est r\u00e9duit \u00e0 l\u2019\u00e9tat d\u2019objet sexuel. [\u2026] On lui sugg\u00e8re que son entourage est mena\u00e7ant\u00a0\u00bb, continue le message anonyme.<\/p>\n<p>\u00ab\u00a0Danger imm\u00e9diat\u00a0\u00bb<\/p>\n<p>Pour la repr\u00e9sentante syndicale, ces lettres \u00ab\u00a0ne sont pas tr\u00e8s claires\u00a0\u00bb, le contenu semble avoir \u00e9t\u00e9 \u00ab\u00a0tir\u00e9 de diff\u00e9rents tracts\u00a0\u00bb qui s\u2019opposent \u00e0 ces s\u00e9ances. \u00ab\u00a0On y lit que ce n\u2019est pas aux \u00e9coles d\u2019enseigner cette mati\u00e8re. Que nous n\u2019avons pas \u00e0 nous occuper des risques de <a href=\"https:\/\/www.20minutes.fr\/high-tech\/by-the-web\/4165014-20250723-pedocriminalite-parents-evitez-poster-photos-plage-reseaux-sociaux\" class=\"c-link c-link--is-underlined\" target=\"_blank\" rel=\"noopener\">p\u00e9docriminalit\u00e9<\/a> dont pourraient \u00eatre victimes les enfants\u00a0\u00bb, r\u00e9sume-t-elle.<\/p>\n<p>Selon le <a href=\"https:\/\/www.legifrance.gouv.fr\/codes\/article_lc\/LEGIARTI000043982349\" class=\"c-link c-link--is-underlined\" target=\"_blank\" rel=\"noopener\">Code de l\u2019\u00e9ducation<\/a>, \u00ab\u00a0une information et une \u00e9ducation \u00e0 la sexualit\u00e9 sont dispens\u00e9es dans les \u00e9coles, les coll\u00e8ges et les lyc\u00e9es \u00e0 raison d\u2019au moins trois s\u00e9ances annuelles\u00a0\u00bb depuis\u00a02001. Une obligation qui a pu faire r\u00e9agir \u00ab\u00a0certains parents de mani\u00e8re sporadique\u00a0\u00bb au cours des derni\u00e8res ann\u00e9es notamment pour des \u00ab\u00a0questions culturelles\u00a0\u00bb, \u00e9voque la direction d\u2019une des \u00e9coles, \u00ab\u00a0mais rien \u00e0 voir avec les propos d\u00e9plac\u00e9s tenus dans le courrier\u00a0\u00bb. La situation \u00ab\u00a0met nos coll\u00e8gues tr\u00e8s mal \u00e0 l\u2019aise, explique Annabel Cattoni, nous ne savons pas si ces lettres ont \u00e9t\u00e9 d\u00e9pos\u00e9es par un parent m\u00e9content ou par un <a href=\"https:\/\/www.20minutes.fr\/societe\/4170344-20250904-education-sexualite-enseignement-catholique-cherche-imposer-programme\" class=\"c-link c-link--is-underlined\" target=\"_blank\" rel=\"noopener\">membre ext\u00e9rieur<\/a>\u00a0\u00bb. Craignant un \u00ab\u00a0danger imm\u00e9diat\u00a0\u00bb, le syndicat a demand\u00e9 au directeur acad\u00e9mique de diligenter une enqu\u00eate.<\/p>\n<\/p>\n<p>Un sujet \u00ab\u00a0compliqu\u00e9\u00a0\u00bb<\/p>\n<p>Dans les \u00e9tablissements destinataires de ce courrier, les s\u00e9ances d\u2019\u00e9ducation \u00e0 la vie affective auraient bien eu lieu comme l\u2019indique le r\u00e8glement. Annabel Cattoni d\u00e9plore cependant un <a href=\"https:\/\/www.20minutes.fr\/societe\/4145206-20250325-suivi-premiere-formation-programme-education-vie-affective-relationnelle-sexualite\" target=\"_blank\" class=\"c-link c-link--is-underlined\" rel=\"noopener\">manque de formations<\/a> des enseignants pour un \u00ab\u00a0sujet compliqu\u00e9\u00a0\u00bb. \u00ab\u00a0Sur le d\u00e9partement, il existe tr\u00e8s peu de formations disponibles pour apprendre \u00e0 recevoir la parole de certains \u00e9l\u00e8ves\u00a0\u00bb victimes de <a href=\"https:\/\/www.20minutes.fr\/dossier\/violences_sexuelles\" class=\"c-link c-link--is-underlined\" target=\"_blank\" rel=\"noopener\">violences sexuelles<\/a> \u00e0 la maison, cite-t-elle en exemple.<\/p>\n<p>Si le syndicat n\u2019avait jamais eu vent de lettres anonymes auparavant, ni en Loire-Atlantique, ni dans d\u2019autres d\u00e9partements, \u00ab\u00a0des tracts sont r\u00e9guli\u00e8rement distribu\u00e9s devant le rectorat de Nantes et des affiches placard\u00e9es\u00a0\u00bb au sujet de cette mati\u00e8re qui divise. Paradoxalement, 17\u00a0% des 15-24 ans d\u00e9clarent n\u2019avoir jamais b\u00e9n\u00e9fici\u00e9 d\u2019une seule s\u00e9ance d\u2019\u00e9ducation \u00e0 la vie affective et sexuelle au cours de leur scolarit\u00e9 selon un sondage r\u00e9alis\u00e9 par <a href=\"https:\/\/www.ifop.com\/wp-content\/uploads\/2023\/03\/119744-presentation-sidaction-2023.pdf\" target=\"_blank\" class=\"c-link c-link--is-underlined\" rel=\"noopener\">l\u2019Ifop<\/a> en\u00a02023.<\/p>\n<p>Mardi, le <a href=\"https:\/\/www.20minutes.fr\/faits_divers\/4186025-20251117-calvados-caf-supprime-subventions-planning-familial\" class=\"c-link c-link--is-underlined\" target=\"_blank\" rel=\"noopener\">Planning familial<\/a>, Sidaction et SOS homophobie d\u00e9fendaient devant le tribunal administratif de Paris la mise en \u0153uvre du programme. Ils d\u00e9noncent une \u00ab\u00a0carence fautive\u00a0\u00bb de l\u2019Etat dans la mise en application de ces s\u00e9ances.<\/p>\n","protected":false},"excerpt":{"rendered":"En quelques jours, plusieurs \u00e9coles primaires de Nantes et des alentours ont re\u00e7u un \u00e9trange courrier. Dans des&hellip;\n","protected":false},"author":2,"featured_media":554953,"comment_status":"","ping_status":"","sticky":false,"template":"","format":"standard","meta":{"footnotes":""},"categories":[2],"tags":[47,11,1122,6688,23612,5760,1126,1121,118,6944,1011,27,3047,766,12,2636,25,104],"class_list":{"0":"post-554952","1":"post","2":"type-post","3":"status-publish","4":"format-standard","5":"has-post-thumbnail","7":"category-actualites","8":"tag-actualite","9":"tag-actualites","10":"tag-ecole","11":"tag-ecole-maternelle","12":"tag-ecole-primaire","13":"tag-ecole-publique","14":"tag-education-nationale","15":"tag-eleves","16":"tag-faits-divers","17":"tag-faits-divers-nantes","18":"tag-fr","19":"tag-france","20":"tag-loire-atlantique","21":"tag-nantes","22":"tag-news","23":"tag-pays-de-la-loire","24":"tag-republique-francaise","25":"tag-societe"},"share_on_mastodon":{"url":"https:\/\/pubeurope.com\/@fr\/115603577499970404","error":""},"_links":{"self":[{"href":"https:\/\/www.europesays.com\/fr\/wp-json\/wp\/v2\/posts\/554952","targetHints":{"allow":["GET"]}}],"collection":[{"href":"https:\/\/www.europesays.com\/fr\/wp-json\/wp\/v2\/posts"}],"about":[{"href":"https:\/\/www.europesays.com\/fr\/wp-json\/wp\/v2\/types\/post"}],"author":[{"embeddable":true,"href":"https:\/\/www.europesays.com\/fr\/wp-json\/wp\/v2\/users\/2"}],"replies":[{"embeddable":true,"href":"https:\/\/www.europesays.com\/fr\/wp-json\/wp\/v2\/comments?post=554952"}],"version-history":[{"count":0,"href":"https:\/\/www.europesays.com\/fr\/wp-json\/wp\/v2\/posts\/554952\/revisions"}],"wp:featuredmedia":[{"embeddable":true,"href":"https:\/\/www.europesays.com\/fr\/wp-json\/wp\/v2\/media\/554953"}],"wp:attachment":[{"href":"https:\/\/www.europesays.com\/fr\/wp-json\/wp\/v2\/media?parent=554952"}],"wp:term":[{"taxonomy":"category","embeddable":true,"href":"https:\/\/www.europesays.com\/fr\/wp-json\/wp\/v2\/categories?post=554952"},{"taxonomy":"post_tag","embeddable":true,"href":"https:\/\/www.europesays.com\/fr\/wp-json\/wp\/v2\/tags?post=554952"}],"curies":[{"name":"wp","href":"https:\/\/api.w.org\/{rel}","templated":true}]}}