{"id":554954,"date":"2025-11-24T07:49:15","date_gmt":"2025-11-24T07:49:15","guid":{"rendered":"https:\/\/www.europesays.com\/fr\/554954\/"},"modified":"2025-11-24T07:49:15","modified_gmt":"2025-11-24T07:49:15","slug":"cest-un-gros-angle-mort-liberation","status":"publish","type":"post","link":"https:\/\/www.europesays.com\/fr\/554954\/","title":{"rendered":"\u00abC\u2019est un gros angle mort\u00bb \u2013 Lib\u00e9ration"},"content":{"rendered":"<p class=\"sc-cPiKLX AiZTS text-element\">Lina (1) se souvient pr\u00e9cis\u00e9ment du jour o\u00f9 \u00abtout a d\u00e9rap\u00e9\u00bb dans la petite \u00e9cole de sa fille, en Haute-Garonne. Juliette (1) est en CM1 quand l\u2019arriv\u00e9e d\u2019une nouvelle recrue bouleverse toute l\u2019ambiance du p\u00e9riscolaire, ces temps du matin, du midi et de la fin d\u2019apr\u00e8s-midi, quand ce n\u2019est plus l\u2019\u00e9cole qui encadre les enfants. Trois agentes se mettent \u00e0 hurler du matin au soir, insultent les enfants \u2013 \u00abpetite merde\u00bb, \u00abtu vaux rien\u00bb \u2013 leur interdisent de jouer, de se moucher. A la cantine, il faut \u00abla fermer\u00bb. Un midi, l\u2019une d\u2019elles baisse le short de Juliette devant tout le monde.<\/p>\n<p class=\"sc-cPiKLX AiZTS text-element\">Dans la commune voisine, Farah (1), une autre m\u00e8re, tombe sur cette m\u00eame \u00e9quipe, qui tourne sur plusieurs \u00e9coles. Son fils de 10 ans encaisse les insultes \u2013 \u00abenfoir\u00e9\u00bb, \u00abpetit con\u00bb \u2013, devenues la bande-son du midi. Un jour, de retard \u00e0 la cantine, on refuse de le servir. Les agentes imposent aussi de longues \u00abm\u00e9ditations\u00bb d\u2019une demi-heure : les \u00e9l\u00e8ves doivent rester assis par terre en tailleur, yeux et bouches ferm\u00e9s, sans bouger.<\/p>\n<p class=\"sc-cPiKLX AiZTS text-element\">Si de nombreuses \u00e9quipes p\u00e9riscolaires tiennent la barre, souvent \u00e0 bout de bras, ces deux r\u00e9cits ressemblent \u00e0 beaucoup d\u2019autres. De la Haute-Garonne \u00e0 la Seine-Maritime, des maternelles parisiennes aux \u00e9coles guyanaises, Lib\u00e9ration a recueilli une quinzaine de t\u00e9moignages d\u2019animateurs et de familles. Tous d\u00e9crivent la m\u00eame m\u00e9canique. Une violence syst\u00e9mique qui prosp\u00e8re dans cette zone grise du temps p\u00e9riscolaire. Des enfants <\/p>\n","protected":false},"excerpt":{"rendered":"Lina (1) se souvient pr\u00e9cis\u00e9ment du jour o\u00f9 \u00abtout a d\u00e9rap\u00e9\u00bb dans la petite \u00e9cole de sa fille,&hellip;\n","protected":false},"author":2,"featured_media":554955,"comment_status":"","ping_status":"","sticky":false,"template":"","format":"standard","meta":{"footnotes":""},"categories":[2],"tags":[11,1122,1011,27,12,626,874,10228,25,799],"class_list":{"0":"post-554954","1":"post","2":"type-post","3":"status-publish","4":"format-standard","5":"has-post-thumbnail","7":"category-actualites","8":"tag-actualites","9":"tag-ecole","10":"tag-fr","11":"tag-france","12":"tag-news","13":"tag-paris","14":"tag-pedophilie","15":"tag-protection-de-l-enfance","16":"tag-republique-francaise","17":"tag-violences-sexuelles"},"share_on_mastodon":{"url":"https:\/\/pubeurope.com\/@fr\/115603581482182798","error":""},"_links":{"self":[{"href":"https:\/\/www.europesays.com\/fr\/wp-json\/wp\/v2\/posts\/554954","targetHints":{"allow":["GET"]}}],"collection":[{"href":"https:\/\/www.europesays.com\/fr\/wp-json\/wp\/v2\/posts"}],"about":[{"href":"https:\/\/www.europesays.com\/fr\/wp-json\/wp\/v2\/types\/post"}],"author":[{"embeddable":true,"href":"https:\/\/www.europesays.com\/fr\/wp-json\/wp\/v2\/users\/2"}],"replies":[{"embeddable":true,"href":"https:\/\/www.europesays.com\/fr\/wp-json\/wp\/v2\/comments?post=554954"}],"version-history":[{"count":0,"href":"https:\/\/www.europesays.com\/fr\/wp-json\/wp\/v2\/posts\/554954\/revisions"}],"wp:featuredmedia":[{"embeddable":true,"href":"https:\/\/www.europesays.com\/fr\/wp-json\/wp\/v2\/media\/554955"}],"wp:attachment":[{"href":"https:\/\/www.europesays.com\/fr\/wp-json\/wp\/v2\/media?parent=554954"}],"wp:term":[{"taxonomy":"category","embeddable":true,"href":"https:\/\/www.europesays.com\/fr\/wp-json\/wp\/v2\/categories?post=554954"},{"taxonomy":"post_tag","embeddable":true,"href":"https:\/\/www.europesays.com\/fr\/wp-json\/wp\/v2\/tags?post=554954"}],"curies":[{"name":"wp","href":"https:\/\/api.w.org\/{rel}","templated":true}]}}