{"id":554961,"date":"2025-11-24T07:53:14","date_gmt":"2025-11-24T07:53:14","guid":{"rendered":"https:\/\/www.europesays.com\/fr\/554961\/"},"modified":"2025-11-24T07:53:14","modified_gmt":"2025-11-24T07:53:14","slug":"angleterre-all-blacks-springboks-le-calendrier-complet-des-bleus-pour-2026","status":"publish","type":"post","link":"https:\/\/www.europesays.com\/fr\/554961\/","title":{"rendered":"Angleterre, All Blacks, Springboks&#8230;, le calendrier complet des Bleus pour 2026"},"content":{"rendered":"<p>\n    L\u2019ann\u00e9e prochaine, les rugbymen tricolores disputeront douze rencontres. Dont la nouvelle, et tr\u00e8s relev\u00e9e, Coupe des nations. Demandez le programme\u2026<\/p>\n<p class=\"fig-paragraph\"><a href=\"http:\/\/www.lefigaro.fr\/sports\/rugby\/xv-de-france\/fabien-galthie-si-je-compare-a-il-y-a-quatre-ans-on-est-moins-fort-20251123\" data-fig-type=\"NewsFlash\" data-gtm-custom-categorie=\"navigation\" data-gtm-custom-action=\"crossclick\" data-gtm-custom-label=\"Contextuel\" data-gtm-event=\"customEventSPE\" data-fig-domain=\"LEFIGARO\" target=\"_blank\" rel=\"noopener\">Le XV de France<\/a>\u00a0va d\u00e9buter 2026 face \u00e0 l\u2019Irlande, en ouverture du Tournoi des Six Nations. Ce choc inaugural face au XV du Tr\u00e8fle se disputera au Stade de France le\u2026 jeudi 5 f\u00e9vrier. Une premi\u00e8re depuis 78 ans, impos\u00e9e par France T\u00e9l\u00e9visions qui ne veut pas mettre en concurrence le m\u00eame soir les Bleus du rugby et la c\u00e9r\u00e9monie d\u2019ouverture des Jeux olympiques d\u2019hiver de Milan-Cortina. Libre \u00e0 chacun de mesurer la consid\u00e9ration du service public envers les supporters du XV de France\u2026 Le Tournoi se conclura par le Crunch face \u00e0 l\u2019Angleterre, le 14 mars, \u00e0 nouveau au Stade de France.<\/p>\n<p class=\"fig-paragraph\">Place, ensuite, \u00e0 la nouvelle comp\u00e9tition qui remplace les historiques tourn\u00e9es d\u2019\u00e9t\u00e9 et d\u2019automne, la Coupe des nations. Les Bleus, comme les autres nations europ\u00e9ennes, affronteront les six nations de l\u2019h\u00e9misph\u00e8re sud qui composent ce Top 12 mondial. Plus une finale ou un match de classement (soit quatre rencontres et non plus trois en novembre) \u00e0 Londres. Les Bleus retrouveront donc les All Blacks, en juillet en Nouvelle-Z\u00e9lande, et les champions du monde sud-africains, en novembre \u00e0 Paris.<\/p>\n<p class=\"fig-body-link\">\n            \u00c0 lire aussi<br \/>\n        <a class=\"fig-body-link__link fig-premium-mark\" href=\"http:\/\/www.lefigaro.fr\/sports\/rugby\/xv-de-france\/xv-de-france-les-points-noirs-de-la-tournee-d-automne-20251123\" data-fig-type=\"Article\" data-gtm-custom-categorie=\"navigation\" data-gtm-custom-action=\"crossclick\" data-gtm-custom-label=\"Contextuel\" data-gtm-event=\"customEventSPE\" data-fig-domain=\"LEFIGARO\" target=\"_blank\" rel=\"noopener\"><\/p>\n<p>        XV de France: les points noirs de la tourn\u00e9e d\u2019automne<br \/>\n    <\/a>\n<\/p>\n<p>                                    <a class=\"fig-a11y-skip a11y-hidden\" href=\"#fig-a11y-skip-main-inarticle\"><br \/>\n        Passer la publicit\u00e9<br \/>\n    <\/a><\/p>\n<p><strong>Le calendrier du Tournoi des six nations (sur France 2)<\/strong><\/p>\n<p class=\"fig-paragraph\">5 f\u00e9vrier\u00a0: France-Irlande, 21h10<br \/>15 f\u00e9vrier\u00a0: Galles-France, 16h10<br \/>21 f\u00e9vrier\u00a0: France-Italie (\u00e0 Lille), 15h10<br \/>7 mars\u00a0: \u00c9cosse-France, 15h10<br \/>14 mars\u00a0: France-Angleterre, 21h10<\/p>\n<p><strong>Le calendrier en Coupe des nations (sur TF1)<\/strong><\/p>\n<p class=\"fig-paragraph\">4 juillet\u00a0: Nouvelle-Z\u00e9lande-France<br \/>11 juillet\u00a0: Australie-France<br \/>18 juillet\u00a0: Japon-France<br \/>6-7-8 novembre\u00a0: France-Fidji<br \/>13-14-15 novembre\u00a0: France-Afrique du Sud<br \/>21 novembre\u00a0: France-Argentine<br \/>27-28-29 novembre\u00a0: match de classement (\u00e0 Twickenham)<\/p>\n","protected":false},"excerpt":{"rendered":"L\u2019ann\u00e9e prochaine, les rugbymen tricolores disputeront douze rencontres. Dont la nouvelle, et tr\u00e8s relev\u00e9e, Coupe des nations. Demandez&hellip;\n","protected":false},"author":2,"featured_media":554962,"comment_status":"","ping_status":"","sticky":false,"template":"","format":"standard","meta":{"footnotes":""},"categories":[1416],"tags":[2305,1011,27,479,1468,60,21067,13169,12041],"class_list":{"0":"post-554961","1":"post","2":"type-post","3":"status-publish","4":"format-standard","5":"has-post-thumbnail","7":"category-rugby","8":"tag-all-blacks","9":"tag-fr","10":"tag-france","11":"tag-rugby","12":"tag-rugby-football","13":"tag-sports","14":"tag-springboks","15":"tag-tournoi-des-six-nations","16":"tag-xv-dangleterre"},"share_on_mastodon":{"url":"https:\/\/pubeurope.com\/@fr\/115603597389855232","error":""},"_links":{"self":[{"href":"https:\/\/www.europesays.com\/fr\/wp-json\/wp\/v2\/posts\/554961","targetHints":{"allow":["GET"]}}],"collection":[{"href":"https:\/\/www.europesays.com\/fr\/wp-json\/wp\/v2\/posts"}],"about":[{"href":"https:\/\/www.europesays.com\/fr\/wp-json\/wp\/v2\/types\/post"}],"author":[{"embeddable":true,"href":"https:\/\/www.europesays.com\/fr\/wp-json\/wp\/v2\/users\/2"}],"replies":[{"embeddable":true,"href":"https:\/\/www.europesays.com\/fr\/wp-json\/wp\/v2\/comments?post=554961"}],"version-history":[{"count":0,"href":"https:\/\/www.europesays.com\/fr\/wp-json\/wp\/v2\/posts\/554961\/revisions"}],"wp:featuredmedia":[{"embeddable":true,"href":"https:\/\/www.europesays.com\/fr\/wp-json\/wp\/v2\/media\/554962"}],"wp:attachment":[{"href":"https:\/\/www.europesays.com\/fr\/wp-json\/wp\/v2\/media?parent=554961"}],"wp:term":[{"taxonomy":"category","embeddable":true,"href":"https:\/\/www.europesays.com\/fr\/wp-json\/wp\/v2\/categories?post=554961"},{"taxonomy":"post_tag","embeddable":true,"href":"https:\/\/www.europesays.com\/fr\/wp-json\/wp\/v2\/tags?post=554961"}],"curies":[{"name":"wp","href":"https:\/\/api.w.org\/{rel}","templated":true}]}}