{"id":554969,"date":"2025-11-24T08:00:23","date_gmt":"2025-11-24T08:00:23","guid":{"rendered":"https:\/\/www.europesays.com\/fr\/554969\/"},"modified":"2025-11-24T08:00:23","modified_gmt":"2025-11-24T08:00:23","slug":"ce-geste-tendre-du-prince-william-envers-kate-a-fait-fondre-les-britanniques","status":"publish","type":"post","link":"https:\/\/www.europesays.com\/fr\/554969\/","title":{"rendered":"Ce geste tendre du Prince William envers Kate a fait fondre les Britanniques"},"content":{"rendered":"<p>C\u2019est une sc\u00e8ne minuscule, presque furtive, mais qui a suffi \u00e0<br \/>\n\u00e9mouvoir tout un pays. Alors que le prince et la princesse de<br \/>\nGalles s\u2019appr\u00eataient \u00e0 faire leur apparition au Royal Variety<br \/>\nPerformance, au Royal Albert Hall de Londres, un moment vol\u00e9 entre<br \/>\n<a href=\"https:\/\/www.closermag.fr\/royautes\/kate-middleton-ce-mensonge-sournois-raconte-a-ses-enfants-sur-un-grand-secret-qui-les-a-beaucoup-attristes-3595045\" target=\"_blank\" rel=\"noopener\"><br \/>\nles parents de trois enfants<\/a> a boulevers\u00e9 les Britanniques.<br \/>\n<strong>Un geste intime,<\/strong> captur\u00e9 dans l\u2019habitacle de leur<br \/>\nvoiture, avant m\u00eame que les portes ne s\u2019ouvrent, a largement<br \/>\ncircul\u00e9 sur les r\u00e9seaux et d\u00e9clench\u00e9 un torrent de tendresse.<\/p>\n<p>Juste avant de descendre sur le tapis rouge, <strong>William<br \/>\ns\u2019est pench\u00e9 pour d\u00e9poser un baiser sur la main de Kate<\/strong>,<br \/>\nun mouvement doux, spontan\u00e9, presque protecteur. Ce simple geste,<br \/>\nfilm\u00e9 lors de la soir\u00e9e prestigieuse de mercredi, a imm\u00e9diatement<br \/>\nfait r\u00e9agir les fans, ravis de retrouver la complicit\u00e9 du couple<br \/>\napr\u00e8s des mois marqu\u00e9s par la maladie de la princesse.<\/p>\n<p><img loading=\"lazy\" decoding=\"async\" itemprop=\"thumbnailUrl\" class=\"size-large wp-image-3595216 img-responsive\" src=\"https:\/\/www.europesays.com\/fr\/wp-content\/uploads\/2025\/11\/bestimage_00733098_000007-1280x1024.jpg\" alt=\"&lt;p&gt;Kate Middleton et le prince William voiture&lt;\/p&gt;\" width=\"1280\" height=\"1024\"\/> \u00a9 Bestimage<\/p>\n<p>Le prince William et Kate Middleton toujours plus proches<\/p>\n<p>Une fois leurs premiers pas accomplis devant les flashs,<br \/>\n<a href=\"https:\/\/www.closermag.fr\/royautes\/le-prince-william-a-rio-qua-cela-ne-tienne-le-prince-harry-a-encore-trouve-un-moyen-de-tirer-la-couverture-a-lui-3591610\" target=\"_blank\" rel=\"noopener\"><br \/>\nle prince, qui \u00e9tait en solo au Br\u00e9sil,<\/a> n\u2019a pas rompu le<br \/>\ncontact. Il a d\u00e9licatement gliss\u00e9 sa main dans <strong>le bas du<br \/>\ndos de son \u00e9pouse<\/strong> pour l\u2019accompagner \u00e0 l\u2019int\u00e9rieur de la<br \/>\nsalle, dans une attitude pleine d\u2019attention et d\u2019unit\u00e9. Une<br \/>\npr\u00e9sence rassurante, discr\u00e8te, mais qui en dit long. Cette soir\u00e9e<br \/>\nn\u2019\u00e9tait pas anodine : il s\u2019agissait du premier Royal Variety<br \/>\nPerformance de Kate Middleton depuis l\u2019annonce de sa r\u00e9mission.<\/p>\n<p>Toujours engag\u00e9e dans un retour progressif \u00e0 la vie publique, la<br \/>\nprincesse a de nouveau impressionn\u00e9 par son \u00e9l\u00e9gance et sa force<br \/>\ntranquille. Elle portait une somptueuse <strong>robe longue en<br \/>\nvelours vert \u00e9meraude,<\/strong> d\u2019une sobri\u00e9t\u00e9 raffin\u00e9e, tandis que<br \/>\nle prince William <a href=\"https:\/\/www.closermag.fr\/royautes\/kate-et-william-hyper-classes-en-tenues-assorties-pour-leur-premier-tapis-rouge-en-2-ans-photos-3594379\" target=\"_blank\" rel=\"noopener\"><br \/>\noptait pour un smoking impeccable.<\/a> Un autre moment marquant a<br \/>\n\u00e9t\u00e9 capt\u00e9 en coulisses : l\u2019\u00e9treinte chaleureuse entre Kate et<br \/>\nJessie J, toutes deux survivantes d\u2019un cancer. Les deux femmes ont<br \/>\n\u00e9chang\u00e9 quelques mots sur leur parcours respectif et la mani\u00e8re<br \/>\ndont la maladie \u201cremet les choses en perspective\u201d, un<br \/>\ninstant sinc\u00e8re qui a profond\u00e9ment touch\u00e9 le public.\u00a0<\/p>\n<p>La princesse de Galles \u00e9tait v\u00eatue de<br \/>\nfa\u00e7on tr\u00e8s \u00e9l\u00e9gante<\/p>\n<p>Pour cette sortie de gala rare le prince William ayant assist\u00e9<br \/>\nseul \u00e0 la r\u00e9ception du corps diplomatique la veille, Kate Middleton<br \/>\navait choisi des pi\u00e8ces de joaillerie royales iconiques. Ses<br \/>\nboucles d\u2019oreilles Greville, ch\u00e8res \u00e0 la reine Elizabeth II et<br \/>\nsign\u00e9es Cartier, scintillaient sous les lumi\u00e8res de la salle.<\/p>\n<p>\u00c0 son poignet, elle portait <strong>le sublime bracelet<br \/>\nras-de-cou de la reine Mary,<\/strong> un bijou embl\u00e9matique des<br \/>\nengagements officiels, cr\u00e9\u00e9 dans les ann\u00e9es 1920 pour Mary de Teck.<br \/>\nEntre \u00e9motion, glamour et complicit\u00e9 retrouv\u00e9e, cette soir\u00e9e aura<br \/>\nd\u00e9finitivement marqu\u00e9 les esprits.<\/p>\n","protected":false},"excerpt":{"rendered":"C\u2019est une sc\u00e8ne minuscule, presque furtive, mais qui a suffi \u00e0 \u00e9mouvoir tout un pays. Alors que le&hellip;\n","protected":false},"author":2,"featured_media":554970,"comment_status":"","ping_status":"","sticky":false,"template":"","format":"standard","meta":{"footnotes":""},"categories":[1359],"tags":[58,59,1011,27,5858,973,3936],"class_list":{"0":"post-554969","1":"post","2":"type-post","3":"status-publish","4":"format-standard","5":"has-post-thumbnail","7":"category-people","8":"tag-divertissement","9":"tag-entertainment","10":"tag-fr","11":"tag-france","12":"tag-kate-middleton","13":"tag-people","14":"tag-prince-william"},"share_on_mastodon":{"url":"https:\/\/pubeurope.com\/@fr\/115603625226964626","error":""},"_links":{"self":[{"href":"https:\/\/www.europesays.com\/fr\/wp-json\/wp\/v2\/posts\/554969","targetHints":{"allow":["GET"]}}],"collection":[{"href":"https:\/\/www.europesays.com\/fr\/wp-json\/wp\/v2\/posts"}],"about":[{"href":"https:\/\/www.europesays.com\/fr\/wp-json\/wp\/v2\/types\/post"}],"author":[{"embeddable":true,"href":"https:\/\/www.europesays.com\/fr\/wp-json\/wp\/v2\/users\/2"}],"replies":[{"embeddable":true,"href":"https:\/\/www.europesays.com\/fr\/wp-json\/wp\/v2\/comments?post=554969"}],"version-history":[{"count":0,"href":"https:\/\/www.europesays.com\/fr\/wp-json\/wp\/v2\/posts\/554969\/revisions"}],"wp:featuredmedia":[{"embeddable":true,"href":"https:\/\/www.europesays.com\/fr\/wp-json\/wp\/v2\/media\/554970"}],"wp:attachment":[{"href":"https:\/\/www.europesays.com\/fr\/wp-json\/wp\/v2\/media?parent=554969"}],"wp:term":[{"taxonomy":"category","embeddable":true,"href":"https:\/\/www.europesays.com\/fr\/wp-json\/wp\/v2\/categories?post=554969"},{"taxonomy":"post_tag","embeddable":true,"href":"https:\/\/www.europesays.com\/fr\/wp-json\/wp\/v2\/tags?post=554969"}],"curies":[{"name":"wp","href":"https:\/\/api.w.org\/{rel}","templated":true}]}}