{"id":554977,"date":"2025-11-24T08:07:16","date_gmt":"2025-11-24T08:07:16","guid":{"rendered":"https:\/\/www.europesays.com\/fr\/554977\/"},"modified":"2025-11-24T08:07:16","modified_gmt":"2025-11-24T08:07:16","slug":"a-lorient-le-cinema-le-manege-levera-le-rideau-le-6-decembre-grace-a-lassociation-jai-vu-un-doc","status":"publish","type":"post","link":"https:\/\/www.europesays.com\/fr\/554977\/","title":{"rendered":"\u00c0 Lorient, le cin\u00e9ma Le Man\u00e8ge l\u00e8vera le rideau le 6\u00a0d\u00e9cembre gr\u00e2ce \u00e0 l\u2019association J\u2019ai vu un doc"},"content":{"rendered":"<p>Depuis plus de dix ans, l\u2019association J\u2019ai vu un doc (JVD) diffuse de mani\u00e8re itin\u00e9rante films et documentaires engag\u00e9s dans le pays de Lorient. L\u2019\u00e9quipe r\u00eavait d\u2019un lieu d\u00e9di\u00e9 au cin\u00e9ma d\u2019art et d\u2019essai, c\u2019est chose faite. JVD a enfin trouv\u00e9 sa place au Man\u00e8ge, et la premi\u00e8re s\u00e9ance se d\u00e9roulera le 6 d\u00e9cembre 2025, dans une salle de 100\u00a0places. L\u2019association souhaite faire du lieu une v\u00e9ritable \u00ab\u00a0Maison de l\u2019image\u00a0\u00bb o\u00f9 l\u2019\u00e9ducation \u00e0 l\u2019image et aux m\u00e9dias aura une place pr\u00e9pond\u00e9rante.<\/p>\n<p>Ancienne salle de concert<\/p>\n<p>Symbole de la vie culturelle lorientaise, la salle de concert du Man\u00e8ge a ferm\u00e9 ses portes en 2019. \u00ab\u00a0Ce lieu est rempli d\u2019histoires, rappelle Nicolas Le\u00a0Gac. Apr\u00e8s-guerre, c\u2019\u00e9tait un espace \u00e9ducatif o\u00f9 l\u2019on retrouvait spectacles, ateliers et m\u00eame une salle de cin\u00e9ma. Celle que nous r\u00e9am\u00e9nageons aujourd\u2019hui\u00a0\u00bb. Avant d\u2019en arriver l\u00e0, JVD avait longuement travaill\u00e9 sur un projet dans l\u2019ancien cin\u00e9ma Le Rex avec la Ville et plusieurs promoteurs, sans succ\u00e8s. \u00ab\u00a0Nous n\u2019avons jamais renonc\u00e9. Revenir ici pour notre bistrot-cin\u00e9ma, c\u2019est un plaisir partag\u00e9 par de nombreux Lorientais, tr\u00e8s attach\u00e9s \u00e0 ce lieu\u00a0\u00bb. L\u2019appel \u00e0 participation lanc\u00e9 en 2024 l\u2019a confirm\u00e9\u00a0: 15\u00a0000 \u20ac collect\u00e9s aupr\u00e8s de 320\u00a0contributeurs et pr\u00e8s de 70\u00a0b\u00e9n\u00e9voles mobilis\u00e9s, de quoi financer notamment un \u00e9cran de sept m\u00e8tres. Les travaux de r\u00e9novation, d\u2019un budget de 70\u00a0000 \u20ac, sont quant \u00e0 eux financ\u00e9s par la Ville.<\/p>\n<p><img decoding=\"async\" src=\"https:\/\/www.europesays.com\/fr\/wp-content\/uploads\/2025\/11\/692322389bef5a61a20bb811.1.jpeg\" width=\"480\" height=\"300\" class=\"web_golden_m\" loading=\"lazy\" alt=\"La salle de projection du Man\u00e8ge, d\u2019une capacit\u00e9 de 100 places, doit accueillir ses premiers spectateurs le samedi 6\u00a0d\u00e9cembre.\"\/>La salle de projection du Man\u00e8ge, d\u2019une capacit\u00e9 de 100 places, doit accueillir ses premiers spectateurs le samedi 6\u00a0d\u00e9cembre. (Le T\u00e9l\u00e9gramme\/Julyan Thi\u00e9bault)Un projet ancr\u00e9 dans l\u2019\u00e9ducation \u00e0 l\u2019image<\/p>\n<p>La municipalit\u00e9 met la salle \u00e0 disposition de l\u2019association par une convention d\u2019objectifs. Une d\u00e9cision adopt\u00e9e lors du conseil municipal de jeudi 20 novembre 2025. \u00ab\u00a0J\u2019ai vu un doc a d\u00e9velopp\u00e9 un important volet d\u2019\u00e9ducation aux images et aux m\u00e9dias. \u00c0 l\u2019heure du tout num\u00e9rique, ces actions rev\u00eatent un caract\u00e8re essentiel\u00a0\u00bb, commente Fabrice Loher. \u00ab\u00a0L\u2019\u00e9ducation aux images est un vaccin plus que salutaire. La condition pour que nos enfants et nos jeunes grandissent avec les bonnes cl\u00e9s pour d\u00e9crypter le monde et conserver une libert\u00e9 de penser\u00a0\u00bb, a soulign\u00e9 Rozenn M\u00e9tayer, de Lorient en commun. Le volet p\u00e9dagogique est d\u00e9j\u00e0 bien engag\u00e9\u00a0: plusieurs \u00e9tablissements, dont la section audiovisuelle du lyc\u00e9e Saint-Louis, pr\u00e9voient d\u2019y organiser des s\u00e9ances. \u00c0 terme, les ateliers artistiques, aujourd\u2019hui itin\u00e9rants, pourraient \u00eatre centralis\u00e9s au c\u0153ur du cin\u00e9ma\u00a0: \u00ab\u00a0L\u2019objectif est d\u2019accueillir la cr\u00e9ation directement ici\u00a0\u00bb, ajoute Nicolas Le Gac.<\/p>\n<p>Une programmation ambitieuse<\/p>\n<p>Pour sa premi\u00e8re saison, de d\u00e9cembre \u00e0 f\u00e9vrier, Le Man\u00e8ge entend rester fid\u00e8le \u00e0 l\u2019ADN de JVD tout en s\u2019ouvrant davantage au cin\u00e9ma de fiction. La s\u00e9ance inaugurale du 6 d\u00e9cembre mettra le documentaire musical \u00ab\u00a0Mo\u2019Zar, mon style\u00a0\u00bb \u00e0 l\u2019honneur. La suite refl\u00e8te la diversit\u00e9 voulue par l\u2019\u00e9quipe\u00a0: films du patrimoine, \u0153uvres \u00e0 r\u00e9sonance locale comme \u00ab\u00a0Erika\u00a0\u00bb, ou encore grands documentaires comme \u00ab\u00a0Le peuple migrateur\u00a0\u00bb, propos\u00e9s en versions restaur\u00e9es ou in\u00e9dites. La salle mise \u00e9galement sur la convivialit\u00e9 et les rencontres, avec de nombreux \u00e9changes avec des r\u00e9alisateurs, des soir\u00e9es festives et une offre pens\u00e9e pour les familles.<\/p>\n<p>Pratique<\/p>\n<p class=\"note\">Inauguration du Man\u00e8ge, samedi 6 d\u00e9cembre 2025, \u00e0 partir de 16\u00a0h. Informations sur le site\u00a0: <a href=\"https:\/\/jaivuundocumentaire.fr\/\" target=\"_blank\" rel=\"noopener\">jaivuundocumentaire.fr<\/a><\/p>\n","protected":false},"excerpt":{"rendered":"Depuis plus de dix ans, l\u2019association J\u2019ai vu un doc (JVD) diffuse de mani\u00e8re itin\u00e9rante films et documentaires&hellip;\n","protected":false},"author":2,"featured_media":554978,"comment_status":"","ping_status":"","sticky":false,"template":"","format":"standard","meta":{"footnotes":""},"categories":[1354],"tags":[650,251,58,59,1346,1011,27,1781,1360],"class_list":{"0":"post-554977","1":"post","2":"type-post","3":"status-publish","4":"format-standard","5":"has-post-thumbnail","7":"category-films","8":"tag-cinema","9":"tag-culture","10":"tag-divertissement","11":"tag-entertainment","12":"tag-films","13":"tag-fr","14":"tag-france","15":"tag-lorient","16":"tag-movies"},"share_on_mastodon":{"url":"https:\/\/pubeurope.com\/@fr\/115603653072823858","error":""},"_links":{"self":[{"href":"https:\/\/www.europesays.com\/fr\/wp-json\/wp\/v2\/posts\/554977","targetHints":{"allow":["GET"]}}],"collection":[{"href":"https:\/\/www.europesays.com\/fr\/wp-json\/wp\/v2\/posts"}],"about":[{"href":"https:\/\/www.europesays.com\/fr\/wp-json\/wp\/v2\/types\/post"}],"author":[{"embeddable":true,"href":"https:\/\/www.europesays.com\/fr\/wp-json\/wp\/v2\/users\/2"}],"replies":[{"embeddable":true,"href":"https:\/\/www.europesays.com\/fr\/wp-json\/wp\/v2\/comments?post=554977"}],"version-history":[{"count":0,"href":"https:\/\/www.europesays.com\/fr\/wp-json\/wp\/v2\/posts\/554977\/revisions"}],"wp:featuredmedia":[{"embeddable":true,"href":"https:\/\/www.europesays.com\/fr\/wp-json\/wp\/v2\/media\/554978"}],"wp:attachment":[{"href":"https:\/\/www.europesays.com\/fr\/wp-json\/wp\/v2\/media?parent=554977"}],"wp:term":[{"taxonomy":"category","embeddable":true,"href":"https:\/\/www.europesays.com\/fr\/wp-json\/wp\/v2\/categories?post=554977"},{"taxonomy":"post_tag","embeddable":true,"href":"https:\/\/www.europesays.com\/fr\/wp-json\/wp\/v2\/tags?post=554977"}],"curies":[{"name":"wp","href":"https:\/\/api.w.org\/{rel}","templated":true}]}}