{"id":554988,"date":"2025-11-24T08:13:12","date_gmt":"2025-11-24T08:13:12","guid":{"rendered":"https:\/\/www.europesays.com\/fr\/554988\/"},"modified":"2025-11-24T08:13:12","modified_gmt":"2025-11-24T08:13:12","slug":"en-direct-proche-orient-le-hezbollah-confirme-la-mort-de-son-chef-detat-major-haytham-ali-tabatabai-dans-une-frappe-israelienne-a-beyrouth-le-monde-fr","status":"publish","type":"post","link":"https:\/\/www.europesays.com\/fr\/554988\/","title":{"rendered":"EN DIRECT, Proche-Orient : le Hezbollah confirme la mort de son chef d\u2019\u00e9tat-major, Haytham Ali Tabataba\u00ef, dans une frappe isra\u00e9lienne \u00e0 Beyrouth &#8211; Le Monde.fr"},"content":{"rendered":"<ol>\n<li><a href=\"https:\/\/news.google.com\/rss\/articles\/CBMi_wFBVV95cUxNRVZVdlBFVWNrRGtOb3ZRWlZIclh1STdpYnhReVFtZzJscHhaSk00S1dVNU9PMkRqMENnRjZfTG00eWk0M3pUTFBod21Jc0tBakRQdFhGQ1BhNFhpTTZRRVFialJvYVpFNEhpSzBIMU5jY19kdWU2MlFzLXRUdmtWYjM2VUkzeW95NmVSLWZZZXlDV0NLcGtiVTRrV2ZuMUZJMU90OWhSOFpkVEJzUi1uQjhnX18wZWt3MXREOE1xYjhLMWVTdkNUX0JsOTYtR244Tkg0MWhaMUc3RUlxRW44TjN3R1BWSjNYbGR1Q2ljcUNFTGt2dTZPNXB2NWkyRWM?oc=5\" target=\"_blank\" rel=\"noopener\">EN DIRECT, Proche-Orient : le Hezbollah confirme la mort de son chef d\u2019\u00e9tat-major, Haytham Ali Tabataba\u00ef, dans une frappe isra\u00e9lienne \u00e0 Beyrouth<\/a>&nbsp;&nbsp;Le Monde.fr<\/li>\n<li><a href=\"https:\/\/news.google.com\/rss\/articles\/CBMi4gFBVV95cUxPa2ZxTkZpODkteURrV1JzQk1LXzZPOGwxNjlhN0VKY1VOaC1VOTdVUGV2a0dmUGJHM2hBclZWVVlFZVI2N3FXb1BwbTFmVTIxMEREbEFuM2VINEJNeHJ1dVJ3dmFMaU5MLV83MUFIbkRPZ0ZTZDdxN05heDdXZjJEb1pFcW52dlN1STJ2aHQ2cGdzTGlOZlVrRHpNb1I1dDBxdEVyVzB2MU50bHdpaWdqVWppSnZ6T0RxR0NKSmdMQ3pfeDNhYzZVR1diaFZ6bzh2OEFmN2h0MnZGM1NQYm9TN0R3?oc=5\" target=\"_blank\" rel=\"noopener\">Isra\u00ebl tue le chef militaire du Hezbollah libanais dans une frappe sur la banlieue de Beyrouth<\/a>&nbsp;&nbsp;Mediapart<\/li>\n<li><a href=\"https:\/\/news.google.com\/rss\/articles\/CBMiogJBVV95cUxQQ3JoRkV3RFFaTzZoSERETE5DemFXM3JVQXV0M0hUUkVJclhiREctSDhGaUVqV2kzZnRUb25XVVBBUXJLODR5RzhXWG9iRGdmNzQyUGdhdGVzLUNRaEJtaUJ0clRiNUQzVmxnaFRldEVJQjkwdUdpel8xWGZFTTVwRW4xTjY2NWdGOE1Ldk9FWjdieW1CRE1sRGZZWEo4TXV4SmtocHBhRjl4bEUwTHAyWF9mTWNLX2VXVElFTEl4ZkZ1NE1RX1hvNVNTd2gxU0duWWR1ZjB4ZlZTWnUyalpfLXNrQklOb1JPU1NlMXFEWkNuMmNjSGtpWFhXYzZXd0l6M2EtcXRqalJsbkZaMDRJeVVRekJTTHNTOEZPbTYxZGplZw?oc=5\" target=\"_blank\" rel=\"noopener\">\u00ab\u00a0Une violation flagrante du cessez-le-feu\u00a0\u00bb: l&rsquo;Iran condamne l&rsquo;assassinat par Isra\u00ebl du chef militaire du Hezbollah au Liban<\/a>&nbsp;&nbsp;BFMTV<\/li>\n<li><a href=\"https:\/\/news.google.com\/rss\/articles\/CBMi1gFBVV95cUxQSlM5c1hlb1pVamVRQV9FMVl1M3lzem03aDcwZlNqTHhXVWxhYmpPb3ljZUhvbkctNlFRbm9TZ1RidWtMN21sWi0zSW1hb3pCZEl2enBmYWY3MllGYlUwZWY2QmJlRU5wUS13cFV3RHNMV0lnZTVQWkY2Y0duT0E1ZFM3MWlnVVdTT0hFQmVTdnFmTm1ydDlQUTFjTERLa01kSE1LZzJDSEk1SXUtT2tENU0wYjl2V2c2UHh4eWF3ZU8wbU1zXy1IZUNzV2hVQ05GTUFWZVpB?oc=5\" target=\"_blank\" rel=\"noopener\">\u00abIsra\u00ebl continuera d\u2019agir contre ceux qui la menacent\u00bb : au Liban, le Hezbollah frapp\u00e9 \u00e0 Beyrouth<\/a>&nbsp;&nbsp;Le Figaro<\/li>\n<li><a href=\"https:\/\/news.google.com\/rss\/articles\/CBMimgJBVV95cUxNMDdyMmxqWWpINXRWZWZBbjIzZDdsM0FaYlR5dnJIMGpUWkhVRGo2MS1oRlpFUmctVHJ2a0VFRDhBZFc5d2dRUXJscHllQ0I2Zi1WM0FGMnp4bHk3R3NyZHVxZ0ZxdkROTHpaMGJoM19veWFzaXk5VV8tYS1qY09pOHZnU3NyQlNrZmJOVVZpN253NzhuYW82blJ2NW5mdnJ4d0h1RzVZSzVpZ1FJUkt1QmliZjJWNTRZb2ltVzBmUWEwRTJ6ZV9CNHRiZTVtLXR3MW1LMWZDaXZTQjFTMjNybU00X3cxX0ZKczA2c0k0M2l3OEJmRFB0cHFuaHlScGhoREhBVEh1U095aHZadDNGTGVEX3RLYnBlLVE?oc=5\" target=\"_blank\" rel=\"noopener\">LIVE BLOG | Source s\u00e9curitaire isra\u00e9lienne : \u00ab\u00a0il est possible d&rsquo;affaiblir consid\u00e9rablement le Hezbollah en quelques jours de combats seulement\u00a0\u00bb<\/a>&nbsp;&nbsp;i24NEWS<\/li>\n<\/ol>\n","protected":false},"excerpt":{"rendered":"EN DIRECT, Proche-Orient : le Hezbollah confirme la mort de son chef d\u2019\u00e9tat-major, Haytham Ali Tabataba\u00ef, dans une&hellip;\n","protected":false},"author":2,"featured_media":395849,"comment_status":"","ping_status":"","sticky":false,"template":"","format":"standard","meta":{"footnotes":""},"categories":[5],"tags":[11,1011,27,14,12,28],"class_list":{"0":"post-554988","1":"post","2":"type-post","3":"status-publish","4":"format-standard","5":"has-post-thumbnail","7":"category-international","8":"tag-actualites","9":"tag-fr","10":"tag-france","11":"tag-international","12":"tag-news","13":"tag-world"},"share_on_mastodon":{"url":"https:\/\/pubeurope.com\/@fr\/115603675835645428","error":""},"_links":{"self":[{"href":"https:\/\/www.europesays.com\/fr\/wp-json\/wp\/v2\/posts\/554988","targetHints":{"allow":["GET"]}}],"collection":[{"href":"https:\/\/www.europesays.com\/fr\/wp-json\/wp\/v2\/posts"}],"about":[{"href":"https:\/\/www.europesays.com\/fr\/wp-json\/wp\/v2\/types\/post"}],"author":[{"embeddable":true,"href":"https:\/\/www.europesays.com\/fr\/wp-json\/wp\/v2\/users\/2"}],"replies":[{"embeddable":true,"href":"https:\/\/www.europesays.com\/fr\/wp-json\/wp\/v2\/comments?post=554988"}],"version-history":[{"count":0,"href":"https:\/\/www.europesays.com\/fr\/wp-json\/wp\/v2\/posts\/554988\/revisions"}],"wp:featuredmedia":[{"embeddable":true,"href":"https:\/\/www.europesays.com\/fr\/wp-json\/wp\/v2\/media\/395849"}],"wp:attachment":[{"href":"https:\/\/www.europesays.com\/fr\/wp-json\/wp\/v2\/media?parent=554988"}],"wp:term":[{"taxonomy":"category","embeddable":true,"href":"https:\/\/www.europesays.com\/fr\/wp-json\/wp\/v2\/categories?post=554988"},{"taxonomy":"post_tag","embeddable":true,"href":"https:\/\/www.europesays.com\/fr\/wp-json\/wp\/v2\/tags?post=554988"}],"curies":[{"name":"wp","href":"https:\/\/api.w.org\/{rel}","templated":true}]}}