{"id":555007,"date":"2025-11-24T08:26:15","date_gmt":"2025-11-24T08:26:15","guid":{"rendered":"https:\/\/www.europesays.com\/fr\/555007\/"},"modified":"2025-11-24T08:26:15","modified_gmt":"2025-11-24T08:26:15","slug":"metropole-de-rouen-plusieurs-elus-et-candidats-montent-un-groupe-au-sein-de-la-metropole-pour-2026","status":"publish","type":"post","link":"https:\/\/www.europesays.com\/fr\/555007\/","title":{"rendered":"M\u00e9tropole de Rouen. Plusieurs \u00e9lus et candidats montent un groupe au sein de la M\u00e9tropole pour 2026"},"content":{"rendered":"<p melodystyle=\"texte\">Depuis plus d&rsquo;un an, plusieurs \u00e9lus en place et candidats aux \u00e9lections municipales 2026 se sont rassembl\u00e9s pour former un groupe au sein de la M\u00e9tropole de Rouen en 2026. Leur but, r\u00e9aliser un travail collectif construit avec des valeurs, de la coop\u00e9ration et une volont\u00e9 de d\u00e9fendre \u00e9quitablement l&rsquo;ensemble des communes, notamment les plus petites.<\/p>\n<p>Du soutien aux petites communes<\/p>\n<p melodystyle=\"texte\">Une ligne blanche en attente depuis des mois, un service de transport l\u00e9ger sur certaines communes, des routes qui auraient bien besoin d&rsquo;un coup de fra\u00eecheur et bien d&rsquo;autres\u2026 Les petites communes du territoire se rassemblent pour porter une voix commune \u00e0 la M\u00e9tropole. \u00ab\u00a0Ces rencontres initi\u00e9es de mani\u00e8re informelle, ont permis de faire \u00e9merger des constats partag\u00e9s, des probl\u00e9matiques communes et une volont\u00e9 claire\u00a0: mieux faire entendre nos voix au sein de l&rsquo;intercommunalit\u00e9\u00a0\u00bb, expriment-ils.<\/p>\n<p melodystyle=\"texte\">La liste sans \u00e9tiquette \u00ab\u00a0Ensemble\u00a0: Petites Communes et Ind\u00e9pendantes\u00a0\u00bb s&rsquo;officialise donc ce jour. Pour le moment, treize \u00e9lus et\/ou candidats, sont signataires d&rsquo;un courrier commun, transmis aux habitants. \u00ab\u00a0Cette d\u00e9marche se veut souple et collaborative. Elle \u00e9voluera au fil des contributions dans un esprit de confiance et d&rsquo;ouverture\u00a0\u00bb, ajoutent-ils.<\/p>\n<p melodystyle=\"texte\">Chaque commune membre d\u00e9signera un repr\u00e9sentant qui pourra \u00eatre suppl\u00e9\u00e9 par un membre de sa liste municipale. Ces signataires souhaiteront favoriser la circulation d&rsquo;informations entre \u00e9lus, valoriser les exp\u00e9riences locales et les r\u00e9ussites de terrain, mutualiser les id\u00e9es et comp\u00e9tences, porter collectivement des propositions concr\u00e8tes sur \u00ab\u00a0les sujets qui nous concernent directement. Ensemble, faisons vivre un espace d&rsquo;\u00e9change plus \u00e9quitable, plus repr\u00e9sentatif et constructif au sein de notre intercommunalit\u00e9\u00a0\u00bb, concluent-ils.<\/p>\n","protected":false},"excerpt":{"rendered":"Depuis plus d&rsquo;un an, plusieurs \u00e9lus en place et candidats aux \u00e9lections municipales 2026 se sont rassembl\u00e9s pour&hellip;\n","protected":false},"author":2,"featured_media":555008,"comment_status":"","ping_status":"","sticky":false,"template":"","format":"standard","meta":{"footnotes":""},"categories":[9587],"tags":[1111,11,1777,674,1011,27,12,5161,25,9590],"class_list":{"0":"post-555007","1":"post","2":"type-post","3":"status-publish","4":"format-standard","5":"has-post-thumbnail","7":"category-rouen","8":"tag-actu","9":"tag-actualites","10":"tag-eu","11":"tag-europe","12":"tag-fr","13":"tag-france","14":"tag-news","15":"tag-normandie","16":"tag-republique-francaise","17":"tag-rouen"},"share_on_mastodon":{"url":"https:\/\/pubeurope.com\/@fr\/115603727019453010","error":""},"_links":{"self":[{"href":"https:\/\/www.europesays.com\/fr\/wp-json\/wp\/v2\/posts\/555007","targetHints":{"allow":["GET"]}}],"collection":[{"href":"https:\/\/www.europesays.com\/fr\/wp-json\/wp\/v2\/posts"}],"about":[{"href":"https:\/\/www.europesays.com\/fr\/wp-json\/wp\/v2\/types\/post"}],"author":[{"embeddable":true,"href":"https:\/\/www.europesays.com\/fr\/wp-json\/wp\/v2\/users\/2"}],"replies":[{"embeddable":true,"href":"https:\/\/www.europesays.com\/fr\/wp-json\/wp\/v2\/comments?post=555007"}],"version-history":[{"count":0,"href":"https:\/\/www.europesays.com\/fr\/wp-json\/wp\/v2\/posts\/555007\/revisions"}],"wp:featuredmedia":[{"embeddable":true,"href":"https:\/\/www.europesays.com\/fr\/wp-json\/wp\/v2\/media\/555008"}],"wp:attachment":[{"href":"https:\/\/www.europesays.com\/fr\/wp-json\/wp\/v2\/media?parent=555007"}],"wp:term":[{"taxonomy":"category","embeddable":true,"href":"https:\/\/www.europesays.com\/fr\/wp-json\/wp\/v2\/categories?post=555007"},{"taxonomy":"post_tag","embeddable":true,"href":"https:\/\/www.europesays.com\/fr\/wp-json\/wp\/v2\/tags?post=555007"}],"curies":[{"name":"wp","href":"https:\/\/api.w.org\/{rel}","templated":true}]}}