{"id":555009,"date":"2025-11-24T08:27:13","date_gmt":"2025-11-24T08:27:13","guid":{"rendered":"https:\/\/www.europesays.com\/fr\/555009\/"},"modified":"2025-11-24T08:27:13","modified_gmt":"2025-11-24T08:27:13","slug":"cette-psychanalyste-propose-des-seances-gratuites-dans-des-salons-de-the-a-rouen","status":"publish","type":"post","link":"https:\/\/www.europesays.com\/fr\/555009\/","title":{"rendered":"Cette psychanalyste propose des s\u00e9ances gratuites dans des salons de th\u00e9 \u00e0 Rouen"},"content":{"rendered":"<p>                    Par<br \/>\n        <strong><br \/>\n            <a href=\"https:\/\/actu.fr\/auteur\/adrien-filoche\" title=\"Consulter tous les articles de Adrien Filoche\" target=\"_blank\" rel=\"noopener\">Adrien Filoche<\/a><br \/>\n                    <\/strong><\/p>\n<p>        Publi\u00e9 le<\/p>\n<p>            24 nov. 2025 \u00e0 8h02        <\/p>\n<p>\u00c9milie Mura Dufourmantelle le reconna\u00eet, passer pour la premi\u00e8re fois la porte d\u2019un cabinet de th\u00e9rapeute n\u2019est pas toujours chose ais\u00e9e. Afin de d\u00e9mocratiser sa pratique, de faciliter l\u2019acc\u00e8s \u00e0 la psychanalyse, et aussi de se faire conna\u00eetre dans la r\u00e9gion par la m\u00eame occasion, cette <strong>psychanalyste<\/strong> install\u00e9e \u00e0 <a href=\"https:\/\/actu.fr\/normandie\/canteleu_76157\" target=\"_blank\" rel=\"noopener\">Canteleu<\/a>, pr\u00e8s de <a href=\"https:\/\/actu.fr\/normandie\/rouen_76540\" target=\"_blank\" rel=\"noopener\">Rouen<\/a>, propose un concept in\u00e9dit\u2009: <strong>une premi\u00e8re s\u00e9ance gratuite dans des salons de th\u00e9.<\/strong> On vous explique sa d\u00e9marche.<\/p>\n<p>Psychanalyste, sexologue et coach professionnelle<\/p>\n<p class=\" wall-content\">En pleine reconversion, \u00c9milie Mura Dufourmantelle a travaill\u00e9 pendant 20\u00a0ans \u00e0 Paris en tant que directrice des ressources humaines. \u00ab\u2009J\u2019\u00e9tais un peu frustr\u00e9e de ne pas pouvoir aller plus loin dans la r\u00e9solution des probl\u00e9matiques personnelles. Je voulais apporter un accompagnement plus pouss\u00e9\u2009\u00bb, souligne-t-elle.<\/p>\n<p class=\" wall-content\">D\u00e9termin\u00e9e, elle se forme dans un premier temps pour du <strong>coaching professionnel<\/strong>, avant de d\u00e9velopper son exp\u00e9rience dans la <strong>psychanalyse<\/strong>. Parall\u00e8lement, elle \u00e9tudie la <strong>sexologie<\/strong> pour parfaire son expertise et devient membre du syndicat national des sexologues cliniciens (SNSC).\u00a0Aujourd\u2019hui, \u00c9milie rev\u00eat trois casquettes\u2009: th\u00e9rapeute en psychanalyse, sexologue et coach professionnelle.<\/p>\n<p class=\" wall-content\">Apr\u00e8s un passage dans l\u2019Eure, la psychanalyste d\u00e9cide finalement d\u2019installer son cabinet \u00e0 Canteleu en 2025. Et puis, lui vient cette id\u00e9e. Pour cette grande amatrice de th\u00e9, tout est en r\u00e9alit\u00e9 parti d\u2019un jeu de mots\u2009: th\u00e9-rapie. \u00ab\u2009J\u2019ai essay\u00e9 de trouver un moyen de lier les deux\u2009\u00bb, explique-t-elle en souriant. Et d\u2019ajouter\u2009: \u00ab\u2009J\u2019ai annonc\u00e9 \u00e7a sur Instagram et \u00e7a a tout de suite plu.\u2009\u00bb<\/p>\n<p>Des s\u00e9ances de th\u00e9-rapie gratuites<\/p>\n<p class=\" wall-content\">Le 11\u00a0novembre dernier, la premi\u00e8re s\u00e9ance de th\u00e9-rapie d\u2019\u00c9milie s\u2019est d\u00e9roul\u00e9e chez<a href=\"https:\/\/actu.fr\/normandie\/rouen_76540\/deja-20-ans-decouvrez-l-histoire-de-l-incontournable-salon-de-the-de-rouen-dame-cakes_55655129.html\" target=\"_blank\" rel=\"noopener\"> Dame Cakes<\/a>, ce salon de th\u00e9 bien connu de tous les Rouennais. <strong>Mais comment cela fonctionne\u2009?<\/strong> Pendant deux heures, \u00c9milie se rend sur place et re\u00e7oit ses patients. \u00ab\u2009Ce sont des s\u00e9ances condens\u00e9es en 15\u00a0minutes. C\u2019est l\u2019occasion de faire connaissance, mais aussi d\u2019amorcer une premi\u00e8re consultation pour ceux qui le souhaitent\u2009\u00bb, note la psychanalyste.<\/p>\n<p class=\" wall-content\">Pour \u00eatre certain d\u2019avoir un cr\u00e9neau, le mieux est de faire une r\u00e9servation via son cabinet ou ses r\u00e9seaux sociaux. \u00ab\u2009On peut aussi venir \u00e0 l\u2019improviste, mais c\u2019est plus al\u00e9atoire\u2009\u00bb, souligne-t-elle.<\/p>\n<p class=\" wall-content\">Le 11\u00a0novembre, \u00c9milie a ainsi pu consulter six patients. Sur les profils, \u00ab\u2009il y a des gens qui viennent pour simplement se renseigner, mais aussi d\u2019autres qui suivent une vraie premi\u00e8re consultation\u2009\u00bb.<\/p>\n<p>Votre r\u00e9gion, votre actu !<\/p>\n<p>Recevez chaque jour les infos qui comptent pour vous.<\/p>\n<p>\t<a href=\"https:\/\/actu.fr\/newsletter\" class=\"ac-btn ac-btn--corner ac-btn--medium ac-btn--blue800\" target=\"_blank\" rel=\"noopener\">S&rsquo;incrire<\/a><\/p>\n<blockquote class=\"ac-article-quote wall-content\">\n<p>La s\u00e9ance est totalement gratuite. La seule contrepartie, c&rsquo;est de prendre une consommation dans le salon de th\u00e9.<\/p>\n<p>    <strong>\u00c9milie Mura Dufourmantelle<\/strong><br \/>\n        psychanalyste install\u00e9e \u00e0 Canteleu    <\/p><\/blockquote>\n<p class=\" wall-content\">Et pour ceux qui souhaitent poursuivre la th\u00e9rapie, \u00c9milie propose \u00e9galement <strong>une s\u00e9ance d\u00e9couverte gratuite<\/strong>, cette fois-ci en cabinet. \u00ab\u2009Je fais aussi des s\u00e9ances par visioconf\u00e9rence en fonction des disponibilit\u00e9s et des besoins\u2009\u00bb, souligne-t-elle.<\/p>\n<p>D\u00e9mocratiser l\u2019acc\u00e8s \u00e0 la th\u00e9rapie<\/p>\n<p class=\" wall-content\">Cette initiative est pour \u00c9milie un v\u00e9ritable moyen de <strong>d\u00e9mocratiser sa pratique<\/strong>\u2009: \u00ab\u2009Aujourd\u2019hui, la psychanalyse souffre encore d\u2019une image trop \u00e9litiste. On pense \u00e0 quelque chose de cher et de long.\u2009\u00bb<\/p>\n<p class=\" wall-content\">L\u2019id\u00e9e de ces s\u00e9ances gratuites, c\u2019est aussi de toucher le public des plus jeunes (m\u00eame s\u2019il n\u2019est pas le seul cibl\u00e9). Alors que la sant\u00e9 mentale a \u00e9t\u00e9 d\u00e9clar\u00e9e Grande Cause nationale de l\u2019ann\u00e9e 2025, l\u2019id\u00e9e de la psychanalyste est la suivante\u2009: ouvrir la th\u00e9rapie au plus grand nombre.<\/p>\n<blockquote class=\"ac-article-quote wall-content\">\n<p>Beaucoup se disent qu&rsquo;ils ne sont pas l\u00e9gitimes \u00e0 venir en th\u00e9rapie, qu&rsquo;ils n&rsquo;ont que des petits probl\u00e8mes. Il y a aussi parfois de la honte. Il faut gommer ces barri\u00e8res. <\/p>\n<p>    <strong>\u00c9milie Mura Dufourmantelle<\/strong><br \/>\n        psychanalyste install\u00e9e \u00e0 Canteleu    <\/p><\/blockquote>\n<p class=\" wall-content\">Le 6\u00a0d\u00e9cembre 2025, \u00c9milie organise une nouvelle s\u00e9ance de th\u00e9-rapie, cette fois-ci au Fancy Coffee situ\u00e9 rue de la R\u00e9publique. Elle l\u2019assure, \u00ab\u2009il y aura encore d\u2019autres s\u00e9ances de th\u00e9-rapie comme celle-ci\u2009\u00bb.<\/p>\n<p>Suivez l\u2019actualit\u00e9 de Rouen sur <a href=\"https:\/\/www.whatsapp.com\/channel\/0029VaKfnf99hXF2ddApFB1D\" target=\"_blank\" rel=\"noopener\">notre cha\u00eene WhatsApp<\/a> et sur <a href=\"https:\/\/www.tiktok.com\/@76actu.fr?lang=fr\" target=\"_blank\" rel=\"noopener\">notre compte TikTok<\/a><\/p>\n<p class=\" wall-content\">Personnalisez votre actualit\u00e9 en ajoutant vos villes et m\u00e9dias en favori avec <a href=\"https:\/\/moncompte.actu.fr\" title=\"D\u00e9couvez Mon Actu\" rel=\"nofollow noopener\" data-trk=\"{&quot;cta&quot;:{&quot;action&quot;:&quot;https:\\\/\\\/moncompte.actu.fr&quot;,&quot;category&quot;:&quot;mon compte&quot;,&quot;from&quot;:&quot;article footer&quot;,&quot;name&quot;:&quot;Mon actu&quot;,&quot;type&quot;:&quot;cta&quot;}}\" target=\"_blank\">Mon Actu<\/a>.<\/p>\n<p>                    <script async src=\"\/\/www.tiktok.com\/embed.js\"><\/script><\/p>\n","protected":false},"excerpt":{"rendered":"Par Adrien Filoche Publi\u00e9 le 24 nov. 2025 \u00e0 8h02 \u00c9milie Mura Dufourmantelle le reconna\u00eet, passer pour la&hellip;\n","protected":false},"author":2,"featured_media":555010,"comment_status":"","ping_status":"","sticky":false,"template":"","format":"standard","meta":{"footnotes":""},"categories":[9587],"tags":[1111,11,1777,674,1011,27,12,5161,206,25,9590,71,104],"class_list":{"0":"post-555009","1":"post","2":"type-post","3":"status-publish","4":"format-standard","5":"has-post-thumbnail","7":"category-rouen","8":"tag-actu","9":"tag-actualites","10":"tag-eu","11":"tag-europe","12":"tag-fr","13":"tag-france","14":"tag-news","15":"tag-normandie","16":"tag-psycho","17":"tag-republique-francaise","18":"tag-rouen","19":"tag-sante","20":"tag-societe"},"share_on_mastodon":{"url":"https:\/\/pubeurope.com\/@fr\/115603730929460922","error":""},"_links":{"self":[{"href":"https:\/\/www.europesays.com\/fr\/wp-json\/wp\/v2\/posts\/555009","targetHints":{"allow":["GET"]}}],"collection":[{"href":"https:\/\/www.europesays.com\/fr\/wp-json\/wp\/v2\/posts"}],"about":[{"href":"https:\/\/www.europesays.com\/fr\/wp-json\/wp\/v2\/types\/post"}],"author":[{"embeddable":true,"href":"https:\/\/www.europesays.com\/fr\/wp-json\/wp\/v2\/users\/2"}],"replies":[{"embeddable":true,"href":"https:\/\/www.europesays.com\/fr\/wp-json\/wp\/v2\/comments?post=555009"}],"version-history":[{"count":0,"href":"https:\/\/www.europesays.com\/fr\/wp-json\/wp\/v2\/posts\/555009\/revisions"}],"wp:featuredmedia":[{"embeddable":true,"href":"https:\/\/www.europesays.com\/fr\/wp-json\/wp\/v2\/media\/555010"}],"wp:attachment":[{"href":"https:\/\/www.europesays.com\/fr\/wp-json\/wp\/v2\/media?parent=555009"}],"wp:term":[{"taxonomy":"category","embeddable":true,"href":"https:\/\/www.europesays.com\/fr\/wp-json\/wp\/v2\/categories?post=555009"},{"taxonomy":"post_tag","embeddable":true,"href":"https:\/\/www.europesays.com\/fr\/wp-json\/wp\/v2\/tags?post=555009"}],"curies":[{"name":"wp","href":"https:\/\/api.w.org\/{rel}","templated":true}]}}