{"id":555013,"date":"2025-11-24T08:29:37","date_gmt":"2025-11-24T08:29:37","guid":{"rendered":"https:\/\/www.europesays.com\/fr\/555013\/"},"modified":"2025-11-24T08:29:37","modified_gmt":"2025-11-24T08:29:37","slug":"on-ne-fera-pas-la-chasse-aux-dealers-2","status":"publish","type":"post","link":"https:\/\/www.europesays.com\/fr\/555013\/","title":{"rendered":"ON NE FERA PAS LA CHASSE AUX DEALERS"},"content":{"rendered":"<p>Posted On 24 novembre 2025 <\/p>\n<p style=\"text-align: right;\"><a href=\"https:\/\/grenoble-le-changement.fr\/2025\/10\/30\/la-course-a-la-radicalite-et-les-divisions-etouffent-laurence-ruffin-verts\/\" target=\"_blank\" rel=\"noopener\">Allan Brunon le candidat LFI<\/a> est la face publique de Laurence Ruffin la candidate des Verts qui planque sa politique. En affirmant qu&rsquo;il \u00a0\u00bb ne fera pas la chasse aux dealers\u00a0\u00bb , il confirme la version de la majorit\u00e9 sortante encore plus accommodante puisqu&rsquo;elle voulait <a href=\"https:\/\/grenoble-le-changement.fr\/2024\/01\/09\/les-dealers-vos-copains-den-bas-pour-la-municipalite\/\" target=\"_blank\" rel=\"noopener\">en faire \u00a0\u00bb les copains d&rsquo;en bas\u00a0\u00bb!\u00a0<\/a><\/p>\n<p>Dans une ITW accord\u00e9e \u00e0 Actu.fr Allan Brunon insiste bien; sur les chiffres de la d\u00e9linquance record \u00e0 Grenoble qu&rsquo;il ne peut contester : \u00a0\u00bb j&rsquo;en ai un rapport diff\u00e9rent d&rsquo;Alain Carignon. Les solutions qu&rsquo;il propose sont mauvaises. La vid\u00e9oprotection ne fonctionne pas. On n&rsquo;armera pas davantage la police municipale &#8230;.\u00a0\u00bb\u00a0 Elle ne serait donc pas \u00e9quip\u00e9e d&rsquo;armes l\u00e9tales et<a href=\"https:\/\/grenoble-le-changement.fr\/2024\/10\/22\/insecurite-les-policiers-municipaux-refusent-dintervenir\/\" target=\"_blank\" rel=\"noopener\"> continuerait donc de ne pas pouvoir sortir des bureaux .\u00a0<\/a><\/p>\n<p><a href=\"https:\/\/grenoble-le-changement.fr\/wp-content\/uploads\/2025\/11\/Allan-Brunon.png\" rel=\"lightbox[86323] noopener\" target=\"_blank\"><img decoding=\"async\" data-id=\"86325\" src=\"https:\/\/grenoble-le-changement.fr\/wp-content\/uploads\/2025\/11\/Allan-Brunon-596x1024.png\" alt=\"\" class=\"wp-image-86325 jetpack-lazy-image\" data-lazy-src=\"https:\/\/www.europesays.com\/fr\/wp-content\/uploads\/2025\/11\/Allan-Brunon-596x1024.png\" \/><\/a><\/p>\n<p><a href=\"https:\/\/grenoble-le-changement.fr\/wp-content\/uploads\/2025\/11\/Ruffin-florence.webp\" target=\"_blank\" rel=\"noopener\"><img decoding=\"async\" data-id=\"86324\" src=\"https:\/\/grenoble-le-changement.fr\/wp-content\/uploads\/2025\/11\/Ruffin-florence.webp\" alt=\"\" class=\"wp-image-86324 jetpack-lazy-image\" data-lazy-src=\"https:\/\/www.europesays.com\/fr\/wp-content\/uploads\/2025\/11\/Ruffin-florence.webp\" \/><\/a><br \/>\nAllan Brunon le candidat LFI et Laurence Ruffin ( Verts)  la version cheveux longs de Piolle: l&rsquo;un annonce la couleur l&rsquo;autre la planque <\/p>\n<p><strong>LES DEALERS SONT APPEL\u00c9S \u00e0 VOTER RUFFIN\/BRUNON <\/strong><\/p>\n<p>Exactement comme en 2014 quand Eric Piolle donnait le feu vert \u00e0 la d\u00e9linquance en annon\u00e7ant qu&rsquo;il allait vendre les cam\u00e9ras \u00e0 Nice. L&rsquo;annonce que la municipalit\u00e9 laissera les dealers en paix, y compris quand elle dispose des moyens d&rsquo;interventions comme lorsqu&rsquo;ils occupent l&rsquo;espace public, les mont\u00e9es d&rsquo;immeubles sociaux, des HLM , est un clin d&rsquo;oeil grossier \u00e0 leur vote. La d\u00e9linquance grenobloise comprend clairement qu&rsquo;elle <a href=\"https:\/\/grenoble-le-changement.fr\/2025\/11\/12\/me-philippe-rosenpick-la-prochaine-etape-les-dealers-au-conseil-municipal\/\" target=\"_blank\" rel=\"noopener\">sera toujours chez elle<\/a> dans la ville g\u00e9r\u00e9e par les Verts et LFI.\u00a0<\/p>\n<p><strong>L.RUFFIN VOUDRAIT CONTINUER SANS LE DIRE<\/strong><\/p>\n<p>Laurence Ruffin ne d\u00e9ment aucunement ces propos <a href=\"https:\/\/grenoble-le-changement.fr\/2025\/11\/10\/laurence-ruffin-limposture-verte-se-fait-discrete\/\" target=\"_blank\" rel=\"noopener\">mais aimerait qu&rsquo;ils ne soient pas tenus.<\/a> Si Piolle avait bien annonc\u00e9 en 2014 et 2020 qu&rsquo;il ne s&rsquo;occuperait pas de la s\u00e9curit\u00e9 des personnes et des biens, sa candidate <a href=\"https:\/\/grenoble-le-changement.fr\/2025\/11\/03\/ruffin-brunon-et-les-autres-le-flou-comme-programme-de-succession-a-piolle\/\" target=\"_blank\" rel=\"noopener\">voudrait tricher.<\/a> Poursuivre dans cet immobilisme coupable, qui fait des morts, mais sans le dire. Elle esp\u00e9rait qu&rsquo;en inscrivant sur ses affiches qu&rsquo;elle est candidate pour une \u00ab\u00a0ville qui prot\u00e9ge\u00a0\u00bb \u00e7a suffirait \u00e0 tromper.\u00a0<\/p>\n<p><strong>L.RUFFIN ET L&rsquo;OP\u00c9RATION \u00a0\u00bb LES COPAINS D&rsquo;EN BAS\u00a0\u00bb<\/strong><\/p>\n<p>Mais les grenoblois savent de quoi et de qui elle est la prolongation. C&rsquo;est apr\u00e8s les fusillades, alors que m\u00eame les facteurs ne voulaient plus desservir <a href=\"https:\/\/grenoble-le-changement.fr\/2025\/10\/01\/insecurite-au-conseil-municipal-la-municipalite-refuse-toute-mesure\/\" target=\"_blank\" rel=\"noopener\">certains immeubles \u00e0 St Bruno,<\/a> que la majorit\u00e9 municipale avait <a href=\"https:\/\/grenoble-le-changement.fr\/2024\/01\/09\/les-dealers-vos-copains-den-bas-pour-la-municipalite\/\" target=\"_blank\" rel=\"noopener\">lanc\u00e9 l&rsquo;op\u00e9ration \u00a0\u00bb les copains d&rsquo;en bas <\/a>\u00ab\u00a0: l&rsquo;accommodation avec ceux qui vendent la drogue de la destruction des cerveaux , tirent sur des gamins de 15 ans tu\u00e9 \u00e0 Hoche <a href=\"https:\/\/grenoble-le-changement.fr\/2025\/11\/17\/12-ans-et-crible-de-balles-ce-a-quoi-conduit-le-deal-a-grenoble\/\" target=\"_blank\" rel=\"noopener\">ou de 12 ans entre la vie et la mort \u00e0 St Bruno.\u00a0<\/a><\/p>\n<p><a href=\"https:\/\/grenoble-le-changement.fr\/wp-content\/uploads\/2025\/11\/25-investir-sur-la-jeunesse-gratuite\u0301-1.png\" rel=\"lightbox[86323] noopener\" target=\"_blank\"><img decoding=\"async\" data-id=\"86331\" src=\"https:\/\/grenoble-le-changement.fr\/wp-content\/uploads\/2025\/11\/25-investir-sur-la-jeunesse-gratuite\u0301-1.png\" alt=\"\" class=\"wp-image-86331 jetpack-lazy-image\" data-lazy-src=\"https:\/\/www.europesays.com\/fr\/wp-content\/uploads\/2025\/11\/25-investir-sur-la-jeunesse-gratuite\u0301-1.png\" \/><\/a><br \/>\nLa \u00a0\u00bb gratuit\u00e9 \u00a0\u00bb des transports aux jeunes est promise depuis 2014 par les \u00e9lus Rouge\/Verts qui s&rsquo;y \u00e9taient engag\u00e9s  ! Ils ajoutent la gratuit\u00e9 des cantines scolaires : la d\u00e9magogie totale<\/p>\n<p><strong>A.BRUNON (LFI) : \u00a0\u00bb LES QUARTIERS POPULAIRES ONT \u00c9T\u00c9 ABANDONN\u00c9S PAR PIOLLE\u00a0\u00bb<\/strong><\/p>\n<p>Cette complaisance honteuse soul\u00e8ve des hauts le coeur. La ville enti\u00e8re et les quartiers les plus gangren\u00e9s qui souffrent savent \u00e0 quoi s&rsquo;en tenir. Pourtant Allan Brunon reconnait que \u00a0\u00bb les quartiers populaires ont \u00e9t\u00e9 abandonn\u00e9s par Eric Piolle. La jeunesse dans les quartiers populaires a \u00e9t\u00e9 oubli\u00e9e \u00e0 Grenoble. On a des associations qui ne fonctionnent plus, des jeunes abandonn\u00e9s qui grandissent dans des quartiers o\u00f9 il n&rsquo;y a plus rien. \u00a0\u00bb Quel bilan !<\/p>\n<p><strong>AVEC L.RUFFIN LA MAJORIT\u00c9 NE VEUT PAS REMETTRE EN CAUSE LE BILAN<\/strong><\/p>\n<p>Contrairement \u00e0 ce que voudrait faire croire Laurence Ruffin aux grenoblois , Allan Brunon confirme bien \u00e9galement que les \u00e9lus sortants n&rsquo;ont \u00a0\u00bb jamais accept\u00e9 <a href=\"https:\/\/grenoble-le-changement.fr\/2025\/02\/15\/insecurite-les-grenoblois-abandonnes-par-la-majorite-municipale\/\" target=\"_blank\" rel=\"noopener\">de remettre en cause une partie de leur bilan<\/a>\u00a0\u00bb .\u00a0<\/p>\n<p>Tout le monde sait \u00e0 quoi s&rsquo;en tenir. Avec Allan Brunon et Laurence Ruffin , Grenoble continuerait \u00e0 crever les plafonds de la d\u00e9linquance , alors que nous sommes d\u00e9j\u00e0 devenus l<a href=\"https:\/\/grenoble-le-changement.fr\/2025\/04\/09\/insecurite-toutes-les-stats-qui-confirment-que-grenoble-est-n1\/\" target=\"_blank\" rel=\"noopener\">es premiers pour les agressions pour 1000 habitants.\u00a0<\/a><\/p>\n<p><strong>C&rsquo;EST REPARTI POUR LES GRATUIT\u00c9S NON TENUES<\/strong><\/p>\n<p>Comme Laurence Ruffin, Allan Brunon recycle les Mantras en oeuvre depuis 12 ans avec le succ\u00e8s constat\u00e9 : un \u00a0\u00bb grand service public de la jeunesse avec<a href=\"https:\/\/grenoble-le-changement.fr\/2023\/09\/23\/e-piolle-ressort-le-gros-mensonge-de-la-gratuite-des-transports\/\" target=\"_blank\" rel=\"noopener\"> la gratuit\u00e9 des transports jusqu&rsquo;\u00e0 26 ans<\/a> et les cantines gratuites\u00a0\u00bb . On imagine combien ces deux mesures ont <a href=\"https:\/\/grenoble-le-changement.fr\/2025\/10\/23\/letudiant-lynche-un-nouveau-symbole-de-linsecurite-endemique\/\" target=\"_blank\" rel=\"noopener\">un impact sur la d\u00e9linquance!<\/a>\u00a0 De plus la gratuit\u00e9 des transports pour les jeunes est promise depuis 2014 par les \u00e9lus Rouge\/Verts. 100% des d\u00e9magogues.<\/p>\n<p><img decoding=\"async\" data-id=\"86329\" src=\"https:\/\/grenoble-le-changement.fr\/wp-content\/uploads\/2025\/11\/Capture-de\u0301cran-2025-11-21-a\u0300-12.05.12.png\" alt=\"\" class=\"wp-image-86329 jetpack-lazy-image\" data-lazy-src=\"https:\/\/www.europesays.com\/fr\/wp-content\/uploads\/2025\/11\/Capture-de\u0301cran-2025-11-21-a\u0300-12.05.12.png\" \/><\/p>\n<p><img decoding=\"async\" data-id=\"86328\" src=\"https:\/\/grenoble-le-changement.fr\/wp-content\/uploads\/2025\/11\/Capture-de\u0301cran-2025-11-23-a\u0300-15.44.56.png\" alt=\"\" class=\"wp-image-86328 jetpack-lazy-image\" data-lazy-src=\"https:\/\/www.europesays.com\/fr\/wp-content\/uploads\/2025\/11\/Capture-de\u0301cran-2025-11-23-a\u0300-15.44.56.png\" \/><br \/>\nLe commandant Guillaume Josserand et Jean-Claude Borel-Garin, ex directeur d\u00e9partemental de la Police Nationale et ex N\u00b02 du Raid pr\u00e9sentant aux c\u00f4t\u00e9s d&rsquo;Alain Carignon place Andr\u00e9 Malraux , le plan s\u00e9curit\u00e9 de \u00a0\u00bb R\u00e9concilier Grenoble\u00a0\u00bb <\/p>\n<p><strong>LE PLAN S\u00c9CURIT\u00c9 DE \u00a0\u00bb R\u00c9CONCILIER GRENOBLE\u00a0\u00bb RENCONTRE UN FORT IMPACT<\/strong><\/p>\n<p>Face \u00e0 autant de faiblesse et de d\u00e9magogie, <a href=\"https:\/\/grenoble-le-changement.fr\/2025\/11\/23\/securite-le-plan-dalain-carignon-pour-retablir-lordre-a-grenoble\/\" target=\"_blank\" rel=\"noopener\">les engagements de \u00a0\u00bb R\u00e9concilier Grenoble\u00a0\u00bb \u00e9labor\u00e9s notamment par Jean-Claude Borel-Garin, Guillaume Josserand, Roger Oria<\/a> rencontrent un fort \u00e9cho chez les grenoblois. Samedi et dimanche, <a href=\"https:\/\/grenoble-le-changement.fr\/2025\/11\/22\/stop-a-insecurite-alain-carignon-sengage-avec-reconcilier-grenoble\/\" target=\"_blank\" rel=\"noopener\">autour d&rsquo;Alain Carignon,<\/a> 70 citoyens grenoblois engag\u00e9s pour le changement engageaient le dialogue avec les grenoblois sur tous les march\u00e9s de la ville avec la brochure \u00e9num\u00e9rant les mesures qui seraient prises.<\/p>\n<p><strong>STOPPER UNE VILLE-GHETTO A L&rsquo;AM\u00c9RICAINE<\/strong><\/p>\n<p>200 policiers arm\u00e9s \u00e0 terme, cam\u00e9ras de vid\u00e9o-protection,\u00a0 PC op\u00e9rationnel, dealers condamn\u00e9s expuls\u00e9s des HLM&#8230; la panoplie pr\u00e9sent\u00e9e est claire . L&rsquo;alternative aussi. 6 ans suppl\u00e9mentaires de cette descente aux enfers seraient probablement mortels pour la ville. <a href=\"https:\/\/grenoble-le-changement.fr\/2025\/11\/19\/squats-et-bidonvilles-la-loi-de-la-jungle-simpose-a-grenoble\/\" target=\"_blank\" rel=\"noopener\">Quel type de population pourrait encore y habiter?<\/a> On imagine une ville-ghetto \u00e0 l&rsquo;am\u00e9ricaine avec la puissance publique qui s&rsquo;\u00e9puise \u00e0 r\u00e9parer le b\u00e2ti , laissant derri\u00e8re les murs la d\u00e9gradation se poursuivre et s&rsquo;amplifier .<\/p>\n<p><a href=\"https:\/\/grenoble-le-changement.fr\/wp-content\/uploads\/2025\/11\/Capture-de\u0301cran-2025-11-21-a\u0300-23.46.31.png\" rel=\"lightbox[86323] noopener\" target=\"_blank\"><img decoding=\"async\" data-id=\"86332\" src=\"https:\/\/grenoble-le-changement.fr\/wp-content\/uploads\/2025\/11\/Capture-de\u0301cran-2025-11-21-a\u0300-23.46.31-1024x275.png\" alt=\"\" class=\"wp-image-86332 jetpack-lazy-image\" data-lazy-src=\"https:\/\/grenoble-le-changement.fr\/wp-content\/uploads\/2025\/11\/Capture-de\u0301cran-2025-11-21-a\u0300-23.46.31-1024x275.png?is-pending-load=1\" \/><\/a><br \/>\nLe candidat LFI ne cache pas la marchandise de Laurence Ruffin : ils veulent tuer Grenoble<\/p>\n<p><strong>LES GRENOBLOIS NE PEUVENT PAS DIRE QU&rsquo;ILS NE SAVENT PAS\u00a0<\/strong><\/p>\n<p>Qu&rsquo;il s&rsquo;agisse du simple vivre ensemble, <a href=\"https:\/\/grenoble-le-changement.fr\/2025\/10\/20\/comment-la-pauperisation-de-la-ville-impacte-le-commerce-a-grenoble\/\" target=\"_blank\" rel=\"noopener\">de la valeur des biens,<\/a> l&rsquo;enjeu du mois de mars est capital au vu de telles prises de position. Mais au moins les grenoblois, face au choix, <a href=\"https:\/\/grenoble-le-changement.fr\/2025\/10\/28\/debat-carignon-brunon-lfi-agir-ou-ne-rien-faire-face-a-linsecurite\/\" target=\"_blank\" rel=\"noopener\">ne peuvent pas dire qu&rsquo;ils ne savent pas.<\/a> Tout est sur la table et tout est dans leurs mains.<\/p>\n","protected":false},"excerpt":{"rendered":"Posted On 24 novembre 2025 Allan Brunon le candidat LFI est la face publique de Laurence Ruffin la&hellip;\n","protected":false},"author":2,"featured_media":555014,"comment_status":"","ping_status":"","sticky":false,"template":"","format":"standard","meta":{"footnotes":""},"categories":[9566],"tags":[1111,67265,11,9601,27721,2430,9607,1777,674,1011,27,2731,14756,14757,10136,12,25,47846],"class_list":{"0":"post-555013","1":"post","2":"type-post","3":"status-publish","4":"format-standard","5":"has-post-thumbnail","7":"category-grenoble","8":"tag-actu","9":"tag-actu-fr","10":"tag-actualites","11":"tag-alain-carignon","12":"tag-allan-brunon","13":"tag-auvergne-rhone-alpes","14":"tag-eric-piolle","15":"tag-eu","16":"tag-europe","17":"tag-fr","18":"tag-france","19":"tag-grenoble","20":"tag-guillaume-josserand","21":"tag-jean-claude-borel-garin","22":"tag-laurence-ruffin","23":"tag-news","24":"tag-republique-francaise","25":"tag-roger-oria"},"share_on_mastodon":{"url":"https:\/\/pubeurope.com\/@fr\/115603741114580896","error":""},"_links":{"self":[{"href":"https:\/\/www.europesays.com\/fr\/wp-json\/wp\/v2\/posts\/555013","targetHints":{"allow":["GET"]}}],"collection":[{"href":"https:\/\/www.europesays.com\/fr\/wp-json\/wp\/v2\/posts"}],"about":[{"href":"https:\/\/www.europesays.com\/fr\/wp-json\/wp\/v2\/types\/post"}],"author":[{"embeddable":true,"href":"https:\/\/www.europesays.com\/fr\/wp-json\/wp\/v2\/users\/2"}],"replies":[{"embeddable":true,"href":"https:\/\/www.europesays.com\/fr\/wp-json\/wp\/v2\/comments?post=555013"}],"version-history":[{"count":0,"href":"https:\/\/www.europesays.com\/fr\/wp-json\/wp\/v2\/posts\/555013\/revisions"}],"wp:featuredmedia":[{"embeddable":true,"href":"https:\/\/www.europesays.com\/fr\/wp-json\/wp\/v2\/media\/555014"}],"wp:attachment":[{"href":"https:\/\/www.europesays.com\/fr\/wp-json\/wp\/v2\/media?parent=555013"}],"wp:term":[{"taxonomy":"category","embeddable":true,"href":"https:\/\/www.europesays.com\/fr\/wp-json\/wp\/v2\/categories?post=555013"},{"taxonomy":"post_tag","embeddable":true,"href":"https:\/\/www.europesays.com\/fr\/wp-json\/wp\/v2\/tags?post=555013"}],"curies":[{"name":"wp","href":"https:\/\/api.w.org\/{rel}","templated":true}]}}