{"id":555015,"date":"2025-11-24T08:31:50","date_gmt":"2025-11-24T08:31:50","guid":{"rendered":"https:\/\/www.europesays.com\/fr\/555015\/"},"modified":"2025-11-24T08:31:50","modified_gmt":"2025-11-24T08:31:50","slug":"chartres-de-bretagne-un-atelier-sur-lintelligence-artificielle-generative","status":"publish","type":"post","link":"https:\/\/www.europesays.com\/fr\/555015\/","title":{"rendered":"Chartres-de-Bretagne. Un atelier sur l\u2019intelligence artificielle g\u00e9n\u00e9rative"},"content":{"rendered":"<p>Un atelier num\u00e9rique sur l\u2019intelligence artificielle g\u00e9n\u00e9rative a \u00e9t\u00e9 organis\u00e9 mercredi soir \u00e0 la m\u00e9diath\u00e8que. Anim\u00e9 par Ren\u00e9-Louis et Nathan, deux conseillers num\u00e9riques de Rennes m\u00e9tropole, il a permis de mieux cerner cet outil.<\/p>\n<p>La s\u00e9ance a d\u00e9but\u00e9 par un test de Turing de 1950, o\u00f9 il est impossible de distinguer les r\u00e9ponses d\u2019un humain ou d\u2019une intelligence artificielle. \u00a0Il est obsol\u00e8te aujourd\u2019hui\u00a0, pr\u00e9cisent les animateurs.<\/p>\n<p>Ils ont retrac\u00e9 l\u2019historique, en citant notamment deux machines\u00a0: Deep Blue qui bat le champion Garry Kasparov aux \u00e9checs en 1997 et AlphaGo qui bat le champion mondial de go en 2016. Avant l\u2019arriv\u00e9e de ChatGPT, fin 2022.<\/p>\n<p>Les animateurs ont ensuite d\u00e9fini l\u2019intelligence artificielle g\u00e9n\u00e9rative, qui <strong>\u00ab\u00a0vise \u00e0 produire de nouvelles donn\u00e9es qui ressemblent \u00e0 celles cr\u00e9\u00e9es par des \u00eatres humains, sous forme de texte, d\u2019image ou de musique\u00a0\u00bb<\/strong>. Apr\u00e8s un aper\u00e7u des cinquante intelligences artificielles g\u00e9n\u00e9ratives les plus utilis\u00e9es, les deux sp\u00e9cialistes en ont expliqu\u00e9 le fonctionnement, \u00e0 base de probabilit\u00e9, avec une phase d\u2019entra\u00eenement.<\/p>\n<p>Les participants se sont ensuite lanc\u00e9s dans la r\u00e9daction de questions ou prompts sur Mistral AI. \u00a0L\u2019intelligence artificielle g\u00e9n\u00e9rative se nourrit de ce qu\u2019il y a sur internet.\u00a0<\/p>\n<p>La s\u00e9ance s\u2019est termin\u00e9e sur les d\u00e9rives et les risques de cet outil. \u00a0Il faut plut\u00f4t utiliser l\u2019intelligence artificielle g\u00e9n\u00e9rative dans des domaines qu\u2019on ma\u00eetrise\u00a0, ont pr\u00e9conis\u00e9 les conseillers num\u00e9riques.<\/p>\n<p>\u00a0<\/p>\n","protected":false},"excerpt":{"rendered":"Un atelier num\u00e9rique sur l\u2019intelligence artificielle g\u00e9n\u00e9rative a \u00e9t\u00e9 organis\u00e9 mercredi soir \u00e0 la m\u00e9diath\u00e8que. Anim\u00e9 par Ren\u00e9-Louis&hellip;\n","protected":false},"author":2,"featured_media":555016,"comment_status":"","ping_status":"","sticky":false,"template":"","format":"standard","meta":{"footnotes":""},"categories":[2821],"tags":[1111,11,41869,4396,829,19962,1777,674,1011,27,67266,7424,12,3086,584,25],"class_list":{"0":"post-555015","1":"post","2":"type-post","3":"status-publish","4":"format-standard","5":"has-post-thumbnail","7":"category-rennes","8":"tag-actu","9":"tag-actualites","10":"tag-artificielle","11":"tag-atelier","12":"tag-bretagne","13":"tag-chartres-de-bretagne","14":"tag-eu","15":"tag-europe","16":"tag-fr","17":"tag-france","18":"tag-generative","19":"tag-intelligence","20":"tag-news","21":"tag-redon","22":"tag-rennes","23":"tag-republique-francaise"},"share_on_mastodon":{"url":"https:\/\/pubeurope.com\/@fr\/115603750452838741","error":""},"_links":{"self":[{"href":"https:\/\/www.europesays.com\/fr\/wp-json\/wp\/v2\/posts\/555015","targetHints":{"allow":["GET"]}}],"collection":[{"href":"https:\/\/www.europesays.com\/fr\/wp-json\/wp\/v2\/posts"}],"about":[{"href":"https:\/\/www.europesays.com\/fr\/wp-json\/wp\/v2\/types\/post"}],"author":[{"embeddable":true,"href":"https:\/\/www.europesays.com\/fr\/wp-json\/wp\/v2\/users\/2"}],"replies":[{"embeddable":true,"href":"https:\/\/www.europesays.com\/fr\/wp-json\/wp\/v2\/comments?post=555015"}],"version-history":[{"count":0,"href":"https:\/\/www.europesays.com\/fr\/wp-json\/wp\/v2\/posts\/555015\/revisions"}],"wp:featuredmedia":[{"embeddable":true,"href":"https:\/\/www.europesays.com\/fr\/wp-json\/wp\/v2\/media\/555016"}],"wp:attachment":[{"href":"https:\/\/www.europesays.com\/fr\/wp-json\/wp\/v2\/media?parent=555015"}],"wp:term":[{"taxonomy":"category","embeddable":true,"href":"https:\/\/www.europesays.com\/fr\/wp-json\/wp\/v2\/categories?post=555015"},{"taxonomy":"post_tag","embeddable":true,"href":"https:\/\/www.europesays.com\/fr\/wp-json\/wp\/v2\/tags?post=555015"}],"curies":[{"name":"wp","href":"https:\/\/api.w.org\/{rel}","templated":true}]}}