{"id":555031,"date":"2025-11-24T08:41:16","date_gmt":"2025-11-24T08:41:16","guid":{"rendered":"https:\/\/www.europesays.com\/fr\/555031\/"},"modified":"2025-11-24T08:41:16","modified_gmt":"2025-11-24T08:41:16","slug":"stranger-things-sempare-de-la-promenade-sainte-catherine-2025","status":"publish","type":"post","link":"https:\/\/www.europesays.com\/fr\/555031\/","title":{"rendered":"Stranger Things s\u2019empare de la Promenade Sainte-Catherine 2025"},"content":{"rendered":"\n<p><strong>La Promenade Sainte-Catherine de Bordeaux accueille ce mois-ci un invit\u00e9 qu\u2019on n\u2019attendait pas vraiment \u00e0 l\u2019heure des march\u00e9s de No\u00ebl : l\u2019univers de la derni\u00e8re saison de Stranger Things. Netflix a choisi ce quartier anim\u00e9 pour lancer la cinqui\u00e8me et ultime partie de sa s\u00e9rie culte. Les premiers \u00e9pisodes arrivent le 27 novembre 2025, mais c\u2019est d\u00e8s ce vendredi 28 novembre 2025 que la Promenade se transforme en Hawkins version f\u00eates de fin d\u2019ann\u00e9e. Une alliance un peu improbable sur le papier, mais terriblement efficace sur place : un No\u00ebl r\u00e9tro, une dose de surnaturel et une sc\u00e9nographie immersive qui fait basculer les visiteurs entre guirlandes rouges, r\u00e9f\u00e9rences eighties et ambiance pas si lointaine du Monde \u00e0 l\u2019Envers.<\/strong><\/p>\n<p> Une mise en sc\u00e8ne immersive qui transforme Hawkins en mode f\u00eates de fin d\u2019ann\u00e9e <\/p>\n<p>Le <strong>parcours d\u00e9bute c\u00f4t\u00e9 Porte-Dijeaux<\/strong> avec <strong>cinq arches g\u00e9antes<\/strong>, chacune inspir\u00e9e d\u2019une saison de la s\u00e9rie. Le d\u00e9cor plonge dans une atmosph\u00e8re teint\u00e9e de rouge, de bleu et de touches eighties. <\/p>\n<p> <img loading=\"lazy\" width=\"884\" height=\"480\" alt=\"Promotion de la derni\u00e8re saison Stranger Things\" title=\"Nouvelle de dingue : la Promenade change compl\u00e8tement de d\u00e9cor ce vendredi ! 1\"  nitro-lazy- nitro-lazy-src=\"https:\/\/cdn-ilbobfj.nitrocdn.com\/LLQyioEDmPooSUeshdcABKPnDEWJyTwh\/assets\/images\/optimized\/rev-fefab80\/quoifaireabordeaux.com\/wp-content\/uploads\/2025\/11\/stranger-things-sainte-catherine-2.jpg\" class=\"wp-image-18815396 nitro-lazy\" decoding=\"async\" nitro-lazy-empty=\"\" id=\"NDk2Ojg0NQ==-1\" src=\"data:image\/svg+xml;nitro-empty-id=NDk2Ojg0NQ==-1;base64,PHN2ZyB2aWV3Qm94PSIwIDAgODg0IDQ4MCIgd2lkdGg9Ijg4NCIgaGVpZ2h0PSI0ODAiIHhtbG5zPSJodHRwOi8vd3d3LnczLm9yZy8yMDAwL3N2ZyI+PC9zdmc+\"\/> <\/p>\n<p>Entre <strong>musique embl\u00e9matique et \u00e9clairages r\u00e9tro<\/strong>, on a l\u2019impression d\u2019arriver en pleine soir\u00e9e dans les rues de la petite ville am\u00e9ricaine.<\/p>\n<p>C\u00f4t\u00e9 entr\u00e9e Sainte-Catherine, changement de vibe mais pas d\u2019\u00e9poque. Les v\u00e9los iconiques des h\u00e9ros accueillent les visiteurs, comme un retour aux premiers \u00e9pisodes de la s\u00e9rie. Au-dessus, un <strong>ciel de guirlandes <\/strong>encha\u00eene les lumi\u00e8res rouges pour glisser un soup\u00e7on de magie de No\u00ebl dans ce tableau volontairement \u00e9trange.<\/p>\n<p>\u00c0 l\u2019int\u00e9rieur, la Promenade continue la transformation avec un m\u00e9lange de couleurs r\u00e9tro et de d\u00e9tails inspir\u00e9s de l\u2019univers de Hawkins. Le<strong> sapin central, haut de huit m\u00e8tres<\/strong>, revisite les classiques des f\u00eates fa\u00e7on vintage. \u00c0 proximit\u00e9, le b\u00e2timent du LEGO Store arbore un immense n\u0153ud lumineux qui rappelle les cadeaux g\u00e9ants des dessins anim\u00e9s.<\/p>\n<p> <img loading=\"lazy\" width=\"786\" height=\"846\" alt=\"Transformation \u00e0 la Promenade Sainte-Catherine\" title=\"Nouvelle de dingue : la Promenade change compl\u00e8tement de d\u00e9cor ce vendredi ! 2\"  nitro-lazy- nitro-lazy-src=\"https:\/\/cdn-ilbobfj.nitrocdn.com\/LLQyioEDmPooSUeshdcABKPnDEWJyTwh\/assets\/images\/optimized\/rev-fefab80\/quoifaireabordeaux.com\/wp-content\/uploads\/2025\/11\/stranger-things-sainte-catherine-3.jpg\" class=\"wp-image-18815397 nitro-lazy\" decoding=\"async\" nitro-lazy-empty=\"\" id=\"NTEyOjg1OQ==-1\" src=\"data:image\/svg+xml;nitro-empty-id=NTEyOjg1OQ==-1;base64,PHN2ZyB2aWV3Qm94PSIwIDAgNzg2IDg0NiIgd2lkdGg9Ijc4NiIgaGVpZ2h0PSI4NDYiIHhtbG5zPSJodHRwOi8vd3d3LnczLm9yZy8yMDAwL3N2ZyI+PC9zdmc+\"\/> 28 novembre 2025 : une soir\u00e9e de lancement en mode ann\u00e9es 80 <\/p>\n<p>Pour ouvrir officiellement ce <strong>Stranger Christmas<\/strong>, la soir\u00e9e du 28 novembre (de 18h \u00e0 21h) promet une ambiance festive. On y retrouve un dress code eighties, un blind test, des quiz, une \u00e9lection de la meilleure tenue vintage et un animateur local bien connu : <strong>Philippe Maurice<\/strong>, habitu\u00e9 aux \u00e9v\u00e9nements survolt\u00e9s de la m\u00e9tropole.<\/p>\n<p><strong>DJ Pops<\/strong> passera derri\u00e8re les platines <strong>entre 18h et 19h puis de 20h \u00e0 21h<\/strong> pour installer une atmosph\u00e8re oscillant entre nostalgie et \u00e9nergie contemporaine. <strong>Hot-dogs et pop-corn<\/strong> compl\u00e8tent le d\u00e9cor fa\u00e7on \u00ab American Diner \u00bb, histoire de rester fid\u00e8le \u00e0 l\u2019esprit de la s\u00e9rie.<\/p>\n<p>\u00c0 18h pile, les <strong>illuminations de No\u00ebl de la Promenade s\u2019allument<\/strong> pour lancer officiellement la p\u00e9riode des f\u00eates. Un d\u00e9tail qui ne manquera pas d\u2019attirer familles, fans et visiteurs qui veulent simplement vivre une soir\u00e9e diff\u00e9rente.<\/p>\n<p> Quand l\u2019esprit de No\u00ebl rencontre le Monde \u00e0 l\u2019Envers <img loading=\"lazy\" width=\"625\" height=\"640\" alt=\"Stranger Things \u00e0 la Promenade Sainte-Catherine\" title=\"Nouvelle de dingue : la Promenade change compl\u00e8tement de d\u00e9cor ce vendredi ! 3\"  nitro-lazy- nitro-lazy-src=\"https:\/\/cdn-ilbobfj.nitrocdn.com\/LLQyioEDmPooSUeshdcABKPnDEWJyTwh\/assets\/images\/optimized\/rev-fefab80\/quoifaireabordeaux.com\/wp-content\/uploads\/2025\/11\/stranger-things-sainte-catherine-1.jpg\" class=\"wp-image-18815398 nitro-lazy\" decoding=\"async\" nitro-lazy-empty=\"\" id=\"NTM2OjYzOA==-1\" src=\"data:image\/svg+xml;nitro-empty-id=NTM2OjYzOA==-1;base64,PHN2ZyB2aWV3Qm94PSIwIDAgNjI1IDY0MCIgd2lkdGg9IjYyNSIgaGVpZ2h0PSI2NDAiIHhtbG5zPSJodHRwOi8vd3d3LnczLm9yZy8yMDAwL3N2ZyI+PC9zdmc+\"\/> <\/p>\n<p>Malgr\u00e9 l\u2019atmosph\u00e8re<strong> inspir\u00e9e de Hawkins<\/strong>, la Promenade n\u2019oublie pas l\u2019essence des f\u00eates. Le P\u00e8re No\u00ebl arrivera les <strong>20, 21 et 24 d\u00e9cembre<\/strong> pour rencontrer les enfants. De son c\u00f4t\u00e9, <strong>Cathy l\u2019abeille<\/strong>, <strong>mascotte<\/strong> bien connue des lieux, animera les mercredis de d\u00e9cembre en distribuant sourires et friandises.<\/p>\n<p>Le m\u00e9lange entre la magie des f\u00eates et l\u2019univers surnaturel de Stranger Things cr\u00e9e une ambiance atypique mais \u00e9tonnamment coh\u00e9rente. Un <a href=\"https:\/\/hellolacom.com\/lesprit-de-noel-sinvite-a-hawkins-netflix-choisit-promenade-sainte-catherine-a-bordeaux-pour-la-promotion-de-la-derniere-saison-de-stranger-things\/\" target=\"_blank\" rel=\"noreferrer noopener\">rendez-vous<\/a> \u00e0 la crois\u00e9e de la pop culture et des traditions, pens\u00e9 pour surprendre et rassembler.<\/p>\n<p>Retrouvez tous les \u00e9v\u00e9nements \u00e0 venir dans la r\u00e9gion en cliquant <a href=\"https:\/\/quoifaireabordeaux.com\/category\/actus\/\" target=\"_blank\" rel=\"noreferrer noopener\">ICI<\/a>.<\/p>\n<p>  Informations pratiques <\/p>\n<p>concernant l&rsquo;\u00e9v\u00e9nement<\/p>\n<p><strong data-start=\"5376\" data-end=\"5387\">Dates :<\/strong> du 28 novembre 2025 au 7 janvier 2026<\/p>\n<p><strong data-start=\"5418\" data-end=\"5443\">Soir\u00e9e de lancement :<\/strong> vendredi 28 novembre, 18h\u201321h<\/p>\n<p><strong data-start=\"5476\" data-end=\"5486\">Lieu :<\/strong> Promenade Sainte-Catherine, 33000 Bordeaux<\/p>\n<p><strong data-start=\"5557\" data-end=\"5569\">Tarifs :<\/strong> acc\u00e8s libre<\/p>\n","protected":false},"excerpt":{"rendered":"La Promenade Sainte-Catherine de Bordeaux accueille ce mois-ci un invit\u00e9 qu\u2019on n\u2019attendait pas vraiment \u00e0 l\u2019heure des march\u00e9s&hellip;\n","protected":false},"author":2,"featured_media":555032,"comment_status":"","ping_status":"","sticky":false,"template":"","format":"standard","meta":{"footnotes":""},"categories":[2817],"tags":[1111,11,1997,1777,674,1011,27,12,2219,25],"class_list":{"0":"post-555031","1":"post","2":"type-post","3":"status-publish","4":"format-standard","5":"has-post-thumbnail","7":"category-bordeaux","8":"tag-actu","9":"tag-actualites","10":"tag-bordeaux","11":"tag-eu","12":"tag-europe","13":"tag-fr","14":"tag-france","15":"tag-news","16":"tag-nouvelle-aquitaine","17":"tag-republique-francaise"},"share_on_mastodon":{"url":"https:\/\/pubeurope.com\/@fr\/115603786027223850","error":""},"_links":{"self":[{"href":"https:\/\/www.europesays.com\/fr\/wp-json\/wp\/v2\/posts\/555031","targetHints":{"allow":["GET"]}}],"collection":[{"href":"https:\/\/www.europesays.com\/fr\/wp-json\/wp\/v2\/posts"}],"about":[{"href":"https:\/\/www.europesays.com\/fr\/wp-json\/wp\/v2\/types\/post"}],"author":[{"embeddable":true,"href":"https:\/\/www.europesays.com\/fr\/wp-json\/wp\/v2\/users\/2"}],"replies":[{"embeddable":true,"href":"https:\/\/www.europesays.com\/fr\/wp-json\/wp\/v2\/comments?post=555031"}],"version-history":[{"count":0,"href":"https:\/\/www.europesays.com\/fr\/wp-json\/wp\/v2\/posts\/555031\/revisions"}],"wp:featuredmedia":[{"embeddable":true,"href":"https:\/\/www.europesays.com\/fr\/wp-json\/wp\/v2\/media\/555032"}],"wp:attachment":[{"href":"https:\/\/www.europesays.com\/fr\/wp-json\/wp\/v2\/media?parent=555031"}],"wp:term":[{"taxonomy":"category","embeddable":true,"href":"https:\/\/www.europesays.com\/fr\/wp-json\/wp\/v2\/categories?post=555031"},{"taxonomy":"post_tag","embeddable":true,"href":"https:\/\/www.europesays.com\/fr\/wp-json\/wp\/v2\/tags?post=555031"}],"curies":[{"name":"wp","href":"https:\/\/api.w.org\/{rel}","templated":true}]}}