{"id":555041,"date":"2025-11-24T08:46:17","date_gmt":"2025-11-24T08:46:17","guid":{"rendered":"https:\/\/www.europesays.com\/fr\/555041\/"},"modified":"2025-11-24T08:46:17","modified_gmt":"2025-11-24T08:46:17","slug":"lille-paris-fc-un-double-et-une-bonne-vanne-sur-rami-soiree-reussie-pour-olivier-giroud","status":"publish","type":"post","link":"https:\/\/www.europesays.com\/fr\/555041\/","title":{"rendered":"Lille &#8211; Paris FC : Un doubl\u00e9 et une bonne vanne sur Rami, soir\u00e9e r\u00e9ussie pour Olivier Giroud"},"content":{"rendered":"<p class=\"mb-4 text-lg md:leading-8 break-words\"><strong>\u00e7a chambre &#8211; L\u2019attaquant champion du monde, muet depuis deux mois, \u00e9tait en grande forme dimanche soir<\/strong><\/p>\n<p class=\"mb-4 text-lg md:leading-8 break-words\">Apr\u00e8s deux mois de disette, <a href=\"https:\/\/www.20minutes.fr\/sport\/olivier_giroud\/?at_medium=RSS%20feed&amp;at_campaign=ynews&amp;utm_source=yahoo&amp;utm_medium=rss&amp;utm_campaign=news_feed&amp;utm_content=in_article_link\" rel=\"nofollow noopener\" target=\"_blank\" data-ylk=\"slk:Olivier Giroud;elm:context_link;itc:0;sec:content-canvas\" class=\"link \">Olivier Giroud<\/a> est ressorti de sa bo\u00eete au bon moment dimanche soir. Dans un match pas facile face \u00e0 une accrocheuse \u00e9quipe du <a href=\"https:\/\/www.20minutes.fr\/sport\/paris_fc\/?at_medium=RSS%20feed&amp;at_campaign=ynews&amp;utm_source=yahoo&amp;utm_medium=rss&amp;utm_campaign=news_feed&amp;utm_content=in_article_link\" rel=\"nofollow noopener\" target=\"_blank\" data-ylk=\"slk:Paris FC;elm:context_link;itc:0;sec:content-canvas\" class=\"link \">Paris FC<\/a>, l\u2019attaquant de 39 ans a inscrit un doubl\u00e9 pour montrer le chemin \u00e0 ses co\u00e9quipiers du <a href=\"https:\/\/www.20minutes.fr\/sport\/losc\/?at_medium=RSS%20feed&amp;at_campaign=ynews&amp;utm_source=yahoo&amp;utm_medium=rss&amp;utm_campaign=news_feed&amp;utm_content=in_article_link\" rel=\"nofollow noopener\" target=\"_blank\" data-ylk=\"slk:Losc;elm:context_link;itc:0;sec:content-canvas\" class=\"link \">Losc<\/a>, finalement victorieux 4-2.<\/p>\n<p class=\"mb-4 text-lg md:leading-8 break-words\">Gr\u00e2ce \u00e0 une frappe limpide dans la surface (40e) puis un penalty transform\u00e9 avec ma\u00eetrise (77e), le meilleur buteur de l\u2019histoire <a href=\"https:\/\/www.20minutes.fr\/sport\/equipe-de-france-de-football\/?at_medium=RSS%20feed&amp;at_campaign=ynews&amp;utm_source=yahoo&amp;utm_medium=rss&amp;utm_campaign=news_feed&amp;utm_content=in_article_link\" rel=\"nofollow noopener\" target=\"_blank\" data-ylk=\"slk:des Bleus;elm:context_link;itc:0;sec:content-canvas\" class=\"link \">des Bleus<\/a> (57 buts en 137 s\u00e9lections) a retourn\u00e9 le match, alors que Willem Geubbels avait refroidi le Stade Pierre-Mauroy d\u00e8s la 11e. Un doubl\u00e9 v\u00e9cu comme un soulagement. \u00ab Les cages se faisaient un peu plus petites ces derniers temps \u00bb, a-t-il reconnu au coup de sifflet final, avec le sens de la formule.<\/p>\n<p>Force de caract\u00e8re et \u00ab coupe \u00e0 l\u2019eau chaude \u00bb<\/p>\n<p class=\"mb-4 text-lg md:leading-8 break-words\">\u00ab Les tr\u00eaves internationales me font beaucoup de bien pour me r\u00e9g\u00e9n\u00e9rer et aussi bien travailler sp\u00e9cifiquement \u00bb, a-t-il expliqu\u00e9 ensuite. Apr\u00e8s des d\u00e9buts tonitruants pour <a href=\"https:\/\/www.20minutes.fr\/sport\/football\/ligue-1\/4161181-20250630-losc-famille-leadership-olivier-giroud-explique-raisons-retour-surprise-france?at_medium=RSS%20feed&amp;at_campaign=ynews&amp;utm_source=yahoo&amp;utm_medium=rss&amp;utm_campaign=news_feed&amp;utm_content=in_article_link\" rel=\"nofollow noopener\" target=\"_blank\" data-ylk=\"slk:son grand retour en France;elm:context_link;itc:0;sec:content-canvas\" class=\"link \">son grand retour en France<\/a>, \u00ab moins efficace \u00bb de son propre aveu, n\u2019avait pas marqu\u00e9 depuis la victoire face \u00e0 Brann Bergen le 25 septembre en Ligue Europa. En championnat, son dernier but remontait \u00e0 la victoire contre Monaco le 24 ao\u00fbt.<\/p>\n<p class=\"mb-4 text-lg md:leading-8 break-words\">\u00ab Je me suis cr\u00e9\u00e9 moins d\u2019occasions, j\u2019essaye de faire le maximum mais c\u2019est vrai que quand tu joues contre des \u00e9quipes qui restent derri\u00e8re, c\u2019est tr\u00e8s difficile de trouver des solutions. \u00bb Son entra\u00eeneur Bruno Genesio a lou\u00e9 sa \u00ab force de caract\u00e8re \u00bb qui lui a permis de rebondir, comme tout au long de sa carri\u00e8re.<\/p>\n<p class=\"mb-4 text-lg md:leading-8 break-words\">Invit\u00e9 de la cha\u00eene Ligue 1 + apr\u00e8s la rencontre, l\u2019ancien d\u2019Arsenal, Chelsea ou du Milan AC s\u2019est \u00e9galement montr\u00e9 inspir\u00e9 au micro, dans une sc\u00e8ne rigolote avec son pote champion du monde 2018 Adil Rami(&#8230;)<\/p>\n<p class=\"mb-4 text-lg md:leading-8 break-words\"><a href=\"https:\/\/www.20minutes.fr\/sport\/football\/ligue-1\/4187459-20251124-lille-paris-fc-double-bonne-vanne-rami-soiree-reussie-olivier-giroud?at_medium=RSS%20feed&amp;at_campaign=ynews&amp;utm_source=yahoo&amp;utm_medium=rss&amp;utm_campaign=news_feed&amp;utm_content=read_more_link&quot;\" rel=\"nofollow noopener\" target=\"_blank\" data-ylk=\"slk:Lire la suite sur 20minutes;elm:context_link;itc:0;sec:content-canvas\" class=\"link \">Lire la suite sur 20minutes<\/a><\/p>\n<p>\u00c0 lire aussi :<br \/><a href=\"https:\/\/www.20minutes.fr\/sport\/football\/4179607-20251016-equipe-france-football-si-deschamps-galere-blesses-giroud-pret-bref-retour-chez-bleus?at_medium=RSS%20feed&amp;at_campaign=ynews&amp;utm_source=yahoo&amp;utm_medium=rss&amp;utm_campaign=news_feed&amp;utm_content=related_content_link\" rel=\"nofollow noopener\" target=\"_blank\" data-ylk=\"slk:Equipe de France de football : Si Deschamps \u00ab gal\u00e8re \u00bb avec les bless\u00e9s, Giroud pr\u00eat \u00e0 un bref retour chez les Bleus;elm:context_link;itc:0;sec:content-canvas\" class=\"link \">Equipe de France de football : Si Deschamps \u00ab gal\u00e8re \u00bb avec les bless\u00e9s, Giroud pr\u00eat \u00e0 un bref retour chez les Bleus<\/a><br \/><a href=\"https:\/\/www.20minutes.fr\/sport\/football\/4168234-20250817-ligue-1-moment-special-giroud-deja-buteur-retour-france-lille?at_medium=RSS%20feed&amp;at_campaign=ynews&amp;utm_source=yahoo&amp;utm_medium=rss&amp;utm_campaign=news_feed&amp;utm_content=related_content_link\" rel=\"nofollow noopener\" target=\"_blank\" data-ylk=\"slk:Ligue 1 : \u00ab Un moment sp\u00e9cial \u00bb, Giroud d\u00e9j\u00e0 buteur pour son retour en France avec Lille;elm:context_link;itc:0;sec:content-canvas\" class=\"link \">Ligue 1 : \u00ab Un moment sp\u00e9cial \u00bb, Giroud d\u00e9j\u00e0 buteur pour son retour en France avec Lille<\/a><\/p>\n","protected":false},"excerpt":{"rendered":"\u00e7a chambre &#8211; L\u2019attaquant champion du monde, muet depuis deux mois, \u00e9tait en grande forme dimanche soir Apr\u00e8s&hellip;\n","protected":false},"author":2,"featured_media":555042,"comment_status":"","ping_status":"","sticky":false,"template":"","format":"standard","meta":{"footnotes":""},"categories":[2815],"tags":[1111,11,1682,37780,22813,1777,674,17920,1011,27,811,1307,2267,967,3127,12,5959,445,25,27289,46230],"class_list":{"0":"post-555041","1":"post","2":"type-post","3":"status-publish","4":"format-standard","5":"has-post-thumbnail","7":"category-lille","8":"tag-actu","9":"tag-actualites","10":"tag-adil-rami","11":"tag-champion-du-monde","12":"tag-dimanche-soir","13":"tag-eu","14":"tag-europe","15":"tag-force-de-caractere","16":"tag-fr","17":"tag-france","18":"tag-hauts-de-france","19":"tag-lille","20":"tag-losc","21":"tag-milan-ac","22":"tag-monaco","23":"tag-news","24":"tag-olivier-giroud","25":"tag-paris-fc","26":"tag-republique-francaise","27":"tag-retour-en-france","28":"tag-willem-geubbels"},"share_on_mastodon":{"url":"https:\/\/pubeurope.com\/@fr\/115603805641421851","error":""},"_links":{"self":[{"href":"https:\/\/www.europesays.com\/fr\/wp-json\/wp\/v2\/posts\/555041","targetHints":{"allow":["GET"]}}],"collection":[{"href":"https:\/\/www.europesays.com\/fr\/wp-json\/wp\/v2\/posts"}],"about":[{"href":"https:\/\/www.europesays.com\/fr\/wp-json\/wp\/v2\/types\/post"}],"author":[{"embeddable":true,"href":"https:\/\/www.europesays.com\/fr\/wp-json\/wp\/v2\/users\/2"}],"replies":[{"embeddable":true,"href":"https:\/\/www.europesays.com\/fr\/wp-json\/wp\/v2\/comments?post=555041"}],"version-history":[{"count":0,"href":"https:\/\/www.europesays.com\/fr\/wp-json\/wp\/v2\/posts\/555041\/revisions"}],"wp:featuredmedia":[{"embeddable":true,"href":"https:\/\/www.europesays.com\/fr\/wp-json\/wp\/v2\/media\/555042"}],"wp:attachment":[{"href":"https:\/\/www.europesays.com\/fr\/wp-json\/wp\/v2\/media?parent=555041"}],"wp:term":[{"taxonomy":"category","embeddable":true,"href":"https:\/\/www.europesays.com\/fr\/wp-json\/wp\/v2\/categories?post=555041"},{"taxonomy":"post_tag","embeddable":true,"href":"https:\/\/www.europesays.com\/fr\/wp-json\/wp\/v2\/tags?post=555041"}],"curies":[{"name":"wp","href":"https:\/\/api.w.org\/{rel}","templated":true}]}}