{"id":555043,"date":"2025-11-24T08:47:15","date_gmt":"2025-11-24T08:47:15","guid":{"rendered":"https:\/\/www.europesays.com\/fr\/555043\/"},"modified":"2025-11-24T08:47:15","modified_gmt":"2025-11-24T08:47:15","slug":"rtm-a-marseille-un-homme-sous-une-rame-du-metro-cette-ligne-arretee-durgence","status":"publish","type":"post","link":"https:\/\/www.europesays.com\/fr\/555043\/","title":{"rendered":"RTM \u00e0 Marseille. Un homme sous une rame du m\u00e9tro, cette ligne arr\u00eat\u00e9e d&rsquo;urgence"},"content":{"rendered":"<p>                    Par<br \/>\n        <strong><br \/>\n            <a href=\"https:\/\/actu.fr\/auteur\/fabien-binacchi\" title=\"Consulter tous les articles de Fabien Binacchi\" target=\"_blank\" rel=\"noopener\">Fabien Binacchi<\/a><br \/>\n                    <\/strong><\/p>\n<p>        Publi\u00e9 le<\/p>\n<p>            24 nov. 2025 \u00e0 8h33<br \/>\n        ; mis \u00e0 jour le 24 nov. 2025 \u00e0 9h03    <\/p>\n<p>Mise \u00e0 jour le lundi 24\u00a0novembre 2025 \u00e0 9h03\u2009: Contrairement \u00e0 ce qu\u2019ils avaient indiqu\u00e9 initialement, les marins-pompiers pr\u00e9cisent que la victime est \u00ab\u2009un homme de 21\u00a0ans\u2009\u00bb. \u00ab\u2009Il a \u00e9t\u00e9 transport\u00e9 \u00e0 l\u2019h\u00f4pital\u2009\u00bb, font-ils aussi savoir dans un message transmis \u00e0 la presse.<\/p>\n<p class=\" wall-content\">Mise \u00e0 jour le lundi 24\u00a0novembre 2025 \u00e0 8h49\u2009: La RTM annonce une \u00ab\u2009fin de perturbation\u2009\u00bb et le \u00ab\u2009retour progressif du trafic \u00e0 la normale\u2009\u00bb sur ses r\u00e9seaux.<\/p>\n<p class=\" wall-content\">Le trafic sur la ligne M1 du <a href=\"https:\/\/actu.fr\/tag\/metro-de-marseille\" target=\"_blank\" rel=\"noopener\">m\u00e9tro<\/a> de <a href=\"https:\/\/actu.fr\/marseille\/\" target=\"_blank\" rel=\"noopener\">Marseille<\/a> est fortement perturb\u00e9 ce lundi 24\u00a0novembre 2025 apr\u00e8s <strong>un \u00ab\u2009accident de personne\u2009\u00bb<\/strong> dans une des stations, fait savoir la <a href=\"https:\/\/actu.fr\/tag\/rtm\" target=\"_blank\" rel=\"noopener\">RTM.<\/a> Un jeune homme se trouve sous une rame, indiquent les secours.<\/p>\n<p>La victime \u00ab\u2009est consciente\u2009\u00bb<\/p>\n<p class=\" wall-content\">L\u2019alerte a \u00e9t\u00e9 donn\u00e9e un peu avant 7h30 \u00e0 la station Chartreux. \u00ab\u2009Nous intervenons actuellement pour une victime sous une rame\u2009\u00bb, d\u00e9crivent les marins-pompiers.<\/p>\n<p class=\" wall-content\">Elle \u00ab\u2009est consciente, <strong>il s\u2019agit d\u2019un homme de 21\u00a0ans<\/strong>\u2009\u00bb, a-t-on pr\u00e9cis\u00e9 du c\u00f4t\u00e9 du bataillon apr\u00e8s avoir indiqu\u00e9 par erreur que c\u2019est une femme qui \u00e9tait prise en charge. Au total, une vingtaine de secouristes se sont rendus sur place. Neuf engins ont \u00e9t\u00e9 d\u00e9ploy\u00e9s.<\/p>\n<p>La ligne fonctionne partiellement<\/p>\n<p class=\" wall-content\"><strong>Sept stations ne sont plus desservies<\/strong> le temps de leur intervention\u2009: La Rose, Frais Vallon, Malpass\u00e9, Saint-Just, Chartreux, Cinq Avenues Longchamp, R\u00e9form\u00e9s Canebi\u00e8re.<\/p>\n<p class=\" wall-content\">Les rames circulent uniquement <strong>entre Saint-Charles et La Fourrag\u00e8re.<\/strong><\/p>\n<p>Le bus pour rejoindre le centre-ville<\/p>\n<p class=\" wall-content\">Aucune heure de reprise n\u2019est pour le moment avanc\u00e9e\u2009: \u00ab\u2009La ligne sera r\u00e9tablie d\u00e8s que les conditions le permettront\u2009\u00bb, indique uniquement la r\u00e9gie sur son site.<\/p>\n<p class=\" wall-content\">En attendant, pour se rendre de La Rose au centre-ville, elle recommande d\u2019\u00ab\u2009emprunter le <strong>Bus 42,<\/strong> \u00e0 l\u2019arr\u00eat M\u00e9tro La Rose, jusqu\u2019au M\u00e9tro 5 Avenues puis le Tram T2\u2009\u00bb.<\/p>\n<p class=\" wall-content\">Personnalisez votre actualit\u00e9 en ajoutant vos villes et m\u00e9dias en favori avec <a href=\"https:\/\/moncompte.actu.fr\" title=\"D\u00e9couvez Mon Actu\" rel=\"nofollow noopener\" data-trk=\"{&quot;cta&quot;:{&quot;action&quot;:&quot;https:\\\/\\\/moncompte.actu.fr&quot;,&quot;category&quot;:&quot;mon compte&quot;,&quot;from&quot;:&quot;article footer&quot;,&quot;name&quot;:&quot;Mon actu&quot;,&quot;type&quot;:&quot;cta&quot;}}\" target=\"_blank\">Mon Actu<\/a>.<\/p>\n","protected":false},"excerpt":{"rendered":"Par Fabien Binacchi Publi\u00e9 le 24 nov. 2025 \u00e0 8h33 ; mis \u00e0 jour le 24 nov. 2025&hellip;\n","protected":false},"author":2,"featured_media":555044,"comment_status":"","ping_status":"","sticky":false,"template":"","format":"standard","meta":{"footnotes":""},"categories":[2814],"tags":[7757,1111,11,1777,674,118,1011,27,884,39669,12,882,25,10783],"class_list":{"0":"post-555043","1":"post","2":"type-post","3":"status-publish","4":"format-standard","5":"has-post-thumbnail","7":"category-marseille","8":"tag-accident-grave-de-voyageur","9":"tag-actu","10":"tag-actualites","11":"tag-eu","12":"tag-europe","13":"tag-faits-divers","14":"tag-fr","15":"tag-france","16":"tag-marseille","17":"tag-metro-de-marseille","18":"tag-news","19":"tag-provence-alpes-cote-dazur","20":"tag-republique-francaise","21":"tag-rtm"},"share_on_mastodon":{"url":"https:\/\/pubeurope.com\/@fr\/115603809529020104","error":""},"_links":{"self":[{"href":"https:\/\/www.europesays.com\/fr\/wp-json\/wp\/v2\/posts\/555043","targetHints":{"allow":["GET"]}}],"collection":[{"href":"https:\/\/www.europesays.com\/fr\/wp-json\/wp\/v2\/posts"}],"about":[{"href":"https:\/\/www.europesays.com\/fr\/wp-json\/wp\/v2\/types\/post"}],"author":[{"embeddable":true,"href":"https:\/\/www.europesays.com\/fr\/wp-json\/wp\/v2\/users\/2"}],"replies":[{"embeddable":true,"href":"https:\/\/www.europesays.com\/fr\/wp-json\/wp\/v2\/comments?post=555043"}],"version-history":[{"count":0,"href":"https:\/\/www.europesays.com\/fr\/wp-json\/wp\/v2\/posts\/555043\/revisions"}],"wp:featuredmedia":[{"embeddable":true,"href":"https:\/\/www.europesays.com\/fr\/wp-json\/wp\/v2\/media\/555044"}],"wp:attachment":[{"href":"https:\/\/www.europesays.com\/fr\/wp-json\/wp\/v2\/media?parent=555043"}],"wp:term":[{"taxonomy":"category","embeddable":true,"href":"https:\/\/www.europesays.com\/fr\/wp-json\/wp\/v2\/categories?post=555043"},{"taxonomy":"post_tag","embeddable":true,"href":"https:\/\/www.europesays.com\/fr\/wp-json\/wp\/v2\/tags?post=555043"}],"curies":[{"name":"wp","href":"https:\/\/api.w.org\/{rel}","templated":true}]}}