{"id":555045,"date":"2025-11-24T08:48:17","date_gmt":"2025-11-24T08:48:17","guid":{"rendered":"https:\/\/www.europesays.com\/fr\/555045\/"},"modified":"2025-11-24T08:48:17","modified_gmt":"2025-11-24T08:48:17","slug":"puma-et-lolympique-de-marseille-ont-devoile-la-collection-culture-club","status":"publish","type":"post","link":"https:\/\/www.europesays.com\/fr\/555045\/","title":{"rendered":"PUMA et l\u2019Olympique de Marseille ont d\u00e9voil\u00e9 la collection \u00ab CULTURE CLUB \u00bb"},"content":{"rendered":"<p>                    <img loading=\"lazy\" decoding=\"async\" src=\"https:\/\/www.europesays.com\/fr\/wp-content\/uploads\/2025\/11\/083c455bd239690cce0ca87baab66f.jpg\" class=\"img-responsive post-image\" width=\"680\" height=\"510\" alt=\"PUMA et l'Olympique (\u2026)\" title=\" PUMA et l'Olympique de Marseille ont d\u00e9voil\u00e9 la collection \u00ab CULTURE CLUB \u00bb\"\/><\/p>\n<p class=\"chapo\">C\u2019est une capsule lifestyle exclusive inspir\u00e9e du style football des ann\u00e9es 2000, revisit\u00e9 \u00e0 travers le prisme de la mode d\u2019aujourd\u2019hui.<\/p>\n<p>Une collection urbaine compos\u00e9e de deux pi\u00e8ces \u2014 un pull et une paire de sneakers \u2014 qui traduit le savoir-faire de PUMA en mati\u00e8re de design et d\u2019attitude.<br class=\"texte\"\/><br \/>\nAinsi, PUMA fait dialoguer son ADN historique avec les codes contemporains du lifestyle. Coupe oversize, teintes embl\u00e9matiques et lignes affirm\u00e9es\u00a0: cette capsule illustre le dialogue constant entre football et mode. Un \u00e9quilibre entre histoire et modernit\u00e9, fid\u00e8le \u00e0 la signature de la marque.<\/p>\n<p>VALORISER LES TALENTS<\/p>\n<p><strong>La collection se compose de deux pi\u00e8ces fortes\u00a0:<\/strong><br class=\"autobr\"\/><br \/>\nLe <strong>CLRT Longsleeve Jersey<\/strong>, un pull \u00e0 manches longues directement inspir\u00e9 des maillots vintage de PUMA. Sa coupe ample est teint\u00e9e du bleu signature de l\u2019Olympique de Marseille, accompagn\u00e9e du blason du club et du logo PUMA sur la poitrine. <br class=\"autobr\"\/><br \/>\nLa <strong>VS1 Olympique de Marseille<\/strong>, une sneaker \u00e0 la silhouette r\u00e9tro-futuriste, n\u00e9e des codes du football des ann\u00e9es 2000. Le mod\u00e8le se distingue par un grand logo PUMA appos\u00e9 sur le c\u00f4t\u00e9 et un ancien blason de l\u2019Olympique de Marseille sur la languette, clin d\u2019\u0153il \u00e0 l\u2019histoire du club.<br class=\"autobr\"\/><br \/>\nPour accompagner le lancement de la capsule, PUMA a mis en lumi\u00e8re la sc\u00e8ne marseillaise \u00e0 travers un shooting r\u00e9unissant joueurs et figures locales et, notamment, Alex Zamora, fondateur du concept-store SAISON SHOP, et Ines et Sabrina Hadj-Hacene, fondatrices du magazine TRICE.<br class=\"autobr\"\/><br \/>\nLa direction photo a \u00e9t\u00e9 confi\u00e9e \u00e0 Izudin Yusuf, photographe marseillais reconnu pour son regard authentique. \u00c0 travers ses images, il sublime la ville et apporte une touche singuli\u00e8re \u00e0 la campagne, mettant en lumi\u00e8re les personnalit\u00e9s locales qui donnent vie \u00e0 Marseille au quotidien.<br class=\"autobr\"\/><br \/>\nLa collection refl\u00e8te l\u2019\u00e9nergie, la diversit\u00e9 et la cr\u00e9ativit\u00e9 marseillaise. Une approche fid\u00e8le \u00e0 la vision de PUMA et de l\u2019Olympique de Marseille qui est de cr\u00e9er des passerelles entre le sport, la mode et les talents locaux.<br class=\"autobr\"\/><br \/>\nElle est disponible depuis le 15 novembre, dans les boutiques officielles de l\u2019OM, sur puma.com, boutique.om.fr, et aupr\u00e8s d\u2019une s\u00e9lection de partenaires lifestyle.<\/p>\n","protected":false},"excerpt":{"rendered":"C\u2019est une capsule lifestyle exclusive inspir\u00e9e du style football des ann\u00e9es 2000, revisit\u00e9 \u00e0 travers le prisme de&hellip;\n","protected":false},"author":2,"featured_media":555046,"comment_status":"","ping_status":"","sticky":false,"template":"","format":"standard","meta":{"footnotes":""},"categories":[2814],"tags":[1111,11,2408,1777,674,1011,27,884,12,882,25],"class_list":{"0":"post-555045","1":"post","2":"type-post","3":"status-publish","4":"format-standard","5":"has-post-thumbnail","7":"category-marseille","8":"tag-actu","9":"tag-actualites","10":"tag-appels-d","11":"tag-eu","12":"tag-europe","13":"tag-fr","14":"tag-france","15":"tag-marseille","16":"tag-news","17":"tag-provence-alpes-cote-dazur","18":"tag-republique-francaise"},"share_on_mastodon":{"url":"https:\/\/pubeurope.com\/@fr\/115603814260173959","error":""},"_links":{"self":[{"href":"https:\/\/www.europesays.com\/fr\/wp-json\/wp\/v2\/posts\/555045","targetHints":{"allow":["GET"]}}],"collection":[{"href":"https:\/\/www.europesays.com\/fr\/wp-json\/wp\/v2\/posts"}],"about":[{"href":"https:\/\/www.europesays.com\/fr\/wp-json\/wp\/v2\/types\/post"}],"author":[{"embeddable":true,"href":"https:\/\/www.europesays.com\/fr\/wp-json\/wp\/v2\/users\/2"}],"replies":[{"embeddable":true,"href":"https:\/\/www.europesays.com\/fr\/wp-json\/wp\/v2\/comments?post=555045"}],"version-history":[{"count":0,"href":"https:\/\/www.europesays.com\/fr\/wp-json\/wp\/v2\/posts\/555045\/revisions"}],"wp:featuredmedia":[{"embeddable":true,"href":"https:\/\/www.europesays.com\/fr\/wp-json\/wp\/v2\/media\/555046"}],"wp:attachment":[{"href":"https:\/\/www.europesays.com\/fr\/wp-json\/wp\/v2\/media?parent=555045"}],"wp:term":[{"taxonomy":"category","embeddable":true,"href":"https:\/\/www.europesays.com\/fr\/wp-json\/wp\/v2\/categories?post=555045"},{"taxonomy":"post_tag","embeddable":true,"href":"https:\/\/www.europesays.com\/fr\/wp-json\/wp\/v2\/tags?post=555045"}],"curies":[{"name":"wp","href":"https:\/\/api.w.org\/{rel}","templated":true}]}}