{"id":555057,"date":"2025-11-24T08:55:13","date_gmt":"2025-11-24T08:55:13","guid":{"rendered":"https:\/\/www.europesays.com\/fr\/555057\/"},"modified":"2025-11-24T08:55:13","modified_gmt":"2025-11-24T08:55:13","slug":"la-circulation-frole-la-saturation-sur-les-routes-de-paris-et-dile-de-france-les-bouchons-senvolent","status":"publish","type":"post","link":"https:\/\/www.europesays.com\/fr\/555057\/","title":{"rendered":"La circulation fr\u00f4le la saturation sur les routes de Paris et d&rsquo;\u00cele-de-France, les bouchons s&rsquo;envolent"},"content":{"rendered":"<p>                    Par<br \/>\n        <strong><br \/>\n            <a href=\"https:\/\/actu.fr\/auteur\/redaction-paris\" title=\"Consulter tous les articles de R\u00e9daction Paris\" target=\"_blank\" rel=\"noopener\">R\u00e9daction Paris<\/a><br \/>\n                    <\/strong><\/p>\n<p>        Publi\u00e9 le<\/p>\n<p>            24 nov. 2025 \u00e0 8h53        <\/p>\n<p>Encore une matin\u00e9e difficile sur les routes de Paris et d\u2019\u00cele-de-France ce lundi 24 novembre 2025. Une fois encore, la <a href=\"https:\/\/actu.fr\/tag\/circulation\" target=\"_blank\" rel=\"noopener\">circulation<\/a> ralentie en raison des <strong>bouchons<\/strong> qui d\u00e9passent la moyenne.\u00a0\u00a0<\/p>\n<p>Au-dessus de la moyenne<\/p>\n<p class=\" wall-content\">D\u2019apr\u00e8s le cumul des bouchons de <a href=\"https:\/\/www.sytadin.fr\/\" target=\"_blank\" rel=\"noopener\">Sytadin.fr<\/a>, les embouteillages atteignent <strong>419 kilom\u00e8tres<\/strong> \u00e0 8h40 et s\u2019envolent bien au-dessus de la moyenne pour un lundi. En temps normal, ils se situent autour de 270 kilom\u00e8tres. Des incidents peuvent ralentir le parcours :<\/p>\n<p class=\" wall-content\">\u2013 Sur l\u2019<strong>A4<\/strong> vers Paris entre Lognes et Saint-Maurice : circulation difficile en raison d\u2019un poids lourd en panne. Sur les cinq voies, une voie \u00e0 droite et la bande d\u2019arr\u00eat d\u2019urgence sont ferm\u00e9es<\/p>\n<p class=\" wall-content\">\u2013 Sur l\u2019<strong>A4<\/strong> Paris-province de Saint-Maurice vers Nogent : accident entre deux v\u00e9hicules l\u00e9gers impliqu\u00e9s. Sur cinq voies, une est ferm\u00e9e \u00e0 gauche<\/p>\n<p class=\" wall-content\">Personnalisez votre actualit\u00e9 en ajoutant vos villes et m\u00e9dias en favori avec <a href=\"https:\/\/moncompte.actu.fr\" title=\"D\u00e9couvez Mon Actu\" rel=\"nofollow noopener\" data-trk=\"{&quot;cta&quot;:{&quot;action&quot;:&quot;https:\\\/\\\/moncompte.actu.fr&quot;,&quot;category&quot;:&quot;mon compte&quot;,&quot;from&quot;:&quot;article footer&quot;,&quot;name&quot;:&quot;Mon actu&quot;,&quot;type&quot;:&quot;cta&quot;}}\" target=\"_blank\">Mon Actu<\/a>.<\/p>\n","protected":false},"excerpt":{"rendered":"Par R\u00e9daction Paris Publi\u00e9 le 24 nov. 2025 \u00e0 8h53 Encore une matin\u00e9e difficile sur les routes de&hellip;\n","protected":false},"author":2,"featured_media":435624,"comment_status":"","ping_status":"","sticky":false,"template":"","format":"standard","meta":{"footnotes":""},"categories":[1888],"tags":[119,11,1777,674,1011,27,12,626,25,104,2803],"class_list":{"0":"post-555057","1":"post","2":"type-post","3":"status-publish","4":"format-standard","5":"has-post-thumbnail","7":"category-paris","8":"tag-accident","9":"tag-actualites","10":"tag-eu","11":"tag-europe","12":"tag-fr","13":"tag-france","14":"tag-news","15":"tag-paris","16":"tag-republique-francaise","17":"tag-societe","18":"tag-transport"},"share_on_mastodon":{"url":"https:\/\/pubeurope.com\/@fr\/115603841124646243","error":""},"_links":{"self":[{"href":"https:\/\/www.europesays.com\/fr\/wp-json\/wp\/v2\/posts\/555057","targetHints":{"allow":["GET"]}}],"collection":[{"href":"https:\/\/www.europesays.com\/fr\/wp-json\/wp\/v2\/posts"}],"about":[{"href":"https:\/\/www.europesays.com\/fr\/wp-json\/wp\/v2\/types\/post"}],"author":[{"embeddable":true,"href":"https:\/\/www.europesays.com\/fr\/wp-json\/wp\/v2\/users\/2"}],"replies":[{"embeddable":true,"href":"https:\/\/www.europesays.com\/fr\/wp-json\/wp\/v2\/comments?post=555057"}],"version-history":[{"count":0,"href":"https:\/\/www.europesays.com\/fr\/wp-json\/wp\/v2\/posts\/555057\/revisions"}],"wp:featuredmedia":[{"embeddable":true,"href":"https:\/\/www.europesays.com\/fr\/wp-json\/wp\/v2\/media\/435624"}],"wp:attachment":[{"href":"https:\/\/www.europesays.com\/fr\/wp-json\/wp\/v2\/media?parent=555057"}],"wp:term":[{"taxonomy":"category","embeddable":true,"href":"https:\/\/www.europesays.com\/fr\/wp-json\/wp\/v2\/categories?post=555057"},{"taxonomy":"post_tag","embeddable":true,"href":"https:\/\/www.europesays.com\/fr\/wp-json\/wp\/v2\/tags?post=555057"}],"curies":[{"name":"wp","href":"https:\/\/api.w.org\/{rel}","templated":true}]}}