{"id":555060,"date":"2025-11-24T08:57:15","date_gmt":"2025-11-24T08:57:15","guid":{"rendered":"https:\/\/www.europesays.com\/fr\/555060\/"},"modified":"2025-11-24T08:57:15","modified_gmt":"2025-11-24T08:57:15","slug":"un-projet-dicte-par-la-russie-au-gendre-de-trump-les-republicains-se-dechirent-sur-le-plan-de-paix-en-ukraine-quils-ont-pourtant-eux-memes-propose","status":"publish","type":"post","link":"https:\/\/www.europesays.com\/fr\/555060\/","title":{"rendered":"Un projet dict\u00e9 par la Russie au gendre de Trump? Les r\u00e9publicains se d\u00e9chirent sur le plan de paix en Ukraine qu&rsquo;ils ont pourtant eux-m\u00eames propos\u00e9"},"content":{"rendered":"<p>Tandis que Kiev et l\u2019Europe tentent de n\u00e9gocier, les \u00c9tats-Unis se d\u00e9chirent autour du projet qu\u2019ils ont eux-m\u00eames propos\u00e9.<\/p>\n<p>Ce plan n\u2019est pas celui \u00ab\u00a0de l\u2019administration am\u00e9ricaine\u00a0\u00bb mais une \u00ab\u00a0liste de souhaits des Russes\u00a0\u00bb. Ces d\u00e9clarations choc viendraient du secr\u00e9taire d\u2019\u00c9tat Marco Rubio, qui se serait laiss\u00e9 aller \u00e0 des critiques v\u00e9h\u00e9mentes sur le plan propos\u00e9 par son administration aupr\u00e8s de certains \u00e9lus r\u00e9publicains.<\/p>\n<p>Ces propos ont \u00e9t\u00e9 d\u00e9mentis dans la foul\u00e9e par l&rsquo;int\u00e9ress\u00e9, mais ils r\u00e9v\u00e8lent la division au sein m\u00eame de l\u2019administration Trump. En r\u00e9alit\u00e9, ces propos pr\u00eat\u00e9s au chef de la diplomatie sont aussi la cons\u00e9quence d&rsquo;un processus de n\u00e9gociation en dehors des canaux diplomatiques traditionnels. Marco Rubio aurait en effet \u00e9t\u00e9 exclu des n\u00e9gociations sur ce texte si crucial.<\/p>\n<p>Les discussions ont, semble-t-il, eu lieu en toute discr\u00e9tion le mois dernier lors d\u2019une r\u00e9union \u00e0 Miami, entre Jared Kushner, le gendre de Donald Trump, l&rsquo;\u00e9missaire de la Maison Blanche Steve Witkoff et Kirill Dmitriev, le n\u00e9gociateur du Kremlin, qui selon plusieurs sources serait le v\u00e9ritable architecte de ce plan.<\/p>\n<p>Une influence russe sur le plan am\u00e9ricain ?<\/p>\n<p>Certaines voix, notamment au sein des r\u00e9publicains, estiment que le plan aurait plut\u00f4t \u00e9t\u00e9 souffl\u00e9 aux Am\u00e9ricains par les Russes.<\/p>\n<p>\u00ab\u00a0Cette administration n\u2019est pas responsable de cette publication sous sa forme actuelle\u00a0\u00bb, a d\u00e9clar\u00e9 le r\u00e9publicain Mike Rounds, \u00e9lu du Dakota du Sud.<\/p>\n<blockquote class=\"embed embed_quote\"><p>\u00ab\u00a0Cela ressemblait davantage \u00e0 du russe, d\u00e8s le d\u00e9part.\u00a0\u00bb<\/p><\/blockquote>\n<p>Les \u00e9lus r\u00e9publicains craignent que c\u00e9der des territoires aux russes et leur donner gain de cause dans cette guerre revienne \u00e0 r\u00e9compenser l\u2019agression russe et \u00e0 envoyer un mauvais signal aux autres dirigeants de la plan\u00e8te.<\/p>\n<p><img decoding=\"async\" src=\"https:\/\/www.europesays.com\/fr\/wp-content\/uploads\/2025\/09\/principale-128_2.jpg\"  alt=\"Annalisa Cappellini : Le plan de paix de Donald Trump divise - 24\/11\" title=\"Annalisa Cappellini : Le plan de paix de Donald Trump divise - 24\/11\"\/>Annalisa Cappellini : Le plan de paix de Donald Trump divise &#8211; 24\/11Des divisions rarement aussi ouvertes dans le camp Donald Trump<\/p>\n<p>Les critiques sont particuli\u00e8rement vives. Il est rare que le camp de Donald Trump se d\u00e9chire autant publiquement. L\u2019affaire Epstein, qui a fragilis\u00e9 Donald Trump, a profond\u00e9ment divis\u00e9 les r\u00e9publicains.<\/p>\n<p>Il est vrai que pour l&rsquo;instant les critiques ne visent pas directement Donald Trump mais plut\u00f4t sa garde rapproch\u00e9e. Pour nombre de r\u00e9publicains, s&rsquo;en prendre au pr\u00e9sident est une ligne rouge \u00e0 ne pas franchir.<\/p>\n<p>De plus, contrairement \u00e0 son habitude, Donald Trump ne semble pas totalement convaincu de ce plan. En pr\u00e9sentant le texte aux Ukrainiens, il leur avait impos\u00e9 un d\u00e9lai tr\u00e8s court pour accepter le plan, sans n\u00e9gociation possible. Mais ce week-end le pr\u00e9sident am\u00e9ricain a plut\u00f4t indiqu\u00e9 qu&rsquo;il ne \u00ab\u00a0s&rsquo;agissait pas de sa derni\u00e8re offre\u00a0\u00bb, en ouvrant la voie \u00e0 des possibles n\u00e9gociations.<\/p>\n<p>Une question reste ouverte cependant: est-ce que l&rsquo;attitude extr\u00eament favorable de la Maison Blanche vis-\u00e0-vis de la Russie et la volont\u00e9 de compromis affich\u00e9e par Kiev vont \u00eatre suffisantes pour convaincre Moscou? Pour l&rsquo;instant, le Kremlin est rest\u00e9 tr\u00e8s silencieux sur ce sujet.<\/p>\n","protected":false},"excerpt":{"rendered":"Tandis que Kiev et l\u2019Europe tentent de n\u00e9gocier, les \u00c9tats-Unis se d\u00e9chirent autour du projet qu\u2019ils ont eux-m\u00eames&hellip;\n","protected":false},"author":2,"featured_media":555061,"comment_status":"","ping_status":"","sticky":false,"template":"","format":"standard","meta":{"footnotes":""},"categories":[1591],"tags":[11,1887,12,1885,1886,132],"class_list":{"0":"post-555060","1":"post","2":"type-post","3":"status-publish","4":"format-standard","5":"has-post-thumbnail","7":"category-russie","8":"tag-actualites","9":"tag-federation-de-russie","10":"tag-news","11":"tag-russia","12":"tag-russian-federation","13":"tag-russie"},"share_on_mastodon":{"url":"https:\/\/pubeurope.com\/@fr\/115603849471496603","error":""},"_links":{"self":[{"href":"https:\/\/www.europesays.com\/fr\/wp-json\/wp\/v2\/posts\/555060","targetHints":{"allow":["GET"]}}],"collection":[{"href":"https:\/\/www.europesays.com\/fr\/wp-json\/wp\/v2\/posts"}],"about":[{"href":"https:\/\/www.europesays.com\/fr\/wp-json\/wp\/v2\/types\/post"}],"author":[{"embeddable":true,"href":"https:\/\/www.europesays.com\/fr\/wp-json\/wp\/v2\/users\/2"}],"replies":[{"embeddable":true,"href":"https:\/\/www.europesays.com\/fr\/wp-json\/wp\/v2\/comments?post=555060"}],"version-history":[{"count":0,"href":"https:\/\/www.europesays.com\/fr\/wp-json\/wp\/v2\/posts\/555060\/revisions"}],"wp:featuredmedia":[{"embeddable":true,"href":"https:\/\/www.europesays.com\/fr\/wp-json\/wp\/v2\/media\/555061"}],"wp:attachment":[{"href":"https:\/\/www.europesays.com\/fr\/wp-json\/wp\/v2\/media?parent=555060"}],"wp:term":[{"taxonomy":"category","embeddable":true,"href":"https:\/\/www.europesays.com\/fr\/wp-json\/wp\/v2\/categories?post=555060"},{"taxonomy":"post_tag","embeddable":true,"href":"https:\/\/www.europesays.com\/fr\/wp-json\/wp\/v2\/tags?post=555060"}],"curies":[{"name":"wp","href":"https:\/\/api.w.org\/{rel}","templated":true}]}}