{"id":555062,"date":"2025-11-24T08:58:17","date_gmt":"2025-11-24T08:58:17","guid":{"rendered":"https:\/\/www.europesays.com\/fr\/555062\/"},"modified":"2025-11-24T08:58:17","modified_gmt":"2025-11-24T08:58:17","slug":"en-direct-guerre-en-ukraine-washington-tres-optimiste-apres-une-journee-de-pourparlers-sur-kiev-a-geneve","status":"publish","type":"post","link":"https:\/\/www.europesays.com\/fr\/555062\/","title":{"rendered":"EN DIRECT &#8211; Guerre en Ukraine : Washington \u00ab\u00a0tr\u00e8s optimiste\u00a0\u00bb apr\u00e8s une journ\u00e9e de pourparlers sur Kiev \u00e0 Gen\u00e8ve"},"content":{"rendered":"<ul class=\"jsx-862013697 ArticleChapo__List\">\n<li class=\"jsx-862013697 ArticleChapo__List_Item flex\">Le secr\u00e9taire d&rsquo;\u00c9tat am\u00e9ricain Marco Rubio s&rsquo;est dit dimanche \u00ab\u00a0tr\u00e8s optimiste\u00a0\u00bb sur la possibilit\u00e9 de conclure \u00ab\u00a0tr\u00e8s vite\u00a0\u00bb un accord sur l&rsquo;Ukraine, apr\u00e8s une journ\u00e9e de pourparlers \u00e0 Gen\u00e8ve avec des responsables ukrainiens et europ\u00e9ens.<\/li>\n<li class=\"jsx-862013697 ArticleChapo__List_Item flex\">Suivez les derni\u00e8res informations.<\/li>\n<\/ul>\n<p>Minute par minute\u00a0\u00bbD&rsquo;IMPORTANTS PROBL\u00c8MES RESTENT \u00c0 R\u00c9SOUDRE\u00a0\u00bb09:42<\/p>\n<p>\u00ab\u00a0Les n\u00e9gociations ont constitu\u00e9 un pas en avant, mais d&rsquo;importants probl\u00e8mes restent \u00e0 r\u00e9soudre\u00a0\u00bb, a assur\u00e9 lundi sur X le pr\u00e9sident finlandais, Alexander Stubb, apr\u00e8s avoir discut\u00e9 avec Volodymyr Zelensky au lendemain de la r\u00e9union de Gen\u00e8ve. \u00ab\u00a0Toute d\u00e9cision relevant de la comp\u00e9tence de l&rsquo;UE ou de l&rsquo;Otan sera discut\u00e9e et d\u00e9cid\u00e9e par les membres de l&rsquo;UE et de l&rsquo;Otan dans le cadre d&rsquo;une proc\u00e9dure distincte.\u00a0\u00bb<\/p>\n<blockquote data-testid=\"EmbedTwitter\" id=\"tweet-1992839250526535821-:R3j19lkmcmj9v79m:\" class=\"jsx-aeff1a1c40f54d7a twitter-tweet flex justify-center items-center\"><p>I spoke with  @ZelenskyyUa this morning. I welcome the progress made at yesterday\u2019s meetings between US and Ukraine in Geneva.  The negotiations were a step forward, but there are still major issues which remain to be resolved.  Any decision falling in the remit of EU or NATO\u2026 \u2014 Alexander Stubb (@alexstubb)  November 24, 2025<\/p><\/blockquote>\n<p>\u00ab\u00a0UN PAS EN AVANT SIGNIFICATIF\u00a0\u00bb VERS LA PAIX07:52<\/p>\n<p>Un \u00ab\u00a0futur accord\u00a0\u00bb de paix pour mettre fin \u00e0 la guerre \u00ab\u00a0devra pleinement respecter la souverainet\u00e9\u00a0\u00bb de l&rsquo;Ukraine, ont convenu Washington et Kiev. \u00c0 l&rsquo;issue de pourparlers \u00ab\u00a0constructifs\u00a0\u00bb, \u00ab\u00a0une nouvelle version, affin\u00e9e\u00a0\u00bb d&rsquo;un cadre de paix a \u00e9t\u00e9 \u00ab\u00a0r\u00e9dig\u00e9e\u00a0\u00bb. Celle-ci devra \u00eatre approuv\u00e9e par le Kremlin.<\/p>\n<p>International<img decoding=\"async\" src=\"https:\/\/www.europesays.com\/fr\/wp-content\/uploads\/2025\/11\/andrii-iermak-marco-rubio-suisse-23-novembre-d2fe3d-0@1x.jpeg\" alt=\"Les \u00c9tats-Unis et l'Ukraine ont r\u00e9dig\u00e9 une version &quot;affin\u00e9e&quot; du plan de paix de Trump\" loading=\"lazy\" importance=\"low\" fetchpriority=\"low\" class=\"\" aria-hidden=\"true\"\/>[Vid\u00e9o]Publi\u00e9 aujourd&rsquo;hui \u00e0 7h45&Prime;VERS UNE PAIX JUSTE ET DURABLE\u00a0\u00bb07:45<\/p>\n<p>\u00ab\u00a0Notre premi\u00e8re s\u00e9ance avec l&rsquo;\u00e9minente d\u00e9l\u00e9gation am\u00e9ricaine a \u00e9t\u00e9 tr\u00e8s productive\u00a0\u00bb, a salu\u00e9 sur X dimanche soir le chef de la d\u00e9l\u00e9gation ukrainienne, Andrii Iermak, \u00e0 l&rsquo;issue des pourparlers men\u00e9s \u00e0 Gen\u00e8ve avec les \u00c9tats-Unis. \u00ab\u00a0Nous avons r\u00e9alis\u00e9 d&rsquo;excellents progr\u00e8s et nous nous dirigeons vers une paix juste et durable. Le peuple ukrainien m\u00e9rite et d\u00e9sire cette paix plus que quiconque.\u00a0\u00bb<\/p>\n<blockquote data-testid=\"EmbedTwitter\" id=\"tweet-1992642339202822441-:R3j39lkmcmj9v79m:\" class=\"jsx-aeff1a1c40f54d7a twitter-tweet flex justify-center items-center\"><p>\ud83c\uddfa\ud83c\udde6\ud83c\uddfa\ud83c\uddf8 The first session of talks with the American delegation in Geneva has just concluded. I want to confirm that we had a very productive first session with the distinguished American delegation. We have made very good progress and are moving forward to a just and lasting peace.\u2026  pic.twitter.com\/h322sQ4n21 \u2014 Andriy Yermak (@AndriyYermak)  November 23, 2025<\/p><\/blockquote>\n<p>ZELENSKY SALUE \u00ab\u00a0UNE DIPLOMATIE RELANC\u00c9E\u00a0\u00bb07:42<\/p>\n<p>\u00ab\u00a0Il est essentiel de veiller \u00e0 ce que les mesures prises pour mettre fin \u00e0 la guerre soient efficaces et r\u00e9alisables. L&rsquo;Ukraine n&rsquo;a jamais souhait\u00e9 la guerre et nous ne serons jamais un obstacle \u00e0 la paix\u00a0\u00bb, a rappel\u00e9 dimanche soir Volodymyr Zelensky dans son adresse quotidienne. \u00ab\u00a0La diplomatie a \u00e9t\u00e9 relanc\u00e9e, et c&rsquo;est une bonne chose. Nous esp\u00e9rons que les r\u00e9sultats obtenus d\u00e9boucheront sur les mesures appropri\u00e9es. La priorit\u00e9 absolue est une paix durable, une s\u00e9curit\u00e9 garantie, le respect de notre peuple et le respect d\u00fb \u00e0 tous ceux qui ont donn\u00e9 leur vie pour d\u00e9fendre l&rsquo;Ukraine contre l&rsquo;agression russe.\u00a0\u00bb<\/p>\n<blockquote data-testid=\"EmbedTwitter\" id=\"tweet-1992689801045176811-:R3j49lkmcmj9v79m:\" class=\"jsx-aeff1a1c40f54d7a twitter-tweet flex justify-center items-center\"><p>Everyone is offering support, giving advice, providing information \u2014 and I am grateful to each and every person who is giving this help to us, to Ukraine. It is important to ensure that the steps to end the war are effective, and that everything is doable. Ukraine has never\u2026  pic.twitter.com\/9PVteak2aA \u2014 Volodymyr Zelenskyy \/ \u0412\u043e\u043b\u043e\u0434\u0438\u043c\u0438\u0440 \u0417\u0435\u043b\u0435\u043d\u0441\u044c\u043a\u0438\u0439 (@ZelenskyyUa)  November 23, 2025<\/p><\/blockquote>\n<p>RUBIO PARLE \u00ab\u00a0D&rsquo;\u00c9NORMES PROGR\u00c8S\u00a0\u00bb07:39<\/p>\n<p>\u00ab\u00a0Nous avons fait d&rsquo;\u00e9normes progr\u00e8s\u00a0\u00bb, s&rsquo;est f\u00e9licit\u00e9 le secr\u00e9taire d&rsquo;\u00c9tat am\u00e9ricain, Marco Rubio, dimanche soir \u00e0 l&rsquo;issue des pourparlers, estimant que \u00ab\u00a0les points qui restent en suspens ne sont pas insurmontables\u00a0\u00bb. Il a m\u00eame laiss\u00e9 la porte ouverte \u00e0 un d\u00e9lai au-del\u00e0 de jeudi, jour de la f\u00eate de Thanksgiving, fix\u00e9 par Donald Trump comme date butoir pour obtenir une r\u00e9ponse \u00e0 son plan de paix.<\/p>\n<p>4 MORTS DANS UNE ATTAQUE RUSSE \u00c0 KHARKIV06:55<\/p>\n<p>Une attaque russe nocturne sur la ville ukrainienne de Kharkiv, la deuxi\u00e8me plus peupl\u00e9e du pays avant l&rsquo;invasion lanc\u00e9e par Moscou en f\u00e9vrier 2022, a fait quatre morts et 17 bless\u00e9s. \u00ab\u00a0On d\u00e9nombre 17 bless\u00e9s. Quatre personnes ont trouv\u00e9 la mort\u00a0\u00bb, a d\u00e9clar\u00e9 Igor Terekhov, maire de cette ville proche de la fronti\u00e8re russe, dans la nuit de dimanche \u00e0 lundi. \u00ab\u00a0Malgr\u00e9 les n\u00e9gociations\u00a0\u00bb de paix concernant l&rsquo;Ukraine, \u00ab\u00a0les troupes russes ont attaqu\u00e9 (&#8230;) des immeubles d&rsquo;habitation\u00a0\u00bb, a-t-il d\u00e9plor\u00e9.<\/p>\n<p>\u00ab\u00a0UNE NOUVELLE VERSION\u00a0\u00bb DE L&rsquo;ACCORD \u00ab\u00a0R\u00c9DIG\u00c9E\u00a0\u00bb06:52<\/p>\n<p>\u00ab\u00a0Les pourparlers ont \u00e9t\u00e9 constructifs, concentr\u00e9s sur l&rsquo;objectif et respectueux, insistant sur l&rsquo;engagement commun de parvenir \u00e0 une paix juste et durable\u00a0\u00bb, a \u00e9crit la Maison Blanche dans un communiqu\u00e9 commun avec la d\u00e9l\u00e9gation ukrainienne pr\u00e9sente \u00e0 Gen\u00e8ve pour discuter du plan de paix de Trump. Les deux parties \u00ab\u00a0ont r\u00e9affirm\u00e9 que tout futur accord devra pleinement respecter la souverainet\u00e9 de l&rsquo;Ukraine\u00a0\u00bb, selon ce bref texte, qui pr\u00e9cise qu&rsquo;\u00e0 l&rsquo;issue de leurs discussions, les \u00c9tats-Unis et l&rsquo;Ukraine avaient \u00ab\u00a0r\u00e9dig\u00e9 une nouvelle version, affin\u00e9e, d&rsquo;un cadre (pour un accord) de paix\u00a0\u00bb.<\/p>\n<p>\u00ab\u00a0FUTUR ACCORD\u00a0\u00bb SOUS CONDITIONS06:36<\/p>\n<p>Les \u00c9tats-Unis et l&rsquo;Ukraine ont affirm\u00e9 dans la nuit de dimanche \u00e0 lundi qu&rsquo;un \u00ab\u00a0futur accord\u00a0\u00bb de paix pour mettre fin au conflit avec la Russie \u00ab\u00a0devra pleinement respecter la souverainet\u00e9\u00a0\u00bb de Kiev, \u00e0 l&rsquo;issue de pourparlers \u00ab\u00a0constructifs\u00a0\u00bb \u00e0 Gen\u00e8ve entre Am\u00e9ricains, Ukrainiens et Europ\u00e9ens.<\/p>\n<p>La Maison Blanche a salu\u00e9 ces discussions en Suisse, en pr\u00e9sence du secr\u00e9taire d&rsquo;\u00c9tat am\u00e9ricain, Marco Rubio, qui ont constitu\u00e9 \u00ab\u00a0un pas en avant significatif\u00a0\u00bb vers un r\u00e8glement de paix dans ce pays europ\u00e9en en guerre. Le chef de la diplomatie am\u00e9ricaine s&rsquo;\u00e9tait dit auparavant \u00ab\u00a0tr\u00e8s optimiste\u00a0\u00bb sur la possibilit\u00e9 de conclure \u00ab\u00a0tr\u00e8s vite\u00a0\u00bb un accord, m\u00eame si de nombreuses inconnues demeurent.<\/p>\n<p>BONJOUR06:35<\/p>\n<p>Bienvenue dans ce direct consacr\u00e9 \u00e0 la guerre en Ukraine. Retrouvez ici les moments marquants et les images fortes autour du conflit qui a d\u00e9but\u00e9 le 24 f\u00e9vrier 2022 avec l&rsquo;invasion du pays par la Russie.\u00a0<\/p>\n<p data-module=\"article-paragraph\" class=\"jsx-3046738180 Paragraph Paragraph__End\">Le secr\u00e9taire d&rsquo;\u00c9tat am\u00e9ricain Marco Rubio s&rsquo;est dit dimanche \u00ab\u00a0tr\u00e8s optimiste\u00a0\u00bb sur la possibilit\u00e9 de conclure \u00ab\u00a0tr\u00e8s vite\u00a0\u00bb un accord sur l&rsquo;Ukraine, apr\u00e8s une journ\u00e9e de pourparlers \u00e0 Gen\u00e8ve avec des responsables ukrainiens et europ\u00e9ens. Ces discussions se tenaient sur la base du projet de plan en 28 points de Donald Trump visant \u00e0 mettre fin au conflit provoqu\u00e9 par pr\u00e8s de quatre ans d&rsquo;invasion russe.\u00a0<\/p>\n<p data-module=\"article-paragraph\" class=\"jsx-3046738180 Paragraph Paragraph__End\">Les pourparlers de dimanche sont d\u00e9sormais officiellement clos, mais de nombreuses inconnues demeurent. \u00ab\u00a0Nous avons fait d&rsquo;\u00e9normes progr\u00e8s\u00a0\u00bb et \u00ab\u00a0je peux vous dire que les points qui restent en suspens ne sont pas insurmontables. Nous avons simplement besoin de plus de temps\u00a0\u00bb, a d\u00e9clar\u00e9 Rubio aux journalistes, sans donner plus de pr\u00e9cision. Il a rappel\u00e9 que les Russes auront \u00ab\u00a0leur mot \u00e0 dire\u00a0\u00bb.<\/p>\n<p><a href=\"https:\/\/www.tf1info.fr\/international\/en-direct-guerre-ukraine-russie-plan-trump-zelensky-poutine-les-dernieres-actualites-aujourd-hui-samedi-22-novembre-2025-2408224.html\" rel=\"noopener\" class=\"jsx-3308031228 Link flex\" target=\"_blank\"><img decoding=\"async\" src=\"https:\/\/www.europesays.com\/fr\/wp-content\/uploads\/2025\/11\/emmanuel-macron-cop30-ce1d41-0@1x.jpeg\" alt=\"lci\" loading=\"lazy\" importance=\"low\" fetchpriority=\"low\" class=\"\" aria-hidden=\"true\"\/><\/p>\n<p class=\"jsx-3657663356 ReadMoreArticle__Title\">Lire aussi<\/p>\n<p class=\"jsx-3657663356\">Ukraine : sans \u00ab\u00a0\u00e9l\u00e9ments de dissuasion\u00a0\u00bb dans un plan de paix \u00ab\u00a0les Russes reviendront\u00a0\u00bb, estime Macron<\/p>\n<p><\/a><\/p>\n<p data-module=\"article-paragraph\" class=\"jsx-3046738180 Paragraph\">Le n\u00e9gociateur ukrainien Andri\u00ef Iermak, bras droit du pr\u00e9sident ukrainien, a \u00e9galement fait \u00e9tat \u00ab\u00a0de tr\u00e8s bons progr\u00e8s\u00a0\u00bb, apr\u00e8s que Volodymyr Zelensky a indiqu\u00e9 que la nouvelle version du plan am\u00e9ricain refl\u00e9tait \u00ab\u00a0d\u00e9j\u00e0 la plupart des priorit\u00e9s cl\u00e9s\u00a0\u00bb de Kiev. Le pr\u00e9sident am\u00e9ricain avait donn\u00e9 jusqu&rsquo;au 27 novembre \u00e0 son homologue ukrainien pour donner une r\u00e9ponse, avant d&rsquo;indiquer samedi que ce plan ne constituait pas sa \u00ab\u00a0derni\u00e8re offre\u00a0\u00bb.\u00a0<\/p>\n<p data-module=\"article-paragraph\" class=\"jsx-3046738180 Paragraph Paragraph__End\">Rubio a \u00e9galement laiss\u00e9 entendre dimanche qu&rsquo;il y avait une certaine souplesse quant au calendrier : \u00ab\u00a0Nous nous voulons que cela soit fait le plus rapidement possible. \u00c9videmment, nous aimerions que ce soit jeudi\u00a0\u00bb.\u00a0<\/p>\n<p>La r\u00e9daction de TF1info<\/p>\n<p><script async src=\"https:\/\/platform.twitter.com\/widgets.js\" charset=\"utf-8\"><\/script><\/p>\n","protected":false},"excerpt":{"rendered":"Le secr\u00e9taire d&rsquo;\u00c9tat am\u00e9ricain Marco Rubio s&rsquo;est dit dimanche \u00ab\u00a0tr\u00e8s optimiste\u00a0\u00bb sur la possibilit\u00e9 de conclure \u00ab\u00a0tr\u00e8s vite\u00a0\u00bb&hellip;\n","protected":false},"author":2,"featured_media":555063,"comment_status":"","ping_status":"","sticky":false,"template":"","format":"standard","meta":{"footnotes":""},"categories":[1590],"tags":[1111,11,1921,75,73,1777,674,1922,12,132,220,1917,133,1920,134],"class_list":{"0":"post-555062","1":"post","2":"type-post","3":"status-publish","4":"format-standard","5":"has-post-thumbnail","7":"category-ukraine","8":"tag-actu","9":"tag-actualites","10":"tag-article-video","11":"tag-donald-trump","12":"tag-etats-unis","13":"tag-eu","14":"tag-europe","15":"tag-info","16":"tag-news","17":"tag-russie","18":"tag-ukraine","19":"tag-ukraine-4-annee-de-guerre","20":"tag-video","21":"tag-video-international","22":"tag-volodymyr-zelensky"},"share_on_mastodon":{"url":"https:\/\/pubeurope.com\/@fr\/115603854768078012","error":""},"_links":{"self":[{"href":"https:\/\/www.europesays.com\/fr\/wp-json\/wp\/v2\/posts\/555062","targetHints":{"allow":["GET"]}}],"collection":[{"href":"https:\/\/www.europesays.com\/fr\/wp-json\/wp\/v2\/posts"}],"about":[{"href":"https:\/\/www.europesays.com\/fr\/wp-json\/wp\/v2\/types\/post"}],"author":[{"embeddable":true,"href":"https:\/\/www.europesays.com\/fr\/wp-json\/wp\/v2\/users\/2"}],"replies":[{"embeddable":true,"href":"https:\/\/www.europesays.com\/fr\/wp-json\/wp\/v2\/comments?post=555062"}],"version-history":[{"count":0,"href":"https:\/\/www.europesays.com\/fr\/wp-json\/wp\/v2\/posts\/555062\/revisions"}],"wp:featuredmedia":[{"embeddable":true,"href":"https:\/\/www.europesays.com\/fr\/wp-json\/wp\/v2\/media\/555063"}],"wp:attachment":[{"href":"https:\/\/www.europesays.com\/fr\/wp-json\/wp\/v2\/media?parent=555062"}],"wp:term":[{"taxonomy":"category","embeddable":true,"href":"https:\/\/www.europesays.com\/fr\/wp-json\/wp\/v2\/categories?post=555062"},{"taxonomy":"post_tag","embeddable":true,"href":"https:\/\/www.europesays.com\/fr\/wp-json\/wp\/v2\/tags?post=555062"}],"curies":[{"name":"wp","href":"https:\/\/api.w.org\/{rel}","templated":true}]}}