{"id":555068,"date":"2025-11-24T09:02:17","date_gmt":"2025-11-24T09:02:17","guid":{"rendered":"https:\/\/www.europesays.com\/fr\/555068\/"},"modified":"2025-11-24T09:02:17","modified_gmt":"2025-11-24T09:02:17","slug":"une-europe-spatiale-tiraillee-entre-france-et-allemagne","status":"publish","type":"post","link":"https:\/\/www.europesays.com\/fr\/555068\/","title":{"rendered":"Une Europe spatiale tiraill\u00e9e entre France et Allemagne"},"content":{"rendered":"<p>La pression budg\u00e9taire sur l\u2019industrie spatiale fran\u00e7aise face \u00e0 l\u2019offensive allemande<\/p>\n<p>Alors que l\u2019Allemagne investit fortement dans les activit\u00e9s spatiales, la France, moteur historique du secteur en Europe, se retrouve en difficult\u00e9 pour suivre un tel rythme en raison de marges de man\u0153uvre budg\u00e9taires limit\u00e9es. La mise en sc\u00e8ne par l\u2019Elys\u00e9e, lundi 17 novembre, d\u2019annonces d\u2019investissements d\u2019entreprises fran\u00e7aises n\u2019a pas dissip\u00e9 les d\u00e9sillusions de la r\u00e9industrialisation du pays ni les tensions persistantes dans plusieurs fili\u00e8res comme l\u2019automobile ou l\u2019acier. L\u2019industrie spatiale, d\u00e9pendante des commandes publiques civiles et militaires, suscite des inqui\u00e9tudes sur son avenir.<\/p>\n<p>Cette visibilit\u00e9 accrue est intervenue le mercredi 12 novembre lorsque le chef de l\u2019\u00c9tat a pr\u00e9sent\u00e9 une nouvelle strat\u00e9gie nationale spatiale. Emmanuel Macron s\u2019est engag\u00e9 \u00e0 augmenter le budget des activit\u00e9s spatiales de d\u00e9fense \u00e0 10,2 milliards d\u2019euros jusqu\u2019en 2030, contre 6 milliards annonc\u00e9s initialement, tout en promettant \u00ab plus de 16 milliards d\u2019euros pour le spatial fran\u00e7ais civil, en incluant les activit\u00e9s duales \u00bb. Une annonce destin\u00e9e \u00e0 encourager un secteur en difficult\u00e9 et distanc\u00e9 par les Etats-Unis et la Chine, aussi bien dans les technologies de lanceurs que dans les constellations de satellites en orbite basse.<\/p>\n<p>Malgr\u00e9 cette promesse, l\u2019effort fran\u00e7ais reste tr\u00e8s inf\u00e9rieur \u00e0 celui de l\u2019Allemagne. Berlin pr\u00e9voit de consacrer 35 milliards d\u2019euros aux seules activit\u00e9s spatiales de d\u00e9fense sur la m\u00eame p\u00e9riode, soit 3,5 fois plus que la France en incluant sa rallonge potentielle. Cet \u00e9cart budg\u00e9taire important signale un bouleversement des \u00e9quilibres spatiaux europ\u00e9ens et fragilise une industrie fran\u00e7aise qui repr\u00e9sente pourtant pr\u00e8s de 40 pour cent des emplois du secteur en Europe.<\/p>\n<p>Une recomposition europ\u00e9enne acc\u00e9l\u00e9r\u00e9e par la transition annonc\u00e9e de l\u2019ISS<\/p>\n<p>Ce basculement se produit alors que la sc\u00e8ne spatiale mondiale s\u2019appr\u00eate \u00e0 vivre une transition majeure. La Station spatiale internationale, entr\u00e9e en service en 2000, approche de la fin de son cycle. La Nasa pr\u00e9voit de la d\u00e9sorbiter en 2031 et a confi\u00e9 \u00e0 SpaceX un contrat de pr\u00e8s de 850 millions de dollars pour concevoir le United States Deorbit Vehicle, qui conduira l\u2019ISS au contact de l\u2019atmosph\u00e8re avant sa destruction. Les d\u00e9bris restants rejoindront la zone isol\u00e9e du Pacifique connue sous le nom de point Nemo. Quatre agences priv\u00e9es am\u00e9ricaines ambitionnent de succ\u00e9der \u00e0 l\u2019ISS, mais cette transition demeure incertaine.<\/p>\n<p>Cette \u00e9volution du paysage mondial accentue les enjeux europ\u00e9ens, au moment o\u00f9 l\u2019\u00e9quilibre interne se modifie entre France et Allemagne. Les rapports de force budg\u00e9taires influencent directement la capacit\u00e9 des industriels \u00e0 s\u2019imposer dans les futurs programmes spatiaux de l\u2019Union europ\u00e9enne, essentiels pour leurs activit\u00e9s et pour la souverainet\u00e9 technologique du continent.<\/p>\n<p>La France en qu\u00eate d\u2019une position solide avant le sommet de l\u2019ESA<\/p>\n<p>\u00c0 l\u2019approche du sommet de l\u2019Agence spatiale europ\u00e9enne de Br\u00eame, la France tente de pr\u00e9server son rang tout en composant avec les ambitions allemandes. Emmanuel Macron a appel\u00e9 \u00e0 maintenir un niveau d\u2019engagement \u00e0 la hauteur du leadership fran\u00e7ais. Selon les n\u00e9gociations en cours, la contribution fran\u00e7aise pour le budget triennal 2026-2028 devrait atteindre 3,5 \u00e0 3,6 milliards d\u2019euros. Ce montant, jug\u00e9 maximal par l\u2019\u00c9tat, est consid\u00e9r\u00e9 comme un minimum par les industriels du secteur qui r\u00e9clament 4,5 milliards d\u2019euros.<\/p>\n<p>Une l\u00e9g\u00e8re hausse pourrait \u00eatre obtenue gr\u00e2ce \u00e0 l\u2019utilisation de reliquats financiers non d\u00e9pens\u00e9s par l\u2019ESA, permettant \u00e0 Paris de d\u00e9passer l\u00e9g\u00e8rement les quatre milliards d\u2019euros si les hypoth\u00e8ses budg\u00e9taires pour 2027 et 2028 sont jug\u00e9es suffisamment solides. Cette enveloppe couvrirait notamment l\u2019exploration spatiale, conform\u00e9ment aux orientations pr\u00e9sidentielles.<\/p>\n<p>Les discussions ont d\u2019abord envisag\u00e9 des montants inf\u00e9rieurs, entre 2,7 milliards d\u00e9fendus par le CNES et 3,3 milliards. Une campagne men\u00e9e par les grands industriels \u00e0 l\u2019automne a contribu\u00e9 \u00e0 relever les ambitions fran\u00e7aises afin de garantir le financement des programmes en cours, dont 1,8 milliard d\u2019euros destin\u00e9s \u00e0 la fili\u00e8re lanceur. Le minist\u00e8re des Arm\u00e9es, qui a renonc\u00e9 au troisi\u00e8me satellite Syracuse 4C au profit du programme IRIS\u00b2, pourrait \u00e9galement appuyer modestement la future constellation europ\u00e9enne soutenue par l\u2019ESA.<\/p>\n<p>Malgr\u00e9 cet effort, la France reste loin de l\u2019engagement annonc\u00e9 par l\u2019Allemagne, qui vise au moins cinq milliards d\u2019euros lors de la prochaine conf\u00e9rence minist\u00e9rielle. L\u2019Italie pourrait atteindre quatre milliards gr\u00e2ce au plan de relance europ\u00e9en de 2020, tandis que la Grande-Bretagne envisage une contribution d\u2019environ 2,5 milliards. Dans ce contexte mouvant, la France doit d\u00e9fendre sa position dans un paysage spatial europ\u00e9en o\u00f9 les ambitions nationales s\u2019affirment et o\u00f9 les rapports de force se r\u00e9ajustent en permanence.<\/p>\n<p>\u200d<\/p>\n<p>Source : <a href=\"https:\/\/www.lemonde.fr\/idees\/article\/2025\/11\/17\/l-industrie-spatiale-francaise-est-menacee-de-perdre-son-leadership-historique-en-europe_6653694_3232.html\" target=\"_blank\" rel=\"noopener\">Le Monde<\/a>, <a href=\"https:\/\/www.latribune.fr\/article\/defense-aerospatiale\/spatial\/10382836484948\/la-france-en-ordre-de-bataille-pour-le-sommet-de-lagence-spatiale-europeenne\" target=\"_blank\" rel=\"noopener\">La Tribune<\/a>, <a href=\"https:\/\/www.challenges.fr\/entreprise\/aeronautique\/apres-liss-quelle-station-pour-lhumanite-lindustrie-spatiale-plonge-dans-linconnu_631423\" target=\"_blank\" rel=\"noopener\">Challenges<\/a><\/p>\n","protected":false},"excerpt":{"rendered":"La pression budg\u00e9taire sur l\u2019industrie spatiale fran\u00e7aise face \u00e0 l\u2019offensive allemande Alors que l\u2019Allemagne investit fortement dans les&hellip;\n","protected":false},"author":2,"featured_media":555069,"comment_status":"","ping_status":"","sticky":false,"template":"","format":"standard","meta":{"footnotes":""},"categories":[1587],"tags":[11,672,1804,1805,1803,1777,674,1801,12,1802],"class_list":{"0":"post-555068","1":"post","2":"type-post","3":"status-publish","4":"format-standard","5":"has-post-thumbnail","7":"category-allemagne","8":"tag-actualites","9":"tag-allemagne","10":"tag-bundesrepublik-deutschland","11":"tag-de","12":"tag-deutschland","13":"tag-eu","14":"tag-europe","15":"tag-germany","16":"tag-news","17":"tag-republique-federale-dallemagne"},"share_on_mastodon":{"url":"https:\/\/pubeurope.com\/@fr\/115603868727299009","error":""},"_links":{"self":[{"href":"https:\/\/www.europesays.com\/fr\/wp-json\/wp\/v2\/posts\/555068","targetHints":{"allow":["GET"]}}],"collection":[{"href":"https:\/\/www.europesays.com\/fr\/wp-json\/wp\/v2\/posts"}],"about":[{"href":"https:\/\/www.europesays.com\/fr\/wp-json\/wp\/v2\/types\/post"}],"author":[{"embeddable":true,"href":"https:\/\/www.europesays.com\/fr\/wp-json\/wp\/v2\/users\/2"}],"replies":[{"embeddable":true,"href":"https:\/\/www.europesays.com\/fr\/wp-json\/wp\/v2\/comments?post=555068"}],"version-history":[{"count":0,"href":"https:\/\/www.europesays.com\/fr\/wp-json\/wp\/v2\/posts\/555068\/revisions"}],"wp:featuredmedia":[{"embeddable":true,"href":"https:\/\/www.europesays.com\/fr\/wp-json\/wp\/v2\/media\/555069"}],"wp:attachment":[{"href":"https:\/\/www.europesays.com\/fr\/wp-json\/wp\/v2\/media?parent=555068"}],"wp:term":[{"taxonomy":"category","embeddable":true,"href":"https:\/\/www.europesays.com\/fr\/wp-json\/wp\/v2\/categories?post=555068"},{"taxonomy":"post_tag","embeddable":true,"href":"https:\/\/www.europesays.com\/fr\/wp-json\/wp\/v2\/tags?post=555068"}],"curies":[{"name":"wp","href":"https:\/\/api.w.org\/{rel}","templated":true}]}}